{"id":13887,"date":"2026-05-01T02:29:25","date_gmt":"2026-04-30T22:59:25","guid":{"rendered":"https:\/\/fajr.news\/?p=13887"},"modified":"2026-05-01T02:29:25","modified_gmt":"2026-04-30T22:59:25","slug":"trumpin-kustah-isimlendirme-cabasi-ortadogudaki-stratejik-bogazi-trump-bogazi-yapmak-istiyor","status":"publish","type":"post","link":"https:\/\/fajr.news\/?p=13887&lang=tr","title":{"rendered":"Trump&#8217;\u0131n K\u00fcstah \u0130simlendirme \u00c7abas\u0131: Ortado\u011fu&#8217;daki Stratejik Bo\u011faz\u0131 &#8216;Trump Bo\u011faz\u0131&#8217; Yapmak \u0130stiyor"},"content":{"rendered":"<p>Eski ABD Ba\u015fkan\u0131 Donald Trump&#8217;\u0131n, Ortado\u011fu&#8217;nun hayati ge\u00e7i\u015f noktalar\u0131ndan birine kendi ad\u0131n\u0131 verme iste\u011fi, uluslararas\u0131 kamuoyunda <strong>b\u00fcy\u00fck tepkiyle<\/strong> kar\u015f\u0131land\u0131. Trump, H\u00fcrm\u00fcz Bo\u011faz\u0131&#8217;n\u0131 &#8220;Trump Bo\u011faz\u0131&#8221; olarak adland\u0131rma arzusunu bir kez daha dile getirerek, b\u00f6lgedeki gerilimi t\u0131rmand\u0131rma potansiyeli ta\u015f\u0131yan yeni bir tart\u0131\u015fma ba\u015flatt\u0131.<\/p>\n<h2><span style=\"color:#c0392b\">Trump&#8217;\u0131n Megalomanisi ve B\u00f6lgesel Gerilimler<\/span><\/h2>\n<p>79 ya\u015f\u0131ndaki eski ba\u015fkan, \u00c7ar\u015famba gecesi Truth Social platformunda payla\u015ft\u0131\u011f\u0131, yapay zeka taraf\u0131ndan olu\u015fturuldu\u011fu anla\u015f\u0131lan bir haritada, \u0130ran ile Umman aras\u0131ndaki deniz yolunu &#8220;Trump Bo\u011faz\u0131&#8221; olarak etiketledi. Bu hamle, Trump&#8217;\u0131n kendi ismini her yere verme tak\u0131nt\u0131s\u0131n\u0131n yeni bir g\u00f6stergesi olarak yorumland\u0131.<\/p>\n<p><strong>H\u00fcrm\u00fcz Bo\u011faz\u0131<\/strong>, d\u00fcnya deniz petrol ticaretinin yakla\u015f\u0131k %25&#8217;inin ge\u00e7ti\u011fi, g\u00fcnde 20 milyon varilden fazla petrol ve ham petrol\u00fcn ta\u015f\u0131nd\u0131\u011f\u0131 <em>stratejik \u00f6neme sahip<\/em> bir ge\u00e7ittir. Ancak Trump&#8217;\u0131n \u0130ran&#8217;a kar\u015f\u0131 y\u00fcr\u00fctt\u00fc\u011f\u00fc &#8220;sava\u015f&#8221; politikalar\u0131 nedeniyle bu hayati g\u00fczergah b\u00fcy\u00fck \u00f6l\u00e7\u00fcde kapat\u0131lm\u0131\u015f, bu da k\u00fcresel petrol k\u0131tl\u0131\u011f\u0131na ve Brent ham petrol fiyatlar\u0131n\u0131n varil ba\u015f\u0131na 125 dolar\u0131n \u00fczerine \u00e7\u0131kmas\u0131na neden olmu\u015ftur. Bu durum, ABD genelinde ortalama benzin fiyatlar\u0131n\u0131n galon ba\u015f\u0131na 4.30 dolara y\u00fckselmesiyle sonu\u00e7lanm\u0131\u015ft\u0131r.<\/p>\n<h2><span style=\"color:#c0392b\">Provokatif A\u00e7\u0131klamalar ve Uluslararas\u0131 Tepkiler<\/span><\/h2>\n<p>Kaliforniya Valisi Gavin Newsom gibi isimler, Trump&#8217;\u0131n bu fikrini alayc\u0131 bir dille ele\u015ftirerek, &#8220;Ham petrol \u015fu anda varil ba\u015f\u0131na 120 dolar ve y\u00fckseliyor. Amerikal\u0131lar giderek daha y\u00fcksek fiyatlar \u00f6d\u00fcyor. Ba\u015fkan Trump neden Trump Bo\u011faz\u0131&#8217;n\u0131 a\u00e7m\u0131yor!?&#8221; ifadelerini kulland\u0131.<\/p>\n<p>Trump, Mart ay\u0131nda yapt\u0131\u011f\u0131 a\u00e7\u0131klamalarda da bu ge\u00e7i\u015f yolunu &#8220;Trump Bo\u011faz\u0131&#8221; olarak adland\u0131rm\u0131\u015f, ard\u0131ndan &#8220;\u00d6z\u00fcr dilerim, \u00e7ok k\u00f6t\u00fc bir hata&#8221; dese de, &#8220;Yalan Haberler &#8216;yanl\u0131\u015fl\u0131kla s\u00f6yledi&#8217; diyecek. Hay\u0131r, bende kaza diye bir \u015fey yoktur, \u00e7ok fazla de\u011fil. Olsa b\u00fcy\u00fck bir haber olurdu&#8221; diyerek niyetini a\u00e7\u0131k\u00e7a belli etmi\u015fti. Bu t\u00fcr a\u00e7\u0131klamalar, onun <strong>b\u00f6lgedeki istikrars\u0131zl\u0131\u011f\u0131 k\u00f6r\u00fckleme<\/strong> \u00e7abalar\u0131n\u0131n bir par\u00e7as\u0131 olarak g\u00f6r\u00fcl\u00fcyor.<\/p>\n<h2><span style=\"color:#c0392b\">\u0130sim Tak\u0131nt\u0131s\u0131: Bir Emperyalist Zihniyetin Yans\u0131mas\u0131<\/span><\/h2>\n<p>Ba\u015fkanl\u0131k \u00f6ncesinde emlak, golf sahalar\u0131, votka, biftek, \u015fi\u015felenmi\u015f su ve hatta kendi \u00fcniversitesine ad\u0131n\u0131 veren Trump, ikinci d\u00f6neminin ba\u015f\u0131ndan bu yana Kennedy Merkezi ve ABD Bar\u0131\u015f Enstit\u00fcs\u00fc gibi \u00e7ok say\u0131da devlet m\u00fclk\u00fcne de kendi ad\u0131n\u0131 vermi\u015ftir. Ayr\u0131ca para birimleri, an\u0131tlar ve askeri te\u00e7hizat \u00fczerine de ad\u0131n\u0131 eklemi\u015f, &#8220;Trump S\u0131n\u0131f\u0131 Sava\u015f Gemileri&#8221; in\u015fa etme planlar\u0131 yapm\u0131\u015ft\u0131r.<\/p>\n<p>Ocak ay\u0131nda New York&#8217;taki Penn \u0130stasyonu ve Washington&#8217;daki Dulles Uluslararas\u0131 Havaliman\u0131&#8217;n\u0131n kendi ad\u0131yla yeniden adland\u0131r\u0131lmas\u0131 fikrini ortaya atan Trump, bu ay Florida&#8217;da Palm Beach Uluslararas\u0131 Havaliman\u0131&#8217;n\u0131n ad\u0131n\u0131n Trump olarak de\u011fi\u015ftirilmesini \u00f6ng\u00f6ren bir yasa tasar\u0131s\u0131n\u0131n kabul edilmesini sa\u011flam\u0131\u015ft\u0131r. Bu de\u011fi\u015fimin maliyetinin 5.5 milyon dolar\u0131 bulaca\u011f\u0131 belirtiliyor.<\/p>\n<p>\u00dclkenin 250. y\u0131ld\u00f6n\u00fcm\u00fc \u00f6ncesinde Trump&#8217;\u0131n portresini ta\u015f\u0131yan s\u0131n\u0131rl\u0131 say\u0131da ABD pasaportu ve George Washington&#8217;\u0131n yan\u0131 s\u0131ra Trump&#8217;\u0131n portresini i\u00e7eren ulusal park ge\u00e7i\u015f kartlar\u0131 da tasarlanm\u0131\u015ft\u0131r. Bu ge\u00e7i\u015f kartlar\u0131, Ulusal Park Hizmetleri&#8217;nin al\u0131\u015f\u0131lagelmi\u015f manzara resimlerinin yerini alm\u0131\u015f, hatta bir dava ve sosyal medyada Trump&#8217;\u0131n y\u00fcz\u00fcn\u00fc kapatma hareketi ba\u015flatm\u0131\u015ft\u0131r.<\/p>\n<p>Trump&#8217;\u0131n imzas\u0131n\u0131n \u00fclkenin 250. y\u0131ld\u00f6n\u00fcm\u00fcn\u00fc kutlamak amac\u0131yla ABD ka\u011f\u0131t paralar\u0131nda da yer alaca\u011f\u0131 bildiriliyor. Bu, 165 y\u0131ld\u0131r g\u00f6revdeki bir ba\u015fkan\u0131n ad\u0131n\u0131n Amerikan para biriminde ilk kez yer almas\u0131 anlam\u0131na gelecektir.<\/p>\n<p>Trump ayr\u0131ca, Amerikal\u0131lar\u0131n daha d\u00fc\u015f\u00fck fiyatl\u0131 re\u00e7eteli ila\u00e7lara eri\u015fmesini sa\u011flayan TrumpRx gibi \u00e7ok say\u0131da devlet program\u0131na da ad\u0131n\u0131 vermi\u015ftir. Y\u00f6netim, &#8220;Tek B\u00fcy\u00fck G\u00fczel Yasa&#8221; kapsam\u0131nda, 1 Ocak 2025 ile 31 Aral\u0131k 2028 tarihleri aras\u0131nda do\u011fan Amerikal\u0131 \u00e7ocuklar i\u00e7in 1.000 dolarl\u0131k federal katk\u0131 i\u00e7eren &#8220;Trump Hesaplar\u0131&#8221;n\u0131 da olu\u015fturmu\u015ftur.<\/p>\n<p>Bu geli\u015fmeler, Trump&#8217;\u0131n <strong>ki\u015fisel egosunu tatmin etme<\/strong> ve kendi imaj\u0131n\u0131 her alana yayma \u00e7abas\u0131n\u0131n, uluslararas\u0131 ili\u015fkilerde ve b\u00f6lgesel g\u00fcvenlikte yaratt\u0131\u011f\u0131 riskleri g\u00f6zler \u00f6n\u00fcne sermektedir. \u00d6zellikle H\u00fcrm\u00fcz Bo\u011faz\u0131 gibi stratejik bir noktaya kendi ad\u0131n\u0131 verme giri\u015fimi, <em>\u0130ran&#8217;a y\u00f6nelik d\u00fc\u015fmanca politikalar\u0131n<\/em> ve b\u00f6lgedeki gerilimin daha da artmas\u0131na zemin haz\u0131rlamaktad\u0131r.<\/p>\n<p>#Trump #H\u00fcrm\u00fczBo\u011faz\u0131 #\u0130ran #ABD #Ortado\u011fu #Petrol #Sava\u015f #Emperyalizm #K\u00fcreselGerilim #SiyonistRejim<\/p>\n","protected":false},"excerpt":{"rendered":"<p>Eski ABD Ba\u015fkan\u0131 Donald Trump&#8217;\u0131n, Ortado\u011fu&#8217;nun hayati ge\u00e7i\u015f noktalar\u0131ndan birine kendi ad\u0131n\u0131 verme iste\u011fi, uluslararas\u0131 kamuoyunda b\u00fcy\u00fck tepkiyle kar\u015f\u0131land\u0131. Trump, H\u00fcrm\u00fcz Bo\u011faz\u0131&#8217;n\u0131 &#8220;Trump Bo\u011faz\u0131&#8221; olarak adland\u0131rma arzusunu bir kez daha dile getirerek, b\u00f6lgedeki gerilimi t\u0131rmand\u0131rma potansiyeli ta\u015f\u0131yan yeni bir tart\u0131\u015fma ba\u015flatt\u0131. Trump&#8217;\u0131n Megalomanisi ve B\u00f6lgesel Gerilimler 79 ya\u015f\u0131ndaki eski ba\u015fkan, \u00c7ar\u015famba gecesi Truth Social platformunda [&hellip;]<\/p>\n","protected":false},"author":2,"featured_media":13888,"comment_status":"open","ping_status":"open","sticky":false,"template":"","format":"standard","meta":{"footnotes":""},"categories":[37],"tags":[],"class_list":["post-13887","post","type-post","status-publish","format-standard","has-post-thumbnail","hentry","category-orta-dogu-haberleri"],"_links":{"self":[{"href":"https:\/\/fajr.news\/index.php?rest_route=\/wp\/v2\/posts\/13887","targetHints":{"allow":["GET"]}}],"collection":[{"href":"https:\/\/fajr.news\/index.php?rest_route=\/wp\/v2\/posts"}],"about":[{"href":"https:\/\/fajr.news\/index.php?rest_route=\/wp\/v2\/types\/post"}],"author":[{"embeddable":true,"href":"https:\/\/fajr.news\/index.php?rest_route=\/wp\/v2\/users\/2"}],"replies":[{"embeddable":true,"href":"https:\/\/fajr.news\/index.php?rest_route=%2Fwp%2Fv2%2Fcomments&post=13887"}],"version-history":[{"count":0,"href":"https:\/\/fajr.news\/index.php?rest_route=\/wp\/v2\/posts\/13887\/revisions"}],"wp:featuredmedia":[{"embeddable":true,"href":"https:\/\/fajr.news\/index.php?rest_route=\/wp\/v2\/media\/13888"}],"wp:attachment":[{"href":"https:\/\/fajr.news\/index.php?rest_route=%2Fwp%2Fv2%2Fmedia&parent=13887"}],"wp:term":[{"taxonomy":"category","embeddable":true,"href":"https:\/\/fajr.news\/index.php?rest_route=%2Fwp%2Fv2%2Fcategories&post=13887"},{"taxonomy":"post_tag","embeddable":true,"href":"https:\/\/fajr.news\/index.php?rest_route=%2Fwp%2Fv2%2Ftags&post=13887"}],"curies":[{"name":"wp","href":"https:\/\/api.w.org\/{rel}","templated":true}]}}