{"id":13829,"date":"2026-05-01T01:00:07","date_gmt":"2026-04-30T21:30:07","guid":{"rendered":"https:\/\/fajr.news\/?p=13829"},"modified":"2026-05-01T01:00:07","modified_gmt":"2026-04-30T21:30:07","slug":"zufi-alexander-luks-cantalar-soz-konusu-oldugunda-orta-dogu-neden-onemli-bir-pazar","status":"publish","type":"post","link":"https:\/\/fajr.news\/?p=13829&lang=tr","title":{"rendered":"Zufi Alexander: L\u00fcks \u00c7antalar S\u00f6z Konusu Oldu\u011funda Orta Do\u011fu Neden \u00d6nemli Bir Pazar?"},"content":{"rendered":"<p>Paris Moda Haftas\u0131&#8217;ndan Beyonc\u00e9&#8217;yi m\u00fc\u015fterileri aras\u0131nda saymaya ve \u015fimdi Orta Do\u011fu&#8217;da cesur yeni bir b\u00f6l\u00fcme kadar \u2013 Zufi Alexander, yeni \u00e7antas\u0131 Thee Other Bag&#8217;i tan\u0131t\u0131yor, moda teknolojisinin gelece\u011fini ve bir l\u00fcks markas\u0131 in\u015fa etmenin ger\u00e7ekten ne gerektirdi\u011fini tart\u0131\u015f\u0131yor.<\/p>\n<p>2004 y\u0131l\u0131nda kendi ad\u0131n\u0131 ta\u015f\u0131yan l\u00fcks \u00e7anta markas\u0131n\u0131 kurup Paris Moda Haftas\u0131&#8217;nda ilk kez sahneye \u00e7\u0131kt\u0131\u011f\u0131ndan beri, Zufi Alexander, Louis Vuitton&#8217;\u0131n \u00f6zel \u00fcyeler kul\u00fcb\u00fc i\u00e7in tasar\u0131mlar yapt\u0131, Frans\u0131z l\u00fcks evi Morabito&#8217;nun Kreatif Direkt\u00f6r\u00fc olarak g\u00f6rev ald\u0131 ve par\u00e7alar\u0131n\u0131n Beyonc\u00e9, Cate Blanchett, Sienna Miller ve Alicia Keys taraf\u0131ndan ta\u015f\u0131nd\u0131\u011f\u0131n\u0131 g\u00f6rd\u00fc. Londra Moda Haftas\u0131&#8217;nda Y\u0131l\u0131n Yeni Aksesuar Tasar\u0131mc\u0131s\u0131 se\u00e7ilen ve Financial Times taraf\u0131ndan Y\u00fckselen Y\u0131ld\u0131z olarak tan\u0131nan Alexander, yirmi y\u0131l\u0131n\u0131 zanaatkarl\u0131k, k\u00fclt\u00fcr ve ticaretin kesi\u015fim noktas\u0131nda kendine g\u00fcvenle duran bir kariyer in\u015fa ederek ge\u00e7irdi. \u015eimdi ayn\u0131 anda iki \u00f6nemli hamleyle geri d\u00f6n\u00fcyor.<\/p>\n<p>Zufi&#8217;nin \u00e7anta koleksiyonuna cesur bir yeni ek olan Thee Other Bag&#8217;i tan\u0131t\u0131yor \u2013 kalite ve rahatl\u0131\u011f\u0131 e\u015fit \u00f6l\u00e7\u00fcde isteyen kad\u0131nlar i\u00e7in tasarland\u0131 ve Zedit, gard\u0131robunuzu cebinizde ta\u015f\u0131d\u0131\u011f\u0131n\u0131z\u0131 s\u00f6yledi\u011fi ak\u0131ll\u0131 bir gard\u0131rop platformu. Zedit, dijital gard\u0131rop d\u00fczenlemesi, uzman stil dan\u0131\u015fmanl\u0131\u011f\u0131 ve \u00f6zel eri\u015fimi modern kad\u0131n i\u00e7in tasarlanm\u0131\u015f tek bir sorunsuz platformda birle\u015ftirerek, modaya sahip olmakla onu ger\u00e7ekten kullanmak aras\u0131ndaki bo\u015flu\u011fu doldurmak \u00fczere tasarland\u0131.<\/p>\n<p>Burada, Harper\u2019s Bazaar Arabia, tasar\u0131mc\u0131, giri\u015fimci ve trend belirleyici Zufi ile ba\u015far\u0131 yolculu\u011funu ve ufukta g\u00f6r\u00fcnen \u00f6nemli hamlelerini konu\u015fmak \u00fczere bir araya geliyor.<\/p>\n<p>L\u00fcks tasar\u0131m, kreatif direkt\u00f6rl\u00fck ve giri\u015fimcilik alanlar\u0131nda bir kariyer in\u015fa ettiniz. Moda end\u00fcstrisine girmenize ilk ne ilham verdi ve bu vizyon nas\u0131l geli\u015fti?<\/p>\n<p>Moda yolculu\u011fum, zanaatkarl\u0131\u011fa ve nesneler arac\u0131l\u0131\u011f\u0131yla hikaye anlat\u0131m\u0131na duydu\u011fum derin bir hayranl\u0131kla ba\u015flad\u0131. Ba\u015flang\u0131\u00e7ta, tasar\u0131m\u0131n duygusal g\u00fcc\u00fcne, tek bir par\u00e7an\u0131n kimli\u011fi, \u00f6zg\u00fcveni ve duru\u015fu nas\u0131l \u00e7a\u011fr\u0131\u015ft\u0131rabilece\u011fine kap\u0131ld\u0131m. Zamanla, bu vizyon sadece \u00fcr\u00fcnler yaratmaktan \u00f6te, tasar\u0131m, i\u015flevsellik ve teknolojiyi birle\u015ftiren ekosistemler olu\u015fturmaya, insanlar\u0131n g\u00fcnl\u00fck ya\u015famlar\u0131nda moday\u0131 deneyimleme bi\u00e7imlerini geli\u015ftirmeye d\u00f6n\u00fc\u015ft\u00fc.<\/p>\n<p>\u00c7anta markan\u0131z 2004 y\u0131l\u0131nda Paris Moda Haftas\u0131&#8217;nda ilk kez sahneye \u00e7\u0131kt\u0131. O lansman hakk\u0131nda en \u00e7ok neyi hat\u0131rl\u0131yorsunuz?<\/p>\n<p>Paris Moda Haftas\u0131&#8217;nda ilk kez sahneye \u00e7\u0131kmak hem heyecan verici hem de ger\u00e7ek\u00fcst\u00fcyd\u00fc. En \u00e7ok \u00f6ne \u00e7\u0131kan \u015fey, do\u011frulama hissiydi \u2013 \u00e7al\u0131\u015fmalar\u0131m\u0131 k\u00f6kl\u00fc markalar\u0131n yan\u0131nda b\u00f6ylesine k\u00fcresel bir sahnede sunmak. Markan\u0131n vizyonuna olan inanc\u0131m\u0131 peki\u015ftiren belirleyici bir an idi.<\/p>\n<p>Tasar\u0131mlar\u0131n\u0131z Beyonc\u00e9, Cate Blanchett ve Alicia Keys gibi isimler taraf\u0131ndan giyildi. G\u00fcn\u00fcm\u00fczde bir l\u00fcks markas\u0131 olu\u015fturmada \u00fcnl\u00fclerin yer almas\u0131 ne kadar \u00f6nemli?<\/p>\n<p>\u00dcnl\u00fclerin yer almas\u0131, g\u00f6r\u00fcn\u00fcrl\u00fc\u011f\u00fc art\u0131rma ve arzu edilirli\u011fi peki\u015ftirmede inan\u0131lmaz derecede etkili olabilir. Ancak, \u00f6zg\u00fcnl\u00fck hala esast\u0131r; en g\u00fc\u00e7l\u00fc etki, birey ile markan\u0131n de\u011ferleri aras\u0131nda ger\u00e7ek bir uyum oldu\u011funda ortaya \u00e7\u0131kar. Bug\u00fcn, bu durum topluluk, hikaye anlat\u0131m\u0131 ve g\u00fc\u00e7l\u00fc bir dijital varl\u0131\u011f\u0131 i\u00e7eren daha geni\u015f bir anlat\u0131n\u0131n par\u00e7as\u0131d\u0131r.<\/p>\n<p>Louis Vuitton ve Morabito gibi ikonik markalarla \u00e7al\u0131\u015ft\u0131n\u0131z. K\u00f6kl\u00fc l\u00fcks markalar\u0131yla i\u015f birli\u011fi yapmaktan hangi dersleri \u00e7\u0131kard\u0131n\u0131z?<\/p>\n<p>Miras\u0131 olan markalarla \u00e7al\u0131\u015fmak, bende disiplin, tutarl\u0131l\u0131k ve detaylara titizlikle dikkat etme konusunda derin bir sayg\u0131 uyand\u0131rd\u0131. Zanaatkarl\u0131\u011fa ve mirasa sars\u0131lmaz bir ba\u011fl\u0131l\u0131k, temel de\u011ferlere sad\u0131k kalarak nas\u0131l geli\u015filece\u011fine dair net bir anlay\u0131\u015fla birle\u015fiyor; bu, kendi i\u015fime de ta\u015f\u0131maya devam etti\u011fim bir \u015fey.<\/p>\n<p>Thee Other Bag&#8217;in arkas\u0131ndaki yarat\u0131c\u0131 vizyon neydi?<\/p>\n<p>&#8220;Thee Other Bag&#8221;, ger\u00e7ek, g\u00fcnl\u00fck ya\u015fama bir yan\u0131t olarak tasarland\u0131; ki\u015fisel olarak eksikli\u011fini hissetti\u011fim bir \u015feydi. Her \u015feyi ger\u00e7ekten, taviz vermeden ta\u015f\u0131yabilecek bir par\u00e7a yaratmak istedim. Zihnimde, her zaman &#8220;o di\u011fer \u00e7anta&#8221; idi; en de\u011ferli e\u015fyan\u0131z de\u011fil, i\u00e7g\u00fcd\u00fcsel olarak uzand\u0131\u011f\u0131n\u0131z \u00e7anta. Kalitesini, zanaatkarl\u0131\u011f\u0131n\u0131 ve d\u00fc\u015f\u00fcn\u00fclm\u00fc\u015f tasar\u0131m\u0131n\u0131 takdir ederken, her yere ta\u015f\u0131yabilece\u011finiz, bir kenara atabilece\u011finiz ve \u00fczerinde \u00e7ok d\u00fc\u015f\u00fcnmeyece\u011finiz bir \u015fey.<\/p>\n<p>Zamanla, do\u011fal olarak plaj g\u00fcnleri ve modern annelikle ili\u015fkilendirildi, ancak \u00f6z\u00fc de\u011fi\u015fmedi: ama\u00e7l\u0131, zahmetsiz i\u015flevsellik. Ayr\u0131ca ki\u015fisel bir boyutu da var. \u00c7antalara ve ayakkab\u0131lara olan hayranl\u0131\u011f\u0131m erken ya\u015flarda annem taraf\u0131ndan \u015fekillendirildi. Bu etki benimle kald\u0131 ve bir zamanlar hayal etti\u011fim par\u00e7alar\u0131 yaratma arzusuna d\u00f6n\u00fc\u015ft\u00fc; ge\u00e7mi\u015fle bug\u00fcn aras\u0131nda bir diyalog gibi hissettiren, vintage referanslar\u0131n modern bir duyarl\u0131l\u0131kla bulu\u015ftu\u011fu tasar\u0131mlar. &#8220;Thee Other Bag&#8221; nihayetinde bu dengeyi yans\u0131t\u0131yor: pratik ama rafine, tan\u0131d\u0131k ama yeniden tasarlanm\u0131\u015f.<\/p>\n<p>Orta Do\u011fu, zanaatkarl\u0131\u011fa ve tasar\u0131ma derin bir takdirle yakla\u015fan dinamik ve sofistike bir l\u00fcks pazar\u0131n\u0131 temsil ediyor. B\u00f6lgenin k\u00fcresel bir moda merkezi olarak kendini kan\u0131tlamaya devam etmesiyle, bu kitleyle yeniden ba\u011flant\u0131 kurmak do\u011fal bir an gibi geldi.<\/p>\n<p>Modan\u0131n yan\u0131 s\u0131ra, ak\u0131ll\u0131 bir gard\u0131rop platformu olan Zedit&#8217;i piyasaya s\u00fcr\u00fcyorsunuz. Pazarda hangi bo\u015fluk bu uygulamay\u0131 yaratman\u0131za neden oldu? Ve bunu moda t\u00fcketiminin gelece\u011fi olarak g\u00f6r\u00fcyor musunuz?<\/p>\n<p>Zedit, insanlar\u0131n gard\u0131roplar\u0131yla etkile\u015fim kurma bi\u00e7imini basitle\u015ftirme ve ki\u015fiselle\u015ftirme arzusundan do\u011fdu. Modaya sahip olmakla onu ger\u00e7ekten kullanmak aras\u0131nda a\u00e7\u0131k bir bo\u015fluk var. Platform, ak\u0131ll\u0131 organizasyon ve stil dan\u0131\u015fmanl\u0131\u011f\u0131 arac\u0131l\u0131\u011f\u0131yla bu bo\u015flu\u011fu doldurmay\u0131, insanlar ve k\u0131yafetleri aras\u0131nda daha sorunsuz bir ili\u015fki yaratmay\u0131 hedefliyor. Moda ve teknoloji aras\u0131ndaki bu t\u00fcr bir entegrasyonun gelece\u011fi temsil etti\u011fine inan\u0131yorum; moday\u0131 daha sezgisel, daha eri\u015filebilir ve nihayetinde daha anlaml\u0131 hale getirmekle ilgili. Bir\u00e7ok y\u00f6nden, gard\u0131robunuzu cebinizde ta\u015f\u0131mak gibi.<\/p>\n<p>Bir moda-teknoloji platformu in\u015fa ederken yarat\u0131c\u0131l\u0131\u011f\u0131 teknolojiyle nas\u0131l dengeliyorsunuz?<\/p>\n<p>Bu, teknolojinin yarat\u0131c\u0131l\u0131\u011fa hizmet etmesini sa\u011flamakla ilgili, tersi de\u011fil. Tasar\u0131m ve kullan\u0131c\u0131 deneyimi her zaman \u00f6nceliklidir; teknoloji ise bu vizyonu geli\u015ftiren bir kolayla\u015ft\u0131r\u0131c\u0131 olarak hareket eder. Bu dengeyi korumak, hem yenilik\u00e7i hem de sezgisel hissettiren bir \u015fey yaratmak i\u00e7in hayati \u00f6neme sahiptir.<\/p>\n<p>L\u00fcks ve teknoloji alan\u0131nda bir kad\u0131n giri\u015fimci olarak, insanlar\u0131n kamuoyunda g\u00f6rmedi\u011fi hangi zorluklarla kar\u015f\u0131la\u015ft\u0131n\u0131z?<\/p>\n<p>Beklentileri y\u00f6netme, g\u00fcven in\u015fa etme ve ayn\u0131 anda birden fazla rol\u00fc dengeleme etraf\u0131nda genellikle g\u00f6r\u00fcnmeyen zorluklar vard\u0131r. Hem yarat\u0131c\u0131 hem de teknolojik alanlarda g\u00fcvenilirlik tesis etmek azim, dayan\u0131kl\u0131l\u0131k ve g\u00fc\u00e7l\u00fc bir \u00f6zg\u00fcven gerektirir.<\/p>\n<p>Hem ilham verici hem de ticari olarak g\u00fc\u00e7l\u00fc markalar in\u015fa etmek isteyen gen\u00e7 kad\u0131nlara ne gibi tavsiyelerde bulunursunuz?<\/p>\n<p>Vizyonunuza sad\u0131k kal\u0131n, ancak uyarlanabilir olun. G\u00fc\u00e7l\u00fc i\u015f temellerinin \u00f6nemini asla g\u00f6z ard\u0131 etmeden, net bir bak\u0131\u015f a\u00e7\u0131s\u0131yla in\u015fa edin. Kendinizi do\u011fru insanlarla \u00e7evreleyin ve temel kimli\u011finize ba\u011fl\u0131 kalarak geli\u015fmeye istekli olun.<\/p>\n<p>\u0130leriye bak\u0131ld\u0131\u011f\u0131nda, Zufi Alexander markas\u0131n\u0131n bir sonraki b\u00f6l\u00fcm\u00fc nas\u0131l g\u00f6r\u00fcn\u00fcyor?<\/p>\n<p>Bir sonraki b\u00f6l\u00fcm, markan\u0131n k\u00fcresel varl\u0131\u011f\u0131n\u0131 art\u0131r\u0131rken moda ve teknolojinin kesi\u015fim noktas\u0131nda yenilik yapmaya devam eden geni\u015fleme ve entegrasyona odaklan\u0131yor. \u00dcr\u00fcn, dijital deneyim ve toplulu\u011fun sorunsuz bir \u015fekilde bir araya geldi\u011fi uyumlu bir evren in\u015fa etmekle ilgili.<\/p>\n<p>#ZufiAlexander #L\u00fcks\u00c7anta #ModaTeknolojisi #OrtaDo\u011fuModa #TheeOtherBag #Zedit #Giri\u015fimcilik #ModaTasar\u0131m #DijitalGard\u0131rop #L\u00fcksMarka<\/p>\n","protected":false},"excerpt":{"rendered":"<p>Paris Moda Haftas\u0131&#8217;ndan Beyonc\u00e9&#8217;yi m\u00fc\u015fterileri aras\u0131nda saymaya ve \u015fimdi Orta Do\u011fu&#8217;da cesur yeni bir b\u00f6l\u00fcme kadar \u2013 Zufi Alexander, yeni \u00e7antas\u0131 Thee Other Bag&#8217;i tan\u0131t\u0131yor, moda teknolojisinin gelece\u011fini ve bir l\u00fcks markas\u0131 in\u015fa etmenin ger\u00e7ekten ne gerektirdi\u011fini tart\u0131\u015f\u0131yor. 2004 y\u0131l\u0131nda kendi ad\u0131n\u0131 ta\u015f\u0131yan l\u00fcks \u00e7anta markas\u0131n\u0131 kurup Paris Moda Haftas\u0131&#8217;nda ilk kez sahneye \u00e7\u0131kt\u0131\u011f\u0131ndan beri, [&hellip;]<\/p>\n","protected":false},"author":2,"featured_media":13830,"comment_status":"open","ping_status":"open","sticky":false,"template":"","format":"standard","meta":{"footnotes":""},"categories":[37],"tags":[],"class_list":["post-13829","post","type-post","status-publish","format-standard","has-post-thumbnail","hentry","category-orta-dogu-haberleri"],"_links":{"self":[{"href":"https:\/\/fajr.news\/index.php?rest_route=\/wp\/v2\/posts\/13829","targetHints":{"allow":["GET"]}}],"collection":[{"href":"https:\/\/fajr.news\/index.php?rest_route=\/wp\/v2\/posts"}],"about":[{"href":"https:\/\/fajr.news\/index.php?rest_route=\/wp\/v2\/types\/post"}],"author":[{"embeddable":true,"href":"https:\/\/fajr.news\/index.php?rest_route=\/wp\/v2\/users\/2"}],"replies":[{"embeddable":true,"href":"https:\/\/fajr.news\/index.php?rest_route=%2Fwp%2Fv2%2Fcomments&post=13829"}],"version-history":[{"count":0,"href":"https:\/\/fajr.news\/index.php?rest_route=\/wp\/v2\/posts\/13829\/revisions"}],"wp:featuredmedia":[{"embeddable":true,"href":"https:\/\/fajr.news\/index.php?rest_route=\/wp\/v2\/media\/13830"}],"wp:attachment":[{"href":"https:\/\/fajr.news\/index.php?rest_route=%2Fwp%2Fv2%2Fmedia&parent=13829"}],"wp:term":[{"taxonomy":"category","embeddable":true,"href":"https:\/\/fajr.news\/index.php?rest_route=%2Fwp%2Fv2%2Fcategories&post=13829"},{"taxonomy":"post_tag","embeddable":true,"href":"https:\/\/fajr.news\/index.php?rest_route=%2Fwp%2Fv2%2Ftags&post=13829"}],"curies":[{"name":"wp","href":"https:\/\/api.w.org\/{rel}","templated":true}]}}