{"id":13821,"date":"2026-05-01T00:49:41","date_gmt":"2026-04-30T21:19:41","guid":{"rendered":"https:\/\/fajr.news\/?p=13821"},"modified":"2026-05-01T00:49:41","modified_gmt":"2026-04-30T21:19:41","slug":"ortadogu-havayollari-mart-ayinda-talepte-dusus-gordu","status":"publish","type":"post","link":"https:\/\/fajr.news\/?p=13821&lang=tr","title":{"rendered":"Ortado\u011fu Havayollar\u0131 Mart Ay\u0131nda Talepte D\u00fc\u015f\u00fc\u015f G\u00f6rd\u00fc"},"content":{"rendered":"<p>Umman: Ortado\u011fu&#8217;daki havayolu \u015firketleri, ABD-\u0130srail-\u0130ran sava\u015f\u0131 sonucunda b\u00f6lgedeki hava sahas\u0131n\u0131n b\u00fcy\u00fck bir k\u0131sm\u0131n\u0131n kapanmas\u0131yla (Umman Sultanl\u0131\u011f\u0131 ve Suudi Arabistan&#8217;\u0131n bat\u0131 k\u0131y\u0131lar\u0131 hari\u00e7), Mart ay\u0131nda y\u0131ll\u0131k bazda talepte %60,8&#8217;lik \u00f6nemli bir d\u00fc\u015f\u00fc\u015f ya\u015fad\u0131.<br \/>\nUluslararas\u0131 Hava Ta\u015f\u0131mac\u0131l\u0131\u011f\u0131 Birli\u011fi (IATA) verilerine g\u00f6re, kapasite y\u0131ll\u0131k bazda %56,9 azal\u0131rken, doluluk oran\u0131 %67,8 olarak ger\u00e7ekle\u015fti.<br \/>\nGenel olarak, gelir yolcu kilometresi (RPK) cinsinden \u00f6l\u00e7\u00fclen toplam talep, Mart 2025&#8217;e k\u0131yasla %2,1 art\u0131\u015f g\u00f6sterdi. Mevcut koltuk kilometresi (ASK) cinsinden \u00f6l\u00e7\u00fclen toplam kapasite ise y\u0131ll\u0131k bazda %1,7 azald\u0131. Doluluk oran\u0131 %83,6 (+Mart 2025&#8217;e k\u0131yasla 3,1 puan) oldu.<br \/>\nUluslararas\u0131 talep, Mart 2025&#8217;e g\u00f6re %0,6 d\u00fc\u015f\u00fc\u015f ya\u015fad\u0131. Kapasite y\u0131ll\u0131k bazda %6,2 azal\u0131rken, doluluk oran\u0131 %84,1 olarak kaydedildi. Uluslararas\u0131 trafikteki genel d\u00fc\u015f\u00fc\u015f, Ortado\u011fu&#8217;daki ta\u015f\u0131y\u0131c\u0131lar\u0131n trafi\u011findeki %60,8&#8217;lik azalmadan kaynakland\u0131.<br \/>\nIATA Genel Direkt\u00f6r\u00fc Willie Walsh, &#8220;Ortado\u011fu&#8217;daki aksakl\u0131klara ra\u011fmen hava yolculu\u011fu talebi Mart ay\u0131nda b\u00fcy\u00fcmeye devam etti. Ancak, Ortado\u011fu&#8217;daki havayolu \u015firketlerinin uluslararas\u0131 trafi\u011findeki yakla\u015f\u0131k %61&#8217;lik d\u00fc\u015f\u00fc\u015f, k\u00fcresel b\u00fcy\u00fcmeyi %2,1 ile s\u0131n\u0131rlad\u0131. Ortado\u011fu d\u0131\u015f\u0131ndaki talep ise %8 oran\u0131nda artt\u0131&#8221; dedi.<br \/>\nWalsh, jet yak\u0131t\u0131 tedariki ve fiyatland\u0131rmas\u0131yla ilgili endi\u015felere de de\u011findi. &#8220;Herkes jet yak\u0131t\u0131yla ilgili geli\u015fmeleri yak\u0131ndan takip ediyor \u2013 hem arz hem de fiyatland\u0131rma a\u00e7\u0131s\u0131ndan. Arz taraf\u0131nda, \u00f6n\u00fcm\u00fczdeki aylarda K\u00f6rfez&#8217;den gelen tedarike y\u00fcksek ba\u011f\u0131ml\u0131l\u0131\u011f\u0131 olan d\u00fcnyan\u0131n baz\u0131 b\u00f6lgelerinde, \u00f6zellikle Asya ve Avrupa&#8217;da k\u0131tl\u0131klar g\u00f6rebiliriz. Jet yak\u0131t\u0131n\u0131n ola\u011fan\u00fcst\u00fc y\u00fcksek maliyeti de bilet fiyatlar\u0131na giderek daha fazla yans\u0131yor. Bu durum, Mart ay\u0131 trafi\u011fini veya bug\u00fcne kadarki ileriye d\u00f6n\u00fck rezervasyonlar\u0131 etkilememi\u015f olsa da, y\u00fcksek fiyatlar\u0131n yolcu davran\u0131\u015flar\u0131n\u0131 ne zaman de\u011fi\u015ftirmeye ba\u015flayaca\u011f\u0131 hen\u00fcz belli de\u011fil. \u015eu ana kadar yaz d\u00f6nemi, seyahat i\u00e7in normalde yo\u011fun bir d\u00f6nem olmaya aday. Bu olumlu bir haber, ancak havayolu \u015firketlerinin dayan\u0131kl\u0131l\u0131\u011f\u0131 test ediliyor ve yak\u0131t arz\u0131 ile fiyat\u0131n\u0131n istikrara kavu\u015fmas\u0131 kritik \u00f6nem ta\u015f\u0131yor. Bu arada, d\u00fczenleyicilerin hava sahas\u0131 kapasite k\u0131s\u0131tlamalar\u0131 ve potansiyel yak\u0131t karneye ba\u011flanmas\u0131 gibi ola\u011fan\u00fcst\u00fc ko\u015fullar g\u00f6z \u00f6n\u00fcne al\u0131nd\u0131\u011f\u0131nda, havayolu \u015firketlerine slotlar konusunda bir miktar esneklik tan\u0131maya haz\u0131r olmalar\u0131 \u00f6nemlidir&#8221; diye ekledi.<br \/>\nUlusal \u0130statistik ve Bilgi Merkezi (NCSI) 2026 verilerine g\u00f6re, Umman Uluslararas\u0131 Havaliman\u0131 bile uluslararas\u0131 yolcu trafi\u011finde d\u00fc\u015f\u00fc\u015f ya\u015fad\u0131. Mart 2026&#8217;da gelen yolcu say\u0131s\u0131, \u015eubat ay\u0131ndaki 939.921 ve Ocak ay\u0131ndaki 1,18 milyondan d\u00fc\u015ferek 728.588&#8217;e geriledi. 2026&#8217;n\u0131n ilk \u00e7eyre\u011finde toplam yolcu say\u0131s\u0131 %2,4 azalarak 2,86 milyona d\u00fc\u015ft\u00fc ve u\u00e7u\u015f aktivitesi de Mart ay\u0131nda 5.515 u\u00e7u\u015fa geriledi.<br \/>\n2026 \u00a9 T\u00fcm haklar\u0131 Umman Bas\u0131n, Yay\u0131n ve Reklam Kurumu&#8217;na (OEPPA) aittir. SyndiGate Media Inc. (Syndigate.info) taraf\u0131ndan sa\u011flanm\u0131\u015ft\u0131r.<\/p>\n<p>#Ortado\u011fuHavayollar\u0131 #Havac\u0131l\u0131kSekt\u00f6r\u00fc #TalepD\u00fc\u015f\u00fc\u015f\u00fc #HavaSahas\u0131K\u0131s\u0131tlamalar\u0131 #JetYak\u0131t\u0131Fiyatlar\u0131 #Uluslararas\u0131Seyahat #IATA #UmmanHavaliman\u0131 #K\u00fcreselHavac\u0131l\u0131k #EkonomikEtki<\/p>\n","protected":false},"excerpt":{"rendered":"<p>Umman: Ortado\u011fu&#8217;daki havayolu \u015firketleri, ABD-\u0130srail-\u0130ran sava\u015f\u0131 sonucunda b\u00f6lgedeki hava sahas\u0131n\u0131n b\u00fcy\u00fck bir k\u0131sm\u0131n\u0131n kapanmas\u0131yla (Umman Sultanl\u0131\u011f\u0131 ve Suudi Arabistan&#8217;\u0131n bat\u0131 k\u0131y\u0131lar\u0131 hari\u00e7), Mart ay\u0131nda y\u0131ll\u0131k bazda talepte %60,8&#8217;lik \u00f6nemli bir d\u00fc\u015f\u00fc\u015f ya\u015fad\u0131. Uluslararas\u0131 Hava Ta\u015f\u0131mac\u0131l\u0131\u011f\u0131 Birli\u011fi (IATA) verilerine g\u00f6re, kapasite y\u0131ll\u0131k bazda %56,9 azal\u0131rken, doluluk oran\u0131 %67,8 olarak ger\u00e7ekle\u015fti. Genel olarak, gelir yolcu kilometresi (RPK) [&hellip;]<\/p>\n","protected":false},"author":2,"featured_media":13822,"comment_status":"open","ping_status":"open","sticky":false,"template":"","format":"standard","meta":{"footnotes":""},"categories":[37],"tags":[],"class_list":["post-13821","post","type-post","status-publish","format-standard","has-post-thumbnail","hentry","category-orta-dogu-haberleri"],"_links":{"self":[{"href":"https:\/\/fajr.news\/index.php?rest_route=\/wp\/v2\/posts\/13821","targetHints":{"allow":["GET"]}}],"collection":[{"href":"https:\/\/fajr.news\/index.php?rest_route=\/wp\/v2\/posts"}],"about":[{"href":"https:\/\/fajr.news\/index.php?rest_route=\/wp\/v2\/types\/post"}],"author":[{"embeddable":true,"href":"https:\/\/fajr.news\/index.php?rest_route=\/wp\/v2\/users\/2"}],"replies":[{"embeddable":true,"href":"https:\/\/fajr.news\/index.php?rest_route=%2Fwp%2Fv2%2Fcomments&post=13821"}],"version-history":[{"count":0,"href":"https:\/\/fajr.news\/index.php?rest_route=\/wp\/v2\/posts\/13821\/revisions"}],"wp:featuredmedia":[{"embeddable":true,"href":"https:\/\/fajr.news\/index.php?rest_route=\/wp\/v2\/media\/13822"}],"wp:attachment":[{"href":"https:\/\/fajr.news\/index.php?rest_route=%2Fwp%2Fv2%2Fmedia&parent=13821"}],"wp:term":[{"taxonomy":"category","embeddable":true,"href":"https:\/\/fajr.news\/index.php?rest_route=%2Fwp%2Fv2%2Fcategories&post=13821"},{"taxonomy":"post_tag","embeddable":true,"href":"https:\/\/fajr.news\/index.php?rest_route=%2Fwp%2Fv2%2Ftags&post=13821"}],"curies":[{"name":"wp","href":"https:\/\/api.w.org\/{rel}","templated":true}]}}