{"id":13777,"date":"2026-04-30T23:34:32","date_gmt":"2026-04-30T20:04:32","guid":{"rendered":"https:\/\/fajr.news\/?p=13777"},"modified":"2026-04-30T23:34:32","modified_gmt":"2026-04-30T20:04:32","slug":"irandan-son-gelismeler-trump-iranin-teklifini-reddetti-pentagon-cfosu-savasin-maliyetini-acikladi","status":"publish","type":"post","link":"https:\/\/fajr.news\/?p=13777&lang=tr","title":{"rendered":"\u0130ran&#8217;dan son geli\u015fmeler: Trump, \u0130ran&#8217;\u0131n teklifini reddetti, Pentagon CFO&#8217;su sava\u015f\u0131n maliyetini a\u00e7\u0131klad\u0131"},"content":{"rendered":"<p>Ba\u015fkan Donald Trump \u00c7ar\u015famba g\u00fcn\u00fc Axios&#8217;a yapt\u0131\u011f\u0131 a\u00e7\u0131klamada, ABD&#8217;nin ablukay\u0131 kald\u0131rmas\u0131 ve n\u00fckleer program meselesini ask\u0131ya almas\u0131 kar\u015f\u0131l\u0131\u011f\u0131nda H\u00fcrm\u00fcz Bo\u011faz\u0131&#8217;n\u0131 a\u00e7ma y\u00f6n\u00fcndeki \u0130ran&#8217;\u0131n son teklifini reddedece\u011fini belirtti. Ayr\u0131ca Trump, yard\u0131mc\u0131lar\u0131na daha uzun s\u00fcreli bir abluka i\u00e7in haz\u0131rlanmalar\u0131 talimat\u0131n\u0131 verdi. Bu arada, ABD Merkez Komutanl\u0131\u011f\u0131 \u00c7ar\u015famba g\u00fcn\u00fc ablukan\u0131n ba\u015flang\u0131c\u0131ndan bu yana 42. geminin y\u00f6n\u00fcn\u00fc de\u011fi\u015ftirmesini kutlad\u0131 ve Amiral Brad Cooper bunu &#8220;\u00f6nemli bir d\u00f6n\u00fcm noktas\u0131&#8221; olarak nitelendirdi. \u00d6nceki 41 geminin toplam 69 milyon varil petrol ta\u015f\u0131d\u0131\u011f\u0131n\u0131 ve bunun \u0130ran h\u00fck\u00fcmetine 6 milyar dolarl\u0131k bir kay\u0131p olarak tahmin edildi\u011fini ekledi.<\/p>\n<p>Ate\u015fkes devam ederken, Amerikan kamuoyu \u00e7at\u0131\u015fman\u0131n maliyetini \u00f6\u011frendi. Pentagon CFO&#8217;su Jules W. Hurst III, ABD&#8217;nin \u015fu ana kadar \u00e7o\u011funlukla m\u00fchimmat olmak \u00fczere 25 milyar dolar harcad\u0131\u011f\u0131n\u0131 tahmin etti. \u00c7ar\u015famba g\u00fcn\u00fc Capitol Hill&#8217;de yakla\u015f\u0131k alt\u0131 saat s\u00fcren bir duru\u015fmada, Savunma Bakan\u0131 Pete Hegseth, bir kongre \u00fcyesinin sava\u015f\u0131n ne kadar s\u00fcrebilece\u011fi veya nihai faturan\u0131n ne olabilece\u011fi hakk\u0131ndaki sorular\u0131n\u0131 yan\u0131tlamay\u0131 reddetti.<\/p>\n<p>\u0130\u015fte Per\u015fembe g\u00fcn\u00fcne ait son geli\u015fmeler: Hegseth, ate\u015fkesin \u0130ran sava\u015f\u0131 i\u00e7in 60 g\u00fcnl\u00fck s\u00fcreyi durdurdu\u011funu s\u00f6yledi.<\/p>\n<p>TS\u0130 21.00: Trump&#8217;\u0131n \u0130ran&#8217;daki sava\u015f\u0131, 1970&#8217;lerin ba\u015f\u0131nda Kongre ile ba\u015fkan aras\u0131ndaki askeri eylem yetkisini b\u00f6lmek amac\u0131yla \u00e7\u0131kar\u0131lan Sava\u015f Yetkileri Yasas\u0131 kapsam\u0131nda Cuma g\u00fcn\u00fc \u00f6nemli bir son teslim tarihiyle kar\u015f\u0131 kar\u015f\u0131ya. ABD ve \u0130srail, \u0130ran&#8217;a kar\u015f\u0131 sava\u015f\u0131 28 \u015eubat&#8217;ta ba\u015flatt\u0131. Bir Sava\u015f \u0130lan\u0131 zaten kabul edilmediyse veya Kongre g\u00fc\u00e7 konu\u015fland\u0131rmas\u0131na izin vermediyse, ba\u015fkan\u0131n birlikleri konu\u015fland\u0131rd\u0131ktan sonra karar\u0131 a\u00e7\u0131klayan yaz\u0131l\u0131 bir raporu kongre liderli\u011fine g\u00f6ndermek i\u00e7in 48 saati vard\u0131r. Trump y\u00f6netimi bu raporu 2 Mart&#8217;ta Kongre&#8217;ye g\u00f6nderdi ve bu da 60 g\u00fcnl\u00fck s\u00fcreyi Cuma g\u00fcn\u00fcne kadar belirledi.<\/p>\n<p>E\u011fer Kongre 60 g\u00fcn i\u00e7inde daha fazla eyleme izin vermezse, karar ba\u015fkan\u0131n silahl\u0131 kuvvetlerin &#8220;her t\u00fcrl\u00fc kullan\u0131m\u0131n\u0131 sonland\u0131rmas\u0131n\u0131&#8221; gerektiriyor. Yasa, ba\u015fkan\u0131n d\u00fc\u015fmanl\u0131klardan g\u00fc\u00e7leri g\u00fcvenli bir \u015fekilde \u00e7ekmek i\u00e7in s\u00fcreyi ek 30 g\u00fcn uzatmas\u0131na izin veriyor, ancak ona bir sald\u0131r\u0131 kampanyas\u0131n\u0131 s\u00fcrd\u00fcrme yetkisi vermiyor.<\/p>\n<p>Per\u015fembe g\u00fcn\u00fc son teslim tarihi hakk\u0131nda sorulan Sava\u015f Bakan\u0131 Pete Hegseth, s\u00fcresiz ate\u015fkesin 60 g\u00fcnl\u00fck s\u00fcreyi durdurdu\u011funa inand\u0131\u011f\u0131n\u0131 belirterek, y\u00f6netimin Cuma g\u00fcn\u00fc g\u00fc\u00e7leri \u00e7ekmeye ba\u015flama plan\u0131 olmad\u0131\u011f\u0131n\u0131 ima etti. Virginia Demokrat Senat\u00f6r\u00fc Tim Kaine, Hegseth&#8217;in iddialar\u0131n\u0131n yasall\u0131\u011f\u0131n\u0131 sorgulad\u0131.<\/p>\n<p>Hegseth, Caine Kongre \u00f6n\u00fcnde bir g\u00fcn daha ge\u00e7irecek.<\/p>\n<p>TS\u0130 15.11: Sava\u015f Bakan\u0131 Pete Hegseth ve Genelkurmay Ba\u015fkanlar\u0131 Kurulu Ba\u015fkan\u0131 Dan Caine&#8217;in bug\u00fcn Senato Silahl\u0131 Hizmetler Komitesi kar\u015f\u0131s\u0131na \u00e7\u0131kmas\u0131 bekleniyor. Milletvekillerinin, \u0130ran sava\u015f\u0131n\u0131 ele al\u0131\u015f bi\u00e7imlerini ve 2027 i\u00e7in \u00f6nerdikleri askeri b\u00fct\u00e7eyi sorgulamalar\u0131 bekleniyor.<\/p>\n<p>USS Ford eve d\u00f6n\u00fcyor.<\/p>\n<p>TS\u0130 13.18: USS Gerald Ford, rekor s\u00fcreli deniza\u015f\u0131r\u0131 g\u00f6revlendirmesinin ard\u0131ndan eve d\u00f6n\u00fcyor. Ford, \u0130ran sava\u015f\u0131na ve eski Venezuela Devlet Ba\u015fkan\u0131 Nicol\u00e1s Maduro&#8217;nun yakalanmas\u0131na kat\u0131larak 300 g\u00fcnden fazla denizde kald\u0131. Gemi, Vietnam Sava\u015f\u0131 sonras\u0131 en uzun ABD g\u00f6revlendirme rekorunu k\u0131rd\u0131. \u00d6n\u00fcm\u00fczdeki birka\u00e7 g\u00fcn i\u00e7inde Orta Do\u011fu&#8217;dan ayr\u0131lacak ve Haziran ay\u0131nda Norfolk, Virginia&#8217;daki ana liman\u0131na d\u00f6nmesi bekleniyor.<\/p>\n<p>#\u0130ran #ABD #H\u00fcrm\u00fczBo\u011faz\u0131 #DonaldTrump #Pentagon #Sava\u015fMaliyeti #Ate\u015fkes #Sava\u015fYetkileriYasas\u0131 #USSGeraldFord #OrtaDo\u011fu<\/p>\n","protected":false},"excerpt":{"rendered":"<p>Ba\u015fkan Donald Trump \u00c7ar\u015famba g\u00fcn\u00fc Axios&#8217;a yapt\u0131\u011f\u0131 a\u00e7\u0131klamada, ABD&#8217;nin ablukay\u0131 kald\u0131rmas\u0131 ve n\u00fckleer program meselesini ask\u0131ya almas\u0131 kar\u015f\u0131l\u0131\u011f\u0131nda H\u00fcrm\u00fcz Bo\u011faz\u0131&#8217;n\u0131 a\u00e7ma y\u00f6n\u00fcndeki \u0130ran&#8217;\u0131n son teklifini reddedece\u011fini belirtti. Ayr\u0131ca Trump, yard\u0131mc\u0131lar\u0131na daha uzun s\u00fcreli bir abluka i\u00e7in haz\u0131rlanmalar\u0131 talimat\u0131n\u0131 verdi. Bu arada, ABD Merkez Komutanl\u0131\u011f\u0131 \u00c7ar\u015famba g\u00fcn\u00fc ablukan\u0131n ba\u015flang\u0131c\u0131ndan bu yana 42. geminin y\u00f6n\u00fcn\u00fc de\u011fi\u015ftirmesini kutlad\u0131 [&hellip;]<\/p>\n","protected":false},"author":2,"featured_media":13778,"comment_status":"open","ping_status":"open","sticky":false,"template":"","format":"standard","meta":{"footnotes":""},"categories":[31],"tags":[],"class_list":["post-13777","post","type-post","status-publish","format-standard","has-post-thumbnail","hentry","category-iran-haberleri"],"_links":{"self":[{"href":"https:\/\/fajr.news\/index.php?rest_route=\/wp\/v2\/posts\/13777","targetHints":{"allow":["GET"]}}],"collection":[{"href":"https:\/\/fajr.news\/index.php?rest_route=\/wp\/v2\/posts"}],"about":[{"href":"https:\/\/fajr.news\/index.php?rest_route=\/wp\/v2\/types\/post"}],"author":[{"embeddable":true,"href":"https:\/\/fajr.news\/index.php?rest_route=\/wp\/v2\/users\/2"}],"replies":[{"embeddable":true,"href":"https:\/\/fajr.news\/index.php?rest_route=%2Fwp%2Fv2%2Fcomments&post=13777"}],"version-history":[{"count":0,"href":"https:\/\/fajr.news\/index.php?rest_route=\/wp\/v2\/posts\/13777\/revisions"}],"wp:featuredmedia":[{"embeddable":true,"href":"https:\/\/fajr.news\/index.php?rest_route=\/wp\/v2\/media\/13778"}],"wp:attachment":[{"href":"https:\/\/fajr.news\/index.php?rest_route=%2Fwp%2Fv2%2Fmedia&parent=13777"}],"wp:term":[{"taxonomy":"category","embeddable":true,"href":"https:\/\/fajr.news\/index.php?rest_route=%2Fwp%2Fv2%2Fcategories&post=13777"},{"taxonomy":"post_tag","embeddable":true,"href":"https:\/\/fajr.news\/index.php?rest_route=%2Fwp%2Fv2%2Ftags&post=13777"}],"curies":[{"name":"wp","href":"https:\/\/api.w.org\/{rel}","templated":true}]}}