{"id":13769,"date":"2026-04-30T23:29:10","date_gmt":"2026-04-30T19:59:10","guid":{"rendered":"https:\/\/fajr.news\/?p=13769"},"modified":"2026-04-30T23:29:10","modified_gmt":"2026-04-30T19:59:10","slug":"indra-savunma-talebiyle-orta-dogudan-olumlu-etki-bekliyor","status":"publish","type":"post","link":"https:\/\/fajr.news\/?p=13769&lang=tr","title":{"rendered":"Indra, Savunma Talebiyle Orta Do\u011fu&#8217;dan &#8216;Olumlu&#8217; Etki Bekliyor"},"content":{"rendered":"<p>\u0130spanyol savunma ve teknoloji firmas\u0131 Indra&#8217;n\u0131n \u0130cra Kurulu Ba\u015fkan\u0131 Jose Vicente de los Mozos, Orta Do\u011fu&#8217;daki t\u0131rmanan \u00e7at\u0131\u015fman\u0131n \u015firket i\u00e7in &#8220;yaln\u0131zca olumlu&#8221; bir etki yarataca\u011f\u0131n\u0131 belirtti. \u015eiddetli savunma sistemleri talebine dikkat \u00e7eken de los Mozos, bu durumun \u015firket i\u00e7in b\u00fcy\u00fcme f\u0131rsatlar\u0131 sundu\u011funu vurgulad\u0131.<\/p>\n<p>\u015eirket, Abu Dabi merkezli Edge ile olan ortak giri\u015fimi arac\u0131l\u0131\u011f\u0131yla teslimat f\u0131rsatlar\u0131 g\u00f6r\u00fcyor. Birle\u015fik Arap Emirlikleri&#8217;nden yeni nesil radar sistemleri tasarlayan, \u00fcreten ve ihra\u00e7 eden Edge ile yap\u0131lan bu i\u015fbirli\u011fi, Indra&#8217;n\u0131n b\u00f6lgedeki varl\u0131\u011f\u0131n\u0131 g\u00fc\u00e7lendiriyor.<\/p>\n<p>De los Mozos, gazetecilere yapt\u0131\u011f\u0131 a\u00e7\u0131klamada, &#8220;\u00d6zellikle savunma sistemlerine y\u00f6nelik bir talep var ve bu y\u0131l teslim edebilece\u011fimiz baz\u0131 unsurlar\u0131n teslimat\u0131 \u00fczerinde \u00e7al\u0131\u015f\u0131yoruz,&#8221; dedi. Indra&#8217;n\u0131n y\u0131l sonuna kadar 12 ila 15 radar sistemini teslimata haz\u0131r hale getirmeyi hedefledi\u011fini ekledi. Bu hedef, artan Ar-Ge yat\u0131r\u0131mlar\u0131 yoluyla uluslararas\u0131la\u015fmay\u0131 h\u0131zland\u0131rma \u00e7abalar\u0131n\u0131 yans\u0131t\u0131yor.<\/p>\n<p>\u015eirket, per\u015fembe g\u00fcn\u00fc a\u00e7\u0131klad\u0131\u011f\u0131 \u00fc\u00e7 ayl\u0131k k\u00e2r\u0131nda savunma i\u015findeki art\u0131\u015f, yeni mobilite s\u00f6zle\u015fmeleri ve uzay birimindeki sat\u0131n alma odakl\u0131 b\u00fcy\u00fcme sayesinde \u00f6nemli bir s\u0131\u00e7rama kaydetti.<\/p>\n<p>#Indra #SavunmaSanayii #OrtaDo\u011fu #RadarSistemleri #Teknoloji #SavunmaTalebi #BAE #Edge #ArGe #Uluslararas\u0131la\u015fma<\/p>\n","protected":false},"excerpt":{"rendered":"<p>\u0130spanyol savunma ve teknoloji firmas\u0131 Indra&#8217;n\u0131n \u0130cra Kurulu Ba\u015fkan\u0131 Jose Vicente de los Mozos, Orta Do\u011fu&#8217;daki t\u0131rmanan \u00e7at\u0131\u015fman\u0131n \u015firket i\u00e7in &#8220;yaln\u0131zca olumlu&#8221; bir etki yarataca\u011f\u0131n\u0131 belirtti. \u015eiddetli savunma sistemleri talebine dikkat \u00e7eken de los Mozos, bu durumun \u015firket i\u00e7in b\u00fcy\u00fcme f\u0131rsatlar\u0131 sundu\u011funu vurgulad\u0131. \u015eirket, Abu Dabi merkezli Edge ile olan ortak giri\u015fimi arac\u0131l\u0131\u011f\u0131yla teslimat f\u0131rsatlar\u0131 [&hellip;]<\/p>\n","protected":false},"author":2,"featured_media":13770,"comment_status":"open","ping_status":"open","sticky":false,"template":"","format":"standard","meta":{"footnotes":""},"categories":[37],"tags":[],"class_list":["post-13769","post","type-post","status-publish","format-standard","has-post-thumbnail","hentry","category-orta-dogu-haberleri"],"_links":{"self":[{"href":"https:\/\/fajr.news\/index.php?rest_route=\/wp\/v2\/posts\/13769","targetHints":{"allow":["GET"]}}],"collection":[{"href":"https:\/\/fajr.news\/index.php?rest_route=\/wp\/v2\/posts"}],"about":[{"href":"https:\/\/fajr.news\/index.php?rest_route=\/wp\/v2\/types\/post"}],"author":[{"embeddable":true,"href":"https:\/\/fajr.news\/index.php?rest_route=\/wp\/v2\/users\/2"}],"replies":[{"embeddable":true,"href":"https:\/\/fajr.news\/index.php?rest_route=%2Fwp%2Fv2%2Fcomments&post=13769"}],"version-history":[{"count":0,"href":"https:\/\/fajr.news\/index.php?rest_route=\/wp\/v2\/posts\/13769\/revisions"}],"wp:featuredmedia":[{"embeddable":true,"href":"https:\/\/fajr.news\/index.php?rest_route=\/wp\/v2\/media\/13770"}],"wp:attachment":[{"href":"https:\/\/fajr.news\/index.php?rest_route=%2Fwp%2Fv2%2Fmedia&parent=13769"}],"wp:term":[{"taxonomy":"category","embeddable":true,"href":"https:\/\/fajr.news\/index.php?rest_route=%2Fwp%2Fv2%2Fcategories&post=13769"},{"taxonomy":"post_tag","embeddable":true,"href":"https:\/\/fajr.news\/index.php?rest_route=%2Fwp%2Fv2%2Ftags&post=13769"}],"curies":[{"name":"wp","href":"https:\/\/api.w.org\/{rel}","templated":true}]}}