{"id":13766,"date":"2026-04-30T23:28:58","date_gmt":"2026-04-30T19:58:58","guid":{"rendered":"https:\/\/fajr.news\/?p=13766"},"modified":"2026-04-30T23:28:58","modified_gmt":"2026-04-30T19:58:58","slug":"nna-pepsico-orta-dogu-ve-smlc-lubnandaki-etkilenen-topluluklara-insani-yardim-destegi-sagliyor","status":"publish","type":"post","link":"https:\/\/fajr.news\/?p=13766","title":{"rendered":"NNA &#8211; PepsiCo Orta Do\u011fu ve SMLC, L\u00fcbnan&#8217;daki Etkilenen Topluluklara \u0130nsani Yard\u0131m Deste\u011fi Sa\u011fl\u0131yor"},"content":{"rendered":"<p>NNA &#8211; L\u00fcbnan&#8217;da devam eden insani acil durum kar\u015f\u0131s\u0131nda, PepsiCo Orta Do\u011fu ve yerel \u015fi\u015feleme orta\u011f\u0131 Soci\u00e9t\u00e9 Moderne Libanaise pour le Commerce (SMLC), yerel ve uluslararas\u0131 ortaklarla birlikte yard\u0131m \u00e7abalar\u0131na katk\u0131da bulunarak, \u00e7at\u0131\u015fma nedeniyle yerinden edilmi\u015f ve son olaylardan etkilenen insanlara destek sa\u011fl\u0131yor.<br \/>\nL\u00fcbnan Sosyal \u0130\u015fler Bakanl\u0131\u011f\u0131, Mart ay\u0131n\u0131n ba\u015f\u0131ndan bu yana yerinden edilenlerin say\u0131s\u0131n\u0131n 300.000&#8217;i \u00e7ocuk olmak \u00fczere 1,2 milyonu a\u015ft\u0131\u011f\u0131n\u0131 bildirdi. Bir\u00e7ok aile, a\u015f\u0131r\u0131 kalabal\u0131k okullarda, spor stadyumlar\u0131nda ve bar\u0131naklarda kal\u0131yor; bu yerlerde genellikle g\u0131daya, temiz suya ve temel hizmetlere eri\u015fim s\u0131n\u0131rl\u0131.<br \/>\nBu artan ihtiya\u00e7lara yan\u0131t olarak, PepsiCo Orta Do\u011fu ve SMLC, L\u00fcbnan K\u0131z\u0131l Ha\u00e7\u0131, L\u00fcbnan \u00c7ocuk Kanseri Merkezi, L\u00fcbnan G\u0131da Bankas\u0131 ve Uluslararas\u0131 Kurtarma Komitesi gibi g\u00fcvenilir kurulu\u015flar arac\u0131l\u0131\u011f\u0131yla y\u00fcr\u00fct\u00fclen insani yard\u0131m \u00e7al\u0131\u015fmalar\u0131na yakla\u015f\u0131k 1 milyon ABD dolar\u0131 katk\u0131da bulunuyor. Bu katk\u0131; acil t\u0131bbi malzemeler, bar\u0131nma yard\u0131m\u0131, g\u0131da yard\u0131m\u0131, hijyen kitleri ve di\u011fer temel yard\u0131m hizmetlerini kaps\u0131yor.<br \/>\nSMLC Genel M\u00fcd\u00fcr\u00fc Hussein Sannouh, &#8220;Sahadaki ekipler, \u00f6zellikle istikrarl\u0131 bar\u0131nma ve temel hizmetlere eri\u015fimini kaybetmi\u015f aileler aras\u0131nda ihtiya\u00e7 \u00f6l\u00e7e\u011finin her ge\u00e7en g\u00fcn artt\u0131\u011f\u0131n\u0131 g\u00f6r\u00fcyor. \u00d6nceli\u011fimiz, yerel ortaklarla birlikte \u00e7al\u0131\u015farak en \u00e7ok ihtiya\u00e7 duyulan yere pratik deste\u011fi m\u00fcmk\u00fcn olan en k\u0131sa s\u00fcrede ula\u015ft\u0131rmakt\u0131r&#8221; dedi.<br \/>\nSahadaki ortaklar, ihtiya\u00e7lar geli\u015ftik\u00e7e m\u00fcdahalelerini geni\u015fletmeye devam ediyor; destek hem acil yard\u0131ma hem de temel hizmetlerin s\u00fcrd\u00fcr\u00fclmesine odaklan\u0131yor.<br \/>\nL\u00fcbnan K\u0131z\u0131l Ha\u00e7\u0131 Genel Sekreteri Georges Kettaneh, &#8220;L\u00fcbnan K\u0131z\u0131l Ha\u00e7\u0131, mevcut ko\u015fullar alt\u0131nda, temel ya\u015fam kurtar\u0131c\u0131 ihtiya\u00e7lar\u0131 kar\u015f\u0131lamak ve insan onurunu korumaya yard\u0131mc\u0131 olmak i\u00e7in kapasitesi do\u011frultusunda m\u00fcmk\u00fcn olan t\u00fcm deste\u011fi sa\u011flamak \u00fczere acil m\u00fcdahale operasyonlar\u0131 y\u00fcr\u00fctmektedir. Minnettar oldu\u011fumuz PepsiCo&#8217;nun bu giri\u015fimi, yakla\u015f\u0131k 1.000 ki\u015fiye bir ay boyunca nakit yard\u0131m\u0131 sa\u011flaman\u0131n yan\u0131 s\u0131ra, bir merkezi rehabilite ederek ve hasarl\u0131 ambulanslar\u0131 onararak bu m\u00fcdahaleyi desteklemeye katk\u0131da bulunacakt\u0131r&#8221; \u015feklinde konu\u015ftu.<br \/>\nBuna paralel olarak, MENAPAK Kurumsal \u0130li\u015fkiler Ba\u015fkan Yard\u0131mc\u0131s\u0131 Wael Ismail, &#8220;L\u00fcbnan&#8217;daki topluluklar b\u00fcy\u00fck zorluklarla kar\u015f\u0131 kar\u015f\u0131ya ve bu katk\u0131, bu zorluklar\u0131 hafifletmeye yard\u0131mc\u0131 olmak i\u00e7in k\u00fc\u00e7\u00fck bir ad\u0131md\u0131r. B\u00f6lgede 75 y\u0131l\u0131 a\u015fk\u0131n s\u00fcredir var\u0131z ve insani ve toplumsal \u00e7abalara katk\u0131da bulunmak i\u00e7in ortaklarla s\u00fcrekli \u00e7al\u0131\u015ft\u0131k. Bug\u00fcn oda\u011f\u0131m\u0131z, m\u00fcdahaleyi y\u00f6netenleri desteklemek ve yard\u0131m\u0131n insanlara onurla ula\u015fmas\u0131n\u0131 sa\u011flamaya yard\u0131mc\u0131 olmakt\u0131r&#8221; ifadelerini kulland\u0131.<br \/>\nUluslararas\u0131 ortaklar da topluluklar ve temel hizmetler \u00fczerindeki artan bask\u0131ya dikkat \u00e7ekti.<br \/>\nIRC L\u00fcbnan \u00dclke Direkt\u00f6r\u00fc Magda Rossman ise \u015funlar\u0131 s\u00f6yledi: &#8220;L\u00fcbnan&#8217;daki aileler hayatta kalmak i\u00e7in ellerinden geleni yap\u0131yor. \u0130nsanlar evlerinden ka\u00e7mak zorunda kal\u0131rken, g\u00fcvendikleri sa\u011fl\u0131k, koruma ve e\u011fitim gibi temel hizmetler giderek artan bir bask\u0131 alt\u0131nda. \u00d6zel sekt\u00f6r ortaklar\u0131ndan gelen destek, ekiplerimizin acil durumlarda h\u0131zl\u0131 ve etkili bir \u015fekilde m\u00fcdahale etmesini, en \u00e7ok ihtiya\u00e7 duyulan yere yard\u0131m ula\u015ft\u0131rmas\u0131n\u0131 sa\u011fl\u0131yor.&#8221;<br \/>\nPepsiCo Orta Do\u011fu ve SMLC, geli\u015fen insani ihtiya\u00e7lara yan\u0131t vermek ve b\u00f6lgedeki etkilenen insanlar\u0131 desteklemek i\u00e7in ortaklarla i\u015fbirli\u011fi yapmaya devam edecek.<br \/>\n#L\u00fcbnanYard\u0131m #\u0130nsaniYard\u0131m #PepsiCo #SMLC #K\u0131z\u0131lHa\u00e7 #YerindenEdilenler #L\u00fcbnanKrizi #Ortado\u011fu #AcilDurum #Dayan\u0131\u015fma<\/p>\n","protected":false},"excerpt":{"rendered":"<p>NNA &#8211; L\u00fcbnan&#8217;da devam eden insani acil durum kar\u015f\u0131s\u0131nda, PepsiCo Orta Do\u011fu ve yerel \u015fi\u015feleme orta\u011f\u0131 Soci\u00e9t\u00e9 Moderne Libanaise pour le Commerce (SMLC), yerel ve uluslararas\u0131 ortaklarla birlikte yard\u0131m \u00e7abalar\u0131na katk\u0131da bulunarak, \u00e7at\u0131\u015fma nedeniyle yerinden edilmi\u015f ve son olaylardan etkilenen insanlara destek sa\u011fl\u0131yor. L\u00fcbnan Sosyal \u0130\u015fler Bakanl\u0131\u011f\u0131, Mart ay\u0131n\u0131n ba\u015f\u0131ndan bu yana yerinden edilenlerin say\u0131s\u0131n\u0131n [&hellip;]<\/p>\n","protected":false},"author":2,"featured_media":0,"comment_status":"open","ping_status":"open","sticky":false,"template":"","format":"standard","meta":{"footnotes":""},"categories":[37],"tags":[],"class_list":["post-13766","post","type-post","status-publish","format-standard","hentry","category-orta-dogu-haberleri"],"_links":{"self":[{"href":"https:\/\/fajr.news\/index.php?rest_route=\/wp\/v2\/posts\/13766","targetHints":{"allow":["GET"]}}],"collection":[{"href":"https:\/\/fajr.news\/index.php?rest_route=\/wp\/v2\/posts"}],"about":[{"href":"https:\/\/fajr.news\/index.php?rest_route=\/wp\/v2\/types\/post"}],"author":[{"embeddable":true,"href":"https:\/\/fajr.news\/index.php?rest_route=\/wp\/v2\/users\/2"}],"replies":[{"embeddable":true,"href":"https:\/\/fajr.news\/index.php?rest_route=%2Fwp%2Fv2%2Fcomments&post=13766"}],"version-history":[{"count":0,"href":"https:\/\/fajr.news\/index.php?rest_route=\/wp\/v2\/posts\/13766\/revisions"}],"wp:attachment":[{"href":"https:\/\/fajr.news\/index.php?rest_route=%2Fwp%2Fv2%2Fmedia&parent=13766"}],"wp:term":[{"taxonomy":"category","embeddable":true,"href":"https:\/\/fajr.news\/index.php?rest_route=%2Fwp%2Fv2%2Fcategories&post=13766"},{"taxonomy":"post_tag","embeddable":true,"href":"https:\/\/fajr.news\/index.php?rest_route=%2Fwp%2Fv2%2Ftags&post=13766"}],"curies":[{"name":"wp","href":"https:\/\/api.w.org\/{rel}","templated":true}]}}