{"id":13758,"date":"2026-04-30T23:09:08","date_gmt":"2026-04-30T19:39:08","guid":{"rendered":"https:\/\/fajr.news\/?p=13758"},"modified":"2026-04-30T23:09:08","modified_gmt":"2026-04-30T19:39:08","slug":"bae-neden-opecten-ayrildi-ve-bu-neden-onemli","status":"publish","type":"post","link":"https:\/\/fajr.news\/?p=13758&lang=tr","title":{"rendered":"BAE neden OPEC&#8217;ten ayr\u0131ld\u0131 ve bu neden \u00f6nemli?"},"content":{"rendered":"<p>Birle\u015fik Arap Emirlikleri (BAE), yakla\u015f\u0131k 60 y\u0131ld\u0131r \u00fcyesi oldu\u011fu Petrol \u0130hra\u00e7 Eden \u00dclkeler \u00d6rg\u00fct\u00fc (OPEC)&#8217;ten ayr\u0131ld\u0131\u011f\u0131n\u0131 duyurdu. \u00c7o\u011funlukla K\u00f6rfez \u00fclkelerinden olu\u015fan ve k\u00fcresel petrol \u00fcretimini denetleyerek d\u00fcnya fiyatlar\u0131 \u00fczerinde b\u00fcy\u00fck bir etkiye sahip olan OPEC i\u00e7in BAE&#8217;nin ani ayr\u0131l\u0131\u011f\u0131 \u00f6nemli bir darbe olarak g\u00f6r\u00fcl\u00fcyor. Bu ayr\u0131l\u0131k, grubun gelece\u011fi \u00fczerinde soru i\u015faretleri yarat\u0131rken, ayn\u0131 zamanda k\u00fcresel enerji piyasalar\u0131 ve t\u00fcketiciler \u00fczerinde de potansiyel etkiler yaratabilir.<\/p>\n<p>#BAE #OPEC #Petrol #EnerjiPiyasas\u0131 #K\u00fcreselEkonomi #PetrolFiyatlar\u0131 #K\u00f6rfez\u00dclkeleri #Petrol\u00dcretimi #EkonomiHaberleri #Uluslararas\u0131\u0130li\u015fkiler<\/p>\n","protected":false},"excerpt":{"rendered":"<p>Birle\u015fik Arap Emirlikleri (BAE), yakla\u015f\u0131k 60 y\u0131ld\u0131r \u00fcyesi oldu\u011fu Petrol \u0130hra\u00e7 Eden \u00dclkeler \u00d6rg\u00fct\u00fc (OPEC)&#8217;ten ayr\u0131ld\u0131\u011f\u0131n\u0131 duyurdu. \u00c7o\u011funlukla K\u00f6rfez \u00fclkelerinden olu\u015fan ve k\u00fcresel petrol \u00fcretimini denetleyerek d\u00fcnya fiyatlar\u0131 \u00fczerinde b\u00fcy\u00fck bir etkiye sahip olan OPEC i\u00e7in BAE&#8217;nin ani ayr\u0131l\u0131\u011f\u0131 \u00f6nemli bir darbe olarak g\u00f6r\u00fcl\u00fcyor. Bu ayr\u0131l\u0131k, grubun gelece\u011fi \u00fczerinde soru i\u015faretleri yarat\u0131rken, ayn\u0131 zamanda k\u00fcresel [&hellip;]<\/p>\n","protected":false},"author":2,"featured_media":13759,"comment_status":"open","ping_status":"open","sticky":false,"template":"","format":"standard","meta":{"footnotes":""},"categories":[37],"tags":[],"class_list":["post-13758","post","type-post","status-publish","format-standard","has-post-thumbnail","hentry","category-orta-dogu-haberleri"],"_links":{"self":[{"href":"https:\/\/fajr.news\/index.php?rest_route=\/wp\/v2\/posts\/13758","targetHints":{"allow":["GET"]}}],"collection":[{"href":"https:\/\/fajr.news\/index.php?rest_route=\/wp\/v2\/posts"}],"about":[{"href":"https:\/\/fajr.news\/index.php?rest_route=\/wp\/v2\/types\/post"}],"author":[{"embeddable":true,"href":"https:\/\/fajr.news\/index.php?rest_route=\/wp\/v2\/users\/2"}],"replies":[{"embeddable":true,"href":"https:\/\/fajr.news\/index.php?rest_route=%2Fwp%2Fv2%2Fcomments&post=13758"}],"version-history":[{"count":0,"href":"https:\/\/fajr.news\/index.php?rest_route=\/wp\/v2\/posts\/13758\/revisions"}],"wp:featuredmedia":[{"embeddable":true,"href":"https:\/\/fajr.news\/index.php?rest_route=\/wp\/v2\/media\/13759"}],"wp:attachment":[{"href":"https:\/\/fajr.news\/index.php?rest_route=%2Fwp%2Fv2%2Fmedia&parent=13758"}],"wp:term":[{"taxonomy":"category","embeddable":true,"href":"https:\/\/fajr.news\/index.php?rest_route=%2Fwp%2Fv2%2Fcategories&post=13758"},{"taxonomy":"post_tag","embeddable":true,"href":"https:\/\/fajr.news\/index.php?rest_route=%2Fwp%2Fv2%2Ftags&post=13758"}],"curies":[{"name":"wp","href":"https:\/\/api.w.org\/{rel}","templated":true}]}}