{"id":13730,"date":"2026-04-30T22:29:15","date_gmt":"2026-04-30T18:59:15","guid":{"rendered":"https:\/\/fajr.news\/?p=13730"},"modified":"2026-04-30T22:29:15","modified_gmt":"2026-04-30T18:59:15","slug":"fia-yol-guvenligi-girisimini-afrika-ve-orta-doguya-genisletiyor","status":"publish","type":"post","link":"https:\/\/fajr.news\/?p=13730&lang=tr","title":{"rendered":"FIA, yol g\u00fcvenli\u011fi giri\u015fimini Afrika ve Orta Do\u011fu&#8217;ya geni\u015fletiyor"},"content":{"rendered":"<p>Kurulu\u015fun ba\u015fkan\u0131 Mohammed Ben Sulayem, yollar\u0131 daha g\u00fcvenli hale getirme ve d\u00fcnya \u00e7ap\u0131nda kal\u0131c\u0131 de\u011fi\u015fim sa\u011flama yolundaki bu kararl\u0131 ad\u0131m\u0131 takdirle kar\u015f\u0131lad\u0131.<\/p>\n<p>DUBA\u0130: Motor sporlar\u0131n\u0131n d\u00fcnya y\u00f6netim organ\u0131 ve mobilite kurulu\u015flar\u0131 federasyonu olan Uluslararas\u0131 Otomobil Federasyonu (FIA), b\u00fcy\u00fck bir yol g\u00fcvenli\u011fi giri\u015fiminin Afrika ve Orta Do\u011fu&#8217;ya geni\u015fletildi\u011fini duyurdu.<\/p>\n<p>FIA Herkes \u0130\u00e7in ve Ya\u015fam \u0130\u00e7in G\u00fcvenli Mobilite (Safe Mobility 4 All and 4 Life) program\u0131, yerel yetkilileri ve kurulu\u015flar\u0131 e\u011fitim, mentorluk ve kan\u0131ta dayal\u0131 eylemlerle destekleyerek herkes i\u00e7in yol g\u00fcvenli\u011fini art\u0131ran somut projeler geli\u015ftirmeyi hedefliyor.<\/p>\n<p>Trafik kazalar\u0131, \u00f6zellikle d\u00fc\u015f\u00fck ve orta gelirli \u00fclkelerde d\u00fcnya genelinde \u00f6nde gelen \u00f6l\u00fcm nedenlerinden biri olmaya devam ediyor. D\u00fcnya Sa\u011fl\u0131k \u00d6rg\u00fct\u00fc&#8217;ne g\u00f6re, Afrika b\u00f6lgesi k\u00fcresel olarak en y\u00fcksek trafik kazas\u0131 \u00f6l\u00fcm oran\u0131n\u0131 kaydederken, MENA b\u00f6lgesindeki \u00fclkeler \u00f6nemli ve kal\u0131c\u0131 yol g\u00fcvenli\u011fi sorunlar\u0131yla kar\u015f\u0131 kar\u015f\u0131ya kalmaya devam ediyor.<\/p>\n<p>FIA Herkes \u0130\u00e7in ve Ya\u015fam \u0130\u00e7in G\u00fcvenli Mobilite program\u0131n\u0131n geni\u015fletilmesi, program\u0131n Amerika ve Asya-Pasifik b\u00f6lgelerindeki ba\u015far\u0131l\u0131 uygulamas\u0131n\u0131n ard\u0131ndan geliyor ve FIA&#8217;n\u0131n d\u00fcnya genelindeki yol kullan\u0131c\u0131lar\u0131 i\u00e7in g\u00fcvenli mobiliteyi te\u015fvik etme ve koruma \u00e7abalar\u0131n\u0131 daha da g\u00fc\u00e7lendiriyor.<\/p>\n<p>FIA Ba\u015fkan\u0131 Mohammed Ben Sulayem \u015funlar\u0131 s\u00f6yledi: \u201c\u0130lk FIA Herkes \u0130\u00e7in ve Ya\u015fam \u0130\u00e7in G\u00fcvenli Mobilite programlar\u0131n\u0131n ba\u015far\u0131s\u0131n\u0131n ard\u0131ndan, giri\u015fimi Afrika ve Orta Do\u011fu&#8217;ya geni\u015fletti\u011fimizi duyurmaktan mutluluk duyuyorum. Bu, yollar\u0131 daha g\u00fcvenli hale getirme ve d\u00fcnya \u00e7ap\u0131nda kal\u0131c\u0131 de\u011fi\u015fim sa\u011flama yolunda kararl\u0131 bir ad\u0131m\u0131 i\u015faret ediyor.<\/p>\n<p>\u201cBirle\u015fmi\u015f Milletler E\u011fitim ve Ara\u015ft\u0131rma Enstit\u00fcs\u00fc ile ortakl\u0131\u011f\u0131m\u0131z arac\u0131l\u0131\u011f\u0131yla, k\u00fcresel eylemi y\u00f6nlendirmek ve t\u00fcm yol kullan\u0131c\u0131lar\u0131 i\u00e7in daha g\u00fcvenli bir gelecek in\u015fa etmek amac\u0131yla \u00fcyelerimizi gerekli ara\u00e7lar ve a\u011flarla donatmak i\u00e7in birlikte \u00e7al\u0131\u015f\u0131yoruz.\u201d<\/p>\n<p>Program, FIA taraf\u0131ndan UNITAR ile i\u015fbirli\u011fi i\u00e7inde ve FIA Vakf\u0131&#8217;n\u0131n deste\u011fiyle geli\u015ftirildi.<\/p>\n<p>FIA B\u00f6lge I MENA Mobilite Konseyi Ba\u015fkan\u0131 Essa Hamza Al-Failakawi \u015funlar\u0131 belirtti: \u201cOrta Do\u011fu ve Kuzey Afrika genelinde yol g\u00fcvenli\u011fini art\u0131rmak, g\u00fc\u00e7l\u00fc i\u015fbirli\u011fi ve de\u011fi\u015fime y\u00f6nelik ortak bir ba\u011fl\u0131l\u0131k gerektiriyor. Herkes \u0130\u00e7in ve Ya\u015fam \u0130\u00e7in G\u00fcvenli Mobilite program\u0131 arac\u0131l\u0131\u011f\u0131yla b\u00f6lgesel i\u015fbirli\u011fini g\u00fc\u00e7lendirebilir ve \u00fcye kul\u00fcplerimizi daha g\u00fcvenli mobilite sistemleri olu\u015fturmada \u00f6nc\u00fc bir rol oynamalar\u0131 i\u00e7in destekleyebiliriz.\u201d<\/p>\n<p>FIA B\u00f6lge I ACTA Ba\u015fkan\u0131 Jinaro Kibet ise \u015funlar\u0131 ekledi: \u201cYol g\u00fcvenli\u011fi, Afrika genelindeki en acil halk sa\u011fl\u0131\u011f\u0131 sorunlar\u0131ndan biridir ve FIA Herkes \u0130\u00e7in ve Ya\u015fam \u0130\u00e7in G\u00fcvenli Mobilite gibi giri\u015fimler, bu sorunu b\u00fcy\u00fck \u00f6l\u00e7ekte ele almam\u0131za yard\u0131mc\u0131 olmak i\u00e7in kritik \u00f6neme sahiptir. Bu program, \u00fcye kul\u00fcplerimizi topluluklar\u0131 i\u00e7inde pratik, hayat kurtar\u0131c\u0131 \u00e7\u00f6z\u00fcmler sunmalar\u0131 i\u00e7in k\u00fcresel uzmanl\u0131kla g\u00fc\u00e7lendiriyor.\u201d<\/p>\n<p>#FIASafeMobility #YolG\u00fcvenli\u011fi #Afrika #OrtaDo\u011fu #TrafikG\u00fcvenli\u011fi #G\u00fcvenliYollar #FIA #Mobilite #K\u00fcreselDe\u011fi\u015fim #HayatKurtaran\u00c7\u00f6z\u00fcmler<\/p>\n","protected":false},"excerpt":{"rendered":"<p>Kurulu\u015fun ba\u015fkan\u0131 Mohammed Ben Sulayem, yollar\u0131 daha g\u00fcvenli hale getirme ve d\u00fcnya \u00e7ap\u0131nda kal\u0131c\u0131 de\u011fi\u015fim sa\u011flama yolundaki bu kararl\u0131 ad\u0131m\u0131 takdirle kar\u015f\u0131lad\u0131. DUBA\u0130: Motor sporlar\u0131n\u0131n d\u00fcnya y\u00f6netim organ\u0131 ve mobilite kurulu\u015flar\u0131 federasyonu olan Uluslararas\u0131 Otomobil Federasyonu (FIA), b\u00fcy\u00fck bir yol g\u00fcvenli\u011fi giri\u015fiminin Afrika ve Orta Do\u011fu&#8217;ya geni\u015fletildi\u011fini duyurdu. FIA Herkes \u0130\u00e7in ve Ya\u015fam \u0130\u00e7in G\u00fcvenli [&hellip;]<\/p>\n","protected":false},"author":2,"featured_media":13731,"comment_status":"open","ping_status":"open","sticky":false,"template":"","format":"standard","meta":{"footnotes":""},"categories":[37],"tags":[],"class_list":["post-13730","post","type-post","status-publish","format-standard","has-post-thumbnail","hentry","category-orta-dogu-haberleri"],"_links":{"self":[{"href":"https:\/\/fajr.news\/index.php?rest_route=\/wp\/v2\/posts\/13730","targetHints":{"allow":["GET"]}}],"collection":[{"href":"https:\/\/fajr.news\/index.php?rest_route=\/wp\/v2\/posts"}],"about":[{"href":"https:\/\/fajr.news\/index.php?rest_route=\/wp\/v2\/types\/post"}],"author":[{"embeddable":true,"href":"https:\/\/fajr.news\/index.php?rest_route=\/wp\/v2\/users\/2"}],"replies":[{"embeddable":true,"href":"https:\/\/fajr.news\/index.php?rest_route=%2Fwp%2Fv2%2Fcomments&post=13730"}],"version-history":[{"count":0,"href":"https:\/\/fajr.news\/index.php?rest_route=\/wp\/v2\/posts\/13730\/revisions"}],"wp:featuredmedia":[{"embeddable":true,"href":"https:\/\/fajr.news\/index.php?rest_route=\/wp\/v2\/media\/13731"}],"wp:attachment":[{"href":"https:\/\/fajr.news\/index.php?rest_route=%2Fwp%2Fv2%2Fmedia&parent=13730"}],"wp:term":[{"taxonomy":"category","embeddable":true,"href":"https:\/\/fajr.news\/index.php?rest_route=%2Fwp%2Fv2%2Fcategories&post=13730"},{"taxonomy":"post_tag","embeddable":true,"href":"https:\/\/fajr.news\/index.php?rest_route=%2Fwp%2Fv2%2Ftags&post=13730"}],"curies":[{"name":"wp","href":"https:\/\/api.w.org\/{rel}","templated":true}]}}