{"id":13714,"date":"2026-04-30T21:50:08","date_gmt":"2026-04-30T18:20:08","guid":{"rendered":"https:\/\/fajr.news\/?p=13714"},"modified":"2026-04-30T21:50:08","modified_gmt":"2026-04-30T18:20:08","slug":"trump-ve-putin-telefonda-orta-dogu-ve-ukraynayi-gorustu","status":"publish","type":"post","link":"https:\/\/fajr.news\/?p=13714&lang=tr","title":{"rendered":"Trump ve Putin telefonda Orta Do\u011fu ve Ukrayna&#8217;y\u0131 g\u00f6r\u00fc\u015ft\u00fc"},"content":{"rendered":"<p>Rusya D\u0131\u015fi\u015fleri Bakanl\u0131\u011f\u0131&#8217;n\u0131n bildirdi\u011fine g\u00f6re, ABD ve Rusya Devlet Ba\u015fkanlar\u0131 Donald Trump ve Vladimir Putin, 29 Nisan&#8217;da bir bu\u00e7uk saati a\u015fk\u0131n s\u00fcren bir telefon g\u00f6r\u00fc\u015fmesi ger\u00e7ekle\u015ftirdi.<\/p>\n<p>Rusya Federasyonu Devlet Ba\u015fkan\u0131 Yard\u0131mc\u0131s\u0131 Yuri U\u015fakov&#8217;un aktard\u0131\u011f\u0131na g\u00f6re, Putin, Trump&#8217;a y\u00f6nelik suikast giri\u015fimiyle ilgili olarak desteklerini iletti ve ya\u015fananlar\u0131 \u015fiddetle k\u0131nad\u0131.<\/p>\n<p>Vladimir Putin, Zafer Bayram\u0131 kutlamalar\u0131 s\u0131ras\u0131nda ate\u015fkes ilan etmeye haz\u0131r oldu\u011funu belirtti. U\u015fakov, &#8220;Donald Trump, Rusya taraf\u0131ndan k\u0131sa s\u00fcre \u00f6nce ilan edilen Paskalya ate\u015fkesini olumlu de\u011ferlendirdi. Bu ba\u011flamda Vladimir Putin, Amerikal\u0131 mevkida\u015f\u0131na Zafer Bayram\u0131 kutlamalar\u0131 s\u0131ras\u0131nda da ate\u015fkes ilan etmeye haz\u0131r oldu\u011funu bildirdi ve Trump bu giri\u015fimi aktif olarak destekledi&#8221; dedi.<\/p>\n<p>Rusya Devlet Ba\u015fkan\u0131 ayr\u0131ca Amerikal\u0131 mevkida\u015f\u0131n\u0131 Ukrayna&#8217;daki \u00e7at\u0131\u015fma b\u00f6lgesindeki durum hakk\u0131nda bilgilendirerek, \u00f6zel askeri operasyonun hedeflerine ula\u015f\u0131laca\u011f\u0131n\u0131 ancak Moskova&#8217;n\u0131n sorunu m\u00fczakereler yoluyla \u00e7\u00f6zmeyi tercih etti\u011fini vurgulad\u0131. Ona g\u00f6re, \u00e7at\u0131\u015fman\u0131n \u00e7\u00f6z\u00fcm\u00fc i\u00e7in Vladimir Zelenskiy&#8217;nin daha \u00f6nce dile getirilen \u00f6nerilere olumlu yan\u0131t vermesi gerekiyor.<\/p>\n<p>U\u015fakov&#8217;a g\u00f6re Trump, \u00e7at\u0131\u015fmalar\u0131n h\u0131zl\u0131 bir \u015fekilde sona ermesinin \u00f6nemini ve buna her t\u00fcrl\u00fc katk\u0131y\u0131 sa\u011flamaya haz\u0131r oldu\u011funu vurgulad\u0131: &#8220;G\u00fcvenilir temsilcileri hem Moskova hem de Kiev ile temaslar\u0131n\u0131 s\u00fcrd\u00fcrecek. Donald Trump, Ukrayna&#8217;daki \u00e7at\u0131\u015fmay\u0131 sona erdirecek bir anla\u015fman\u0131n zaten yak\u0131n oldu\u011funa inan\u0131yor.&#8221;<\/p>\n<p>U\u015fakov, hem Vladimir Putin hem de Donald Trump&#8217;\u0131n, Avrupal\u0131lar taraf\u0131ndan k\u0131\u015fk\u0131rt\u0131lan ve onlar\u0131n deste\u011fiyle \u00e7at\u0131\u015fmay\u0131 uzatma \u00e7izgisini izleyen Zelenskiy liderli\u011findeki Kiev rejiminin davran\u0131\u015flar\u0131 hakk\u0131nda esasen benzer de\u011ferlendirmelerde bulundu\u011funu kaydetti.<\/p>\n<p>\u0130ran \u00e7evresindeki durum ayr\u0131ca ele al\u0131nd\u0131. Putin, Trump&#8217;\u0131n ate\u015fkes rejimini uzatma karar\u0131n\u0131 olumlu de\u011ferlendirdi ve bunun durumu istikrara kavu\u015fturmaya katk\u0131da bulunabilece\u011fini belirtti. Ayr\u0131ca Rusya Devlet Ba\u015fkan\u0131, \u0130ran&#8217;a kar\u015f\u0131 bir kara operasyonunun &#8220;kabul edilemez ve tehlikeli&#8221; olaca\u011f\u0131n\u0131 vurgulad\u0131.<\/p>\n<p>Trump, Putin ile yapt\u0131\u011f\u0131 g\u00f6r\u00fc\u015fmeyi &#8220;\u00e7ok iyi&#8221; olarak nitelendirdi. Ayr\u0131ca Ukrayna \u00e7at\u0131\u015fmas\u0131n\u0131n h\u0131zl\u0131 ve bar\u0131\u015f\u00e7\u0131l bir \u015fekilde \u00e7\u00f6z\u00fclmesini umdu\u011funu belirtti.<\/p>\n<p>Trump&#8217;a g\u00f6re Putin, bir s\u00fcre \u00f6nce Ukrayna konusunda bir anla\u015fma yapmaya haz\u0131rd\u0131 ancak &#8220;baz\u0131 ki\u015filer&#8221; onu engelledi.<\/p>\n<p>Trump, ABD ile Avrupa \u00fclkeleri aras\u0131nda Ukrayna konusunda farkl\u0131l\u0131klar\u0131n devam etti\u011fini kaydetti.<\/p>\n<p>BBC Rus\u00e7a Servisi&#8217;nin bildirdi\u011fine g\u00f6re, Trump bir bas\u0131n toplant\u0131s\u0131nda, bir gazetecinin iki \u00e7at\u0131\u015fmadan hangisinin daha erken sona erece\u011fi sorusuna yan\u0131t verirken \u0130ran&#8217;\u0131 Ukrayna ile kar\u0131\u015ft\u0131rm\u0131\u015f olabilir. ABD Ba\u015fkan\u0131, &#8220;Bilmiyorum. Belki zaman \u00e7izelgeleri ayn\u0131 olur&#8221; diye yan\u0131t verdi. Ve devam etti: &#8220;Ukrayna&#8230; askeri olarak yenildiler. Bunu sahte medyadan duymayacaks\u0131n\u0131z ama askeri olarak&#8230; filo&#8230; 159 gemi &#8211; ve hepsi \u015fimdi su alt\u0131nda.&#8221; Bir hafta \u00f6nce Trump, Amerikan ordusunun 159 \u0130ran gemisini bat\u0131rd\u0131\u011f\u0131n\u0131 zaten belirtmi\u015fti, bu nedenle ba\u011flamdan anla\u015f\u0131ld\u0131\u011f\u0131 \u00fczere, askeri yenilgiden bahsederken Ukrayna&#8217;y\u0131 de\u011fil, \u0130ran&#8217;\u0131 kastetmi\u015fti. Bas\u0131n toplant\u0131s\u0131ndan k\u0131sa bir s\u00fcre sonra, Ukrayna Savunma Kuvvetleri subay\u0131 ve Ulusal G\u00fcvenlik ve Savunma Konseyi Dezenformasyonla M\u00fccadele Merkezi ba\u015fkan\u0131 Andrey Kovalenko bu duruma dikkat \u00e7ekti. Kovalenko, &#8220;Trump, &#8216;159 batan gemi&#8217; ve sava\u015fta yenilgi hakk\u0131nda konu\u015furken Ukrayna ve \u0130ran&#8217;\u0131 kar\u0131\u015ft\u0131rd\u0131. Bunu a\u00e7\u0131kl\u0131\u011fa kavu\u015fturmak \u00f6nemli&#8221; diye yazd\u0131. CNN de askeri yenilgiyi tart\u0131\u015f\u0131rken Trump&#8217;\u0131n muhtemelen yanl\u0131\u015fl\u0131kla ba\u015fka bir \u00fclkenin ad\u0131n\u0131 verdi\u011fini belirtti. Beyaz Saray, Trump&#8217;\u0131n bu a\u00e7\u0131klamalar\u0131 hakk\u0131nda hen\u00fcz yorum yapmad\u0131.<\/p>\n<p>#TrumpPutinG\u00f6r\u00fc\u015fmesi #UkraynaSava\u015f\u0131 #OrtaDo\u011fu #Ate\u015fkes #M\u00fczakereler #\u0130ran #Uluslararas\u0131\u0130li\u015fkiler #ABD #Rusya #Diplomasi<\/p>\n","protected":false},"excerpt":{"rendered":"<p>Rusya D\u0131\u015fi\u015fleri Bakanl\u0131\u011f\u0131&#8217;n\u0131n bildirdi\u011fine g\u00f6re, ABD ve Rusya Devlet Ba\u015fkanlar\u0131 Donald Trump ve Vladimir Putin, 29 Nisan&#8217;da bir bu\u00e7uk saati a\u015fk\u0131n s\u00fcren bir telefon g\u00f6r\u00fc\u015fmesi ger\u00e7ekle\u015ftirdi. Rusya Federasyonu Devlet Ba\u015fkan\u0131 Yard\u0131mc\u0131s\u0131 Yuri U\u015fakov&#8217;un aktard\u0131\u011f\u0131na g\u00f6re, Putin, Trump&#8217;a y\u00f6nelik suikast giri\u015fimiyle ilgili olarak desteklerini iletti ve ya\u015fananlar\u0131 \u015fiddetle k\u0131nad\u0131. Vladimir Putin, Zafer Bayram\u0131 kutlamalar\u0131 s\u0131ras\u0131nda ate\u015fkes [&hellip;]<\/p>\n","protected":false},"author":2,"featured_media":13715,"comment_status":"open","ping_status":"open","sticky":false,"template":"","format":"standard","meta":{"footnotes":""},"categories":[37],"tags":[],"class_list":["post-13714","post","type-post","status-publish","format-standard","has-post-thumbnail","hentry","category-orta-dogu-haberleri"],"_links":{"self":[{"href":"https:\/\/fajr.news\/index.php?rest_route=\/wp\/v2\/posts\/13714","targetHints":{"allow":["GET"]}}],"collection":[{"href":"https:\/\/fajr.news\/index.php?rest_route=\/wp\/v2\/posts"}],"about":[{"href":"https:\/\/fajr.news\/index.php?rest_route=\/wp\/v2\/types\/post"}],"author":[{"embeddable":true,"href":"https:\/\/fajr.news\/index.php?rest_route=\/wp\/v2\/users\/2"}],"replies":[{"embeddable":true,"href":"https:\/\/fajr.news\/index.php?rest_route=%2Fwp%2Fv2%2Fcomments&post=13714"}],"version-history":[{"count":0,"href":"https:\/\/fajr.news\/index.php?rest_route=\/wp\/v2\/posts\/13714\/revisions"}],"wp:featuredmedia":[{"embeddable":true,"href":"https:\/\/fajr.news\/index.php?rest_route=\/wp\/v2\/media\/13715"}],"wp:attachment":[{"href":"https:\/\/fajr.news\/index.php?rest_route=%2Fwp%2Fv2%2Fmedia&parent=13714"}],"wp:term":[{"taxonomy":"category","embeddable":true,"href":"https:\/\/fajr.news\/index.php?rest_route=%2Fwp%2Fv2%2Fcategories&post=13714"},{"taxonomy":"post_tag","embeddable":true,"href":"https:\/\/fajr.news\/index.php?rest_route=%2Fwp%2Fv2%2Ftags&post=13714"}],"curies":[{"name":"wp","href":"https:\/\/api.w.org\/{rel}","templated":true}]}}