{"id":13706,"date":"2026-04-30T21:34:12","date_gmt":"2026-04-30T18:04:12","guid":{"rendered":"https:\/\/fajr.news\/?p=13706"},"modified":"2026-04-30T21:34:12","modified_gmt":"2026-04-30T18:04:12","slug":"iran-abd-gerilimi-tirmaniyor-liderlikten-abdye-net-mesaj-trump-yeni-saldirilari-gundemde-tutuyor","status":"publish","type":"post","link":"https:\/\/fajr.news\/?p=13706&lang=tr","title":{"rendered":"\u0130ran-ABD Gerilimi T\u0131rman\u0131yor: Liderlikten ABD&#8217;ye Net Mesaj, Trump Yeni Sald\u0131r\u0131lar\u0131 G\u00fcndemde Tutuyor"},"content":{"rendered":"<h2>\u0130ran&#8217;dan ABD&#8217;ye Kararl\u0131 Uyar\u0131<\/h2>\n<p>\u0130ran \u0130slam Cumhuriyeti&#8217;nin y\u00fcce lideri <strong>Mojtaba Khamenei<\/strong>, Amerika Birle\u015fik Devletleri&#8217;ne kar\u015f\u0131 kararl\u0131 ve g\u00fc\u00e7l\u00fc bir uyar\u0131da bulundu. Lider Khamenei&#8217;ye atfedilen a\u00e7\u0131klamada, &#8220;k\u00f6t\u00fcl\u00fck i\u015fleyen yabanc\u0131lar\u0131n&#8221; b\u00f6lgede &#8220;suyun derinliklerinden&#8221; ba\u015fka bir yeri olmad\u0131\u011f\u0131 net bir \u015fekilde ifade edildi. Bu a\u00e7\u0131klama, \u0130ran&#8217;\u0131n K\u00f6rfez b\u00f6lgesindeki g\u00fcvenli\u011fi sa\u011flama ve &#8220;d\u00fc\u015fman\u0131n su yolunu k\u00f6t\u00fcye kullanmas\u0131n\u0131&#8221; kesinlikle engelleme konusundaki sars\u0131lmaz iradesini ortaya koydu. Bu kararl\u0131 duru\u015f, ABD&#8217;nin H\u00fcrm\u00fcz Bo\u011faz\u0131 \u00fczerinden \u0130ran&#8217;\u0131n me\u015fru ticaretine y\u00f6nelik yasa d\u0131\u015f\u0131 ablukas\u0131n\u0131 s\u00fcrd\u00fcrd\u00fc\u011f\u00fc bir d\u00f6nemde geldi.<\/p>\n<h2>Trump&#8217;\u0131n Yeni Sald\u0131r\u0131 Planlar\u0131 Endi\u015fe Yarat\u0131yor<\/h2>\n<p>Amerika Birle\u015fik Devletleri Ba\u015fkan\u0131 Donald Trump&#8217;\u0131n, b\u00f6lgedeki gerilimi yeniden t\u0131rmand\u0131rmak amac\u0131yla yeni askeri se\u00e7enekleri de\u011ferlendirdi\u011fi haberleri endi\u015fe yarat\u0131yor. Axios raporuna g\u00f6re, \u0130ran&#8217;a y\u00f6nelik yeni hava sald\u0131r\u0131lar\u0131, s\u0131n\u0131rl\u0131 bir kara g\u00fcc\u00fc konu\u015fland\u0131rmas\u0131 ve zenginle\u015ftirilmi\u015f uranyumu ele ge\u00e7irmek i\u00e7in \u00f6zel kuvvetlerin kullan\u0131lmas\u0131 gibi provokatif ad\u0131mlar se\u00e7enekler aras\u0131nda yer al\u0131yor.<\/p>\n<h2>\u0130ran&#8217;dan Misilleme Tehdidi<\/h2>\n<p>\u0130ran, Washington&#8217;\u0131n herhangi bir sald\u0131r\u0131 giri\u015fimine kar\u015f\u0131 &#8220;uzun ve ac\u0131 verici misillemelerle&#8221; kar\u015f\u0131l\u0131k verece\u011fini a\u00e7\u0131k\u00e7a belirtti. Devrim Muhaf\u0131zlar\u0131&#8217;ndan \u00fcst d\u00fczey bir yetkili, &#8220;B\u00f6lgesel \u00fcslerinize ne oldu\u011funu g\u00f6rd\u00fck, ayn\u0131 \u015feyin sava\u015f gemilerinize de olaca\u011f\u0131n\u0131 g\u00f6rece\u011fiz&#8221; diyerek ABD&#8217;yi olas\u0131 sonu\u00e7lar konusunda uyard\u0131.<\/p>\n<h2>K\u00fcresel Etkiler ve ABD \u0130\u00e7indeki Ele\u015ftiriler<\/h2>\n<p>Bu geli\u015fmelerin yan\u0131 s\u0131ra, ABD&#8217;nin \u0130ran&#8217;a y\u00f6nelik sald\u0131rgan politikalar\u0131n\u0131n k\u00fcresel petrol fiyatlar\u0131n\u0131 varil ba\u015f\u0131na 123 dolar\u0131n \u00fczerine \u00e7\u0131karmas\u0131 ve bu yasa d\u0131\u015f\u0131 sava\u015f\u0131n ABD&#8217;ye \u015fimdiye kadar 25 milyar dolara mal olmas\u0131, bu maceraperestli\u011fin hem b\u00f6lgesel hem de k\u00fcresel istikrara zarar verdi\u011fini g\u00f6steriyor. ABD Kongresi&#8217;ndeki baz\u0131 \u00e7evreler bile Trump y\u00f6netiminin &#8220;ak\u0131ll\u0131ca olmayan bir \u015fekilde&#8221; \u00fclkeyi sava\u015fa s\u00fcr\u00fckledi\u011fini ele\u015ftiriyor, bu da ABD i\u00e7indeki bu politikaya y\u00f6nelik artan rahats\u0131zl\u0131\u011f\u0131 g\u00f6zler \u00f6n\u00fcne seriyor.<\/p>\n<p>#\u0130ranABDGerilimi #H\u00fcrm\u00fczBo\u011faz\u0131 #MojtabaKhamenei #DonaldTrump #\u0130ranSava\u015f\u0131 #PetrolFiyatlar\u0131 #ABD\u0130ran\u0130li\u015fkileri #Ortado\u011fu #Sava\u015fYetkileriYasas\u0131 #K\u00fcreselG\u00fcvenlik<\/p>\n","protected":false},"excerpt":{"rendered":"<p>\u0130ran&#8217;dan ABD&#8217;ye Kararl\u0131 Uyar\u0131 \u0130ran \u0130slam Cumhuriyeti&#8217;nin y\u00fcce lideri Mojtaba Khamenei, Amerika Birle\u015fik Devletleri&#8217;ne kar\u015f\u0131 kararl\u0131 ve g\u00fc\u00e7l\u00fc bir uyar\u0131da bulundu. Lider Khamenei&#8217;ye atfedilen a\u00e7\u0131klamada, &#8220;k\u00f6t\u00fcl\u00fck i\u015fleyen yabanc\u0131lar\u0131n&#8221; b\u00f6lgede &#8220;suyun derinliklerinden&#8221; ba\u015fka bir yeri olmad\u0131\u011f\u0131 net bir \u015fekilde ifade edildi. Bu a\u00e7\u0131klama, \u0130ran&#8217;\u0131n K\u00f6rfez b\u00f6lgesindeki g\u00fcvenli\u011fi sa\u011flama ve &#8220;d\u00fc\u015fman\u0131n su yolunu k\u00f6t\u00fcye kullanmas\u0131n\u0131&#8221; kesinlikle engelleme [&hellip;]<\/p>\n","protected":false},"author":2,"featured_media":13707,"comment_status":"open","ping_status":"open","sticky":false,"template":"","format":"standard","meta":{"footnotes":""},"categories":[31],"tags":[],"class_list":["post-13706","post","type-post","status-publish","format-standard","has-post-thumbnail","hentry","category-iran-haberleri"],"_links":{"self":[{"href":"https:\/\/fajr.news\/index.php?rest_route=\/wp\/v2\/posts\/13706","targetHints":{"allow":["GET"]}}],"collection":[{"href":"https:\/\/fajr.news\/index.php?rest_route=\/wp\/v2\/posts"}],"about":[{"href":"https:\/\/fajr.news\/index.php?rest_route=\/wp\/v2\/types\/post"}],"author":[{"embeddable":true,"href":"https:\/\/fajr.news\/index.php?rest_route=\/wp\/v2\/users\/2"}],"replies":[{"embeddable":true,"href":"https:\/\/fajr.news\/index.php?rest_route=%2Fwp%2Fv2%2Fcomments&post=13706"}],"version-history":[{"count":0,"href":"https:\/\/fajr.news\/index.php?rest_route=\/wp\/v2\/posts\/13706\/revisions"}],"wp:featuredmedia":[{"embeddable":true,"href":"https:\/\/fajr.news\/index.php?rest_route=\/wp\/v2\/media\/13707"}],"wp:attachment":[{"href":"https:\/\/fajr.news\/index.php?rest_route=%2Fwp%2Fv2%2Fmedia&parent=13706"}],"wp:term":[{"taxonomy":"category","embeddable":true,"href":"https:\/\/fajr.news\/index.php?rest_route=%2Fwp%2Fv2%2Fcategories&post=13706"},{"taxonomy":"post_tag","embeddable":true,"href":"https:\/\/fajr.news\/index.php?rest_route=%2Fwp%2Fv2%2Ftags&post=13706"}],"curies":[{"name":"wp","href":"https:\/\/api.w.org\/{rel}","templated":true}]}}