{"id":13698,"date":"2026-04-30T21:29:44","date_gmt":"2026-04-30T17:59:44","guid":{"rendered":"https:\/\/fajr.news\/?p=13698"},"modified":"2026-04-30T21:29:44","modified_gmt":"2026-04-30T17:59:44","slug":"lubnanda-125-milyondan-fazla-kisi-gida-guvensizligi-riski-altinda","status":"publish","type":"post","link":"https:\/\/fajr.news\/?p=13698&lang=tr","title":{"rendered":"L\u00fcbnan&#8217;da 1,25 Milyondan Fazla Ki\u015fi G\u0131da G\u00fcvensizli\u011fi Riski Alt\u0131nda"},"content":{"rendered":"<p>Birle\u015fmi\u015f Milletler ve L\u00fcbnan h\u00fck\u00fcmetinin \u00c7ar\u015famba g\u00fcn\u00fc yay\u0131mlad\u0131\u011f\u0131 ortak rapora g\u00f6re, L\u00fcbnan&#8217;da 1,25 milyondan fazla ki\u015fi A\u011fustos ay\u0131na kadar kriz seviyesinde veya daha k\u00f6t\u00fc g\u0131da g\u00fcvensizli\u011fiyle kar\u015f\u0131 kar\u015f\u0131ya kalabilir.<br \/>\nL\u00fcbnan Tar\u0131m Bakanl\u0131\u011f\u0131, BM G\u0131da ve Tar\u0131m \u00d6rg\u00fct\u00fc (FAO) ve D\u00fcnya G\u0131da Program\u0131 (WFP) taraf\u0131ndan yay\u0131mlanan rapor, \u00fclkedeki son sava\u015f\u0131n \u00f6nceki insani kazan\u0131mlar\u0131 tersine \u00e7evirerek L\u00fcbnan&#8217;\u0131 artan ekonomik ve ya\u015fam bask\u0131lar\u0131 aras\u0131nda yeniden krize s\u00fcr\u00fckledi\u011fi uyar\u0131s\u0131nda bulundu.<br \/>\nWFP&#8217;nin L\u00fcbnan temsilcisi Allison Oman Lawi, daha \u00f6nce dikkat \u00e7ekilen k\u0131r\u0131lganl\u0131\u011f\u0131n &#8220;\u015fimdi ger\u00e7ek oldu\u011funu kan\u0131tlad\u0131\u011f\u0131n\u0131&#8221; belirtti. Lawi, &#8220;Ge\u00e7imini zar zor sa\u011flayan aileler, \u00e7at\u0131\u015fma, yerinden edilme ve artan maliyetlerin birle\u015fmesiyle g\u0131dan\u0131n giderek daha pahal\u0131 hale gelmesi nedeniyle yeniden krize s\u00fcr\u00fckleniyor&#8221; diye ekledi.<br \/>\nFAO&#8217;nun L\u00fcbnan temsilcisi Nora Ourabah Haddad ise, &#8220;Birle\u015fik \u015foklar tar\u0131msal ge\u00e7im kaynaklar\u0131n\u0131 baltal\u0131yor ve g\u0131da g\u00fcvenli\u011fini etkiliyor, bu da \u00e7ift\u00e7ileri desteklemek ve daha fazla bozulmay\u0131 \u00f6nlemek i\u00e7in acil tar\u0131msal yard\u0131ma olan ihtiyac\u0131n alt\u0131n\u0131 \u00e7iziyor&#8221; dedi.<br \/>\nL\u00fcbnan, y\u0131llard\u0131r k\u00f6t\u00fcle\u015fen ekonomik ve ya\u015fam krizleriyle kar\u015f\u0131 kar\u015f\u0131ya ve bu durum, insanlar\u0131n temel ihtiya\u00e7lar\u0131n\u0131 kar\u015f\u0131lama yetene\u011fini \u00f6nemli \u00f6l\u00e7\u00fcde etkileyen son \u00e7at\u0131\u015fma t\u0131rman\u0131\u015f\u0131yla daha da a\u011f\u0131rla\u015ft\u0131.<br \/>\n#L\u00fcbnan #G\u0131daG\u00fcvensizli\u011fi #BM #WFP #FAO #EkonomikKriz #\u0130nsaniYard\u0131m #\u00c7at\u0131\u015fma #Ortado\u011fu #A\u00e7l\u0131kRiski<\/p>\n","protected":false},"excerpt":{"rendered":"<p>Birle\u015fmi\u015f Milletler ve L\u00fcbnan h\u00fck\u00fcmetinin \u00c7ar\u015famba g\u00fcn\u00fc yay\u0131mlad\u0131\u011f\u0131 ortak rapora g\u00f6re, L\u00fcbnan&#8217;da 1,25 milyondan fazla ki\u015fi A\u011fustos ay\u0131na kadar kriz seviyesinde veya daha k\u00f6t\u00fc g\u0131da g\u00fcvensizli\u011fiyle kar\u015f\u0131 kar\u015f\u0131ya kalabilir. L\u00fcbnan Tar\u0131m Bakanl\u0131\u011f\u0131, BM G\u0131da ve Tar\u0131m \u00d6rg\u00fct\u00fc (FAO) ve D\u00fcnya G\u0131da Program\u0131 (WFP) taraf\u0131ndan yay\u0131mlanan rapor, \u00fclkedeki son sava\u015f\u0131n \u00f6nceki insani kazan\u0131mlar\u0131 tersine \u00e7evirerek L\u00fcbnan&#8217;\u0131 [&hellip;]<\/p>\n","protected":false},"author":2,"featured_media":13699,"comment_status":"open","ping_status":"open","sticky":false,"template":"","format":"standard","meta":{"footnotes":""},"categories":[37],"tags":[],"class_list":["post-13698","post","type-post","status-publish","format-standard","has-post-thumbnail","hentry","category-orta-dogu-haberleri"],"_links":{"self":[{"href":"https:\/\/fajr.news\/index.php?rest_route=\/wp\/v2\/posts\/13698","targetHints":{"allow":["GET"]}}],"collection":[{"href":"https:\/\/fajr.news\/index.php?rest_route=\/wp\/v2\/posts"}],"about":[{"href":"https:\/\/fajr.news\/index.php?rest_route=\/wp\/v2\/types\/post"}],"author":[{"embeddable":true,"href":"https:\/\/fajr.news\/index.php?rest_route=\/wp\/v2\/users\/2"}],"replies":[{"embeddable":true,"href":"https:\/\/fajr.news\/index.php?rest_route=%2Fwp%2Fv2%2Fcomments&post=13698"}],"version-history":[{"count":0,"href":"https:\/\/fajr.news\/index.php?rest_route=\/wp\/v2\/posts\/13698\/revisions"}],"wp:featuredmedia":[{"embeddable":true,"href":"https:\/\/fajr.news\/index.php?rest_route=\/wp\/v2\/media\/13699"}],"wp:attachment":[{"href":"https:\/\/fajr.news\/index.php?rest_route=%2Fwp%2Fv2%2Fmedia&parent=13698"}],"wp:term":[{"taxonomy":"category","embeddable":true,"href":"https:\/\/fajr.news\/index.php?rest_route=%2Fwp%2Fv2%2Fcategories&post=13698"},{"taxonomy":"post_tag","embeddable":true,"href":"https:\/\/fajr.news\/index.php?rest_route=%2Fwp%2Fv2%2Ftags&post=13698"}],"curies":[{"name":"wp","href":"https:\/\/api.w.org\/{rel}","templated":true}]}}