{"id":13674,"date":"2026-04-30T20:49:07","date_gmt":"2026-04-30T17:19:07","guid":{"rendered":"https:\/\/fajr.news\/?p=13674"},"modified":"2026-04-30T20:49:07","modified_gmt":"2026-04-30T17:19:07","slug":"japon-hisse-senetleri-zayif-uretim-verileri-ve-orta-dogu-riskleri-nedeniyle-dustu","status":"publish","type":"post","link":"https:\/\/fajr.news\/?p=13674&lang=tr","title":{"rendered":"Japon Hisse Senetleri Zay\u0131f \u00dcretim Verileri ve Orta Do\u011fu Riskleri Nedeniyle D\u00fc\u015ft\u00fc"},"content":{"rendered":"<p>Japon hisse senetleri piyasas\u0131, a\u00e7\u0131klanan zay\u0131f \u00fcretim verilerinin ekonomik b\u00fcy\u00fcmeye ili\u015fkin endi\u015feleri art\u0131rmas\u0131 ve Orta Do\u011fu&#8217;daki jeopolitik risklerin y\u00fckselmesiyle d\u00fc\u015f\u00fc\u015f ya\u015fad\u0131. Yat\u0131r\u0131mc\u0131lar, k\u00fcresel tedarik zincirleri ve enerji fiyatlar\u0131 \u00fczerindeki potansiyel olumsuz etkiler nedeniyle temkinli bir duru\u015f sergiledi. Bu durum, \u00f6zellikle Nikkei 225 endeksinde belirgin kay\u0131plara yol a\u00e7t\u0131.<\/p>\n<p>#Japonya #Borsa #Nikkei225 #Ekonomi #\u00dcretimVerileri #OrtaDo\u011fuRiskleri #JeopolitikRiskler #K\u00fcreselPiyasalar #Yat\u0131r\u0131m #HisseSenedi<\/p>\n","protected":false},"excerpt":{"rendered":"<p>Japon hisse senetleri piyasas\u0131, a\u00e7\u0131klanan zay\u0131f \u00fcretim verilerinin ekonomik b\u00fcy\u00fcmeye ili\u015fkin endi\u015feleri art\u0131rmas\u0131 ve Orta Do\u011fu&#8217;daki jeopolitik risklerin y\u00fckselmesiyle d\u00fc\u015f\u00fc\u015f ya\u015fad\u0131. Yat\u0131r\u0131mc\u0131lar, k\u00fcresel tedarik zincirleri ve enerji fiyatlar\u0131 \u00fczerindeki potansiyel olumsuz etkiler nedeniyle temkinli bir duru\u015f sergiledi. Bu durum, \u00f6zellikle Nikkei 225 endeksinde belirgin kay\u0131plara yol a\u00e7t\u0131. #Japonya #Borsa #Nikkei225 #Ekonomi #\u00dcretimVerileri #OrtaDo\u011fuRiskleri #JeopolitikRiskler #K\u00fcreselPiyasalar [&hellip;]<\/p>\n","protected":false},"author":2,"featured_media":13675,"comment_status":"open","ping_status":"open","sticky":false,"template":"","format":"standard","meta":{"footnotes":""},"categories":[37],"tags":[],"class_list":["post-13674","post","type-post","status-publish","format-standard","has-post-thumbnail","hentry","category-orta-dogu-haberleri"],"_links":{"self":[{"href":"https:\/\/fajr.news\/index.php?rest_route=\/wp\/v2\/posts\/13674","targetHints":{"allow":["GET"]}}],"collection":[{"href":"https:\/\/fajr.news\/index.php?rest_route=\/wp\/v2\/posts"}],"about":[{"href":"https:\/\/fajr.news\/index.php?rest_route=\/wp\/v2\/types\/post"}],"author":[{"embeddable":true,"href":"https:\/\/fajr.news\/index.php?rest_route=\/wp\/v2\/users\/2"}],"replies":[{"embeddable":true,"href":"https:\/\/fajr.news\/index.php?rest_route=%2Fwp%2Fv2%2Fcomments&post=13674"}],"version-history":[{"count":0,"href":"https:\/\/fajr.news\/index.php?rest_route=\/wp\/v2\/posts\/13674\/revisions"}],"wp:featuredmedia":[{"embeddable":true,"href":"https:\/\/fajr.news\/index.php?rest_route=\/wp\/v2\/media\/13675"}],"wp:attachment":[{"href":"https:\/\/fajr.news\/index.php?rest_route=%2Fwp%2Fv2%2Fmedia&parent=13674"}],"wp:term":[{"taxonomy":"category","embeddable":true,"href":"https:\/\/fajr.news\/index.php?rest_route=%2Fwp%2Fv2%2Fcategories&post=13674"},{"taxonomy":"post_tag","embeddable":true,"href":"https:\/\/fajr.news\/index.php?rest_route=%2Fwp%2Fv2%2Ftags&post=13674"}],"curies":[{"name":"wp","href":"https:\/\/api.w.org\/{rel}","templated":true}]}}