{"id":13652,"date":"2026-04-30T20:29:16","date_gmt":"2026-04-30T16:59:16","guid":{"rendered":"https:\/\/fajr.news\/?p=13652"},"modified":"2026-04-30T20:29:16","modified_gmt":"2026-04-30T16:59:16","slug":"orta-dogudaki-aksakliklar-kuresel-hava-kargo-talebini-48-dusurdu-iata","status":"publish","type":"post","link":"https:\/\/fajr.news\/?p=13652&lang=tr","title":{"rendered":"Orta Do\u011fu&#8217;daki aksakl\u0131klar k\u00fcresel hava kargo talebini %4,8 d\u00fc\u015f\u00fcrd\u00fc: IATA"},"content":{"rendered":"<p><strong>Riyad:<\/strong> En son sekt\u00f6r verilerine g\u00f6re, Orta Do\u011fu&#8217;daki t\u0131rmanan \u00e7at\u0131\u015fmalar tedarik zincirlerini aksatmas\u0131 ve hava kargo hacimlerini olumsuz etkilemesi nedeniyle havac\u0131l\u0131k sekt\u00f6r\u00fcndeki k\u00fcresel kargo talebi Mart ay\u0131nda %4,8 azald\u0131.<\/p>\n<h2>Orta Do\u011fu&#8217;da B\u00fcy\u00fck D\u00fc\u015f\u00fc\u015f<\/h2>\n<p>Uluslararas\u0131 Hava Ta\u015f\u0131mac\u0131l\u0131\u011f\u0131 Birli\u011fi (IATA) yeni raporunda, Orta Do\u011fu b\u00f6lgesindeki ta\u015f\u0131y\u0131c\u0131lar aras\u0131nda kargo talebinin Mart ay\u0131nda bir \u00f6nceki y\u0131la g\u00f6re <strong>%54,3 d\u00fc\u015ft\u00fc\u011f\u00fcn\u00fc<\/strong>, kapasitenin ise %52,4 azald\u0131\u011f\u0131n\u0131 a\u00e7\u0131klad\u0131. \u015eubat sonu ve Mart ay\u0131ndaki \u00e7at\u0131\u015fmalar\u0131n t\u0131rmanmas\u0131, b\u00f6lge genelinde yayg\u0131n hava sahas\u0131 kapanmalar\u0131na ve u\u00e7u\u015f iptallerine yol a\u00e7arak Dubai, Doha ve Abu Dabi dahil olmak \u00fczere ba\u015fl\u0131ca K\u00f6rfez kargo merkezlerinde ciddi aksakl\u0131klara neden oldu.<\/p>\n<h2>IATA Genel Direkt\u00f6r\u00fc&#8217;nden De\u011ferlendirme<\/h2>\n<p>IATA Genel Direkt\u00f6r\u00fc Willie Walsh, konuya ili\u015fkin yapt\u0131\u011f\u0131 a\u00e7\u0131klamada, &#8220;Hava kargo talebi Mart ay\u0131nda bir \u00f6nceki y\u0131la g\u00f6re %4,8 d\u00fc\u015ft\u00fc. Bu durumun ba\u015fl\u0131ca nedeni, Orta Do\u011fu&#8217;daki sava\u015f nedeniyle ba\u015fl\u0131ca K\u00f6rfez merkezlerindeki ciddi aksakl\u0131klar d\u0131. Ay Yeni Y\u0131l\u0131 sonras\u0131 ola\u011fan yava\u015flaman\u0131n zamanlamas\u0131 da d\u00fc\u015f\u00fc\u015fe katk\u0131da bulundu&#8221; dedi.<\/p>\n<p>Walsh, havac\u0131l\u0131k sekt\u00f6r\u00fcndeki temel talep e\u011filimlerinin g\u00fc\u00e7l\u00fc g\u00f6r\u00fcnd\u00fc\u011f\u00fcn\u00fc ve D\u00fcnya Ticaret \u00d6rg\u00fct\u00fc ile Uluslararas\u0131 Para Fonu&#8217;nun ticaret ve gayri safi yurt i\u00e7i has\u0131la tahminlerinde yapt\u0131\u011f\u0131 son revizyonlar\u0131n 2026&#8217;da ekonomik b\u00fcy\u00fcmeye i\u015faret etmeye devam etti\u011fini belirtti.<\/p>\n<p>S\u00f6zlerine \u015f\u00f6yle devam eden Walsh, &#8220;Daha da \u00f6nemlisi, hava kargo a\u011flar\u0131, jeopolitik, tarife ve operasyonel gerilimlere uyum sa\u011flarken k\u00fcresel tedarik zincirlerini desteklemek i\u00e7in gereken esnekli\u011fi sa\u011fl\u0131yor. \u00d6n\u00fcm\u00fczdeki aylarda sekt\u00f6r\u00fcn direncini test etmesi beklenen yak\u0131t tedariki ve fiyatlar\u0131 t\u00fcm dikkatleri \u00fczerine \u00e7ekiyor&#8221; ifadelerini kulland\u0131.<\/p>\n<h2>B\u00f6lgesel Farkl\u0131l\u0131klar<\/h2>\n<ul>\n<li>Rapora g\u00f6re, <strong>Afrika b\u00f6lgesinde<\/strong> faaliyet g\u00f6steren havayollar\u0131 Mart ay\u0131nda y\u0131ll\u0131k bazda %7 ile en y\u00fcksek kargo talebi b\u00fcy\u00fcmesini kaydetti. Ancak bu hava ta\u015f\u0131y\u0131c\u0131lar\u0131n\u0131n kapasitesi ayn\u0131 d\u00f6nemde %4,6 azald\u0131.<\/li>\n<li><strong>Asya-Pasifik havayollar\u0131<\/strong> Mart ay\u0131nda hava kargo talebinde y\u0131ll\u0131k bazda %5,4 b\u00fcy\u00fcme kaydederken, kapasite %5 artt\u0131.<\/li>\n<li><strong>Avrupal\u0131 ta\u015f\u0131y\u0131c\u0131lar<\/strong> aras\u0131nda kargo talebi y\u0131ll\u0131k bazda %2,2 art\u0131\u015f g\u00f6sterirken, <strong>Kuzey Amerika&#8217;daki havayollar\u0131<\/strong> %1,2&#8217;lik bir d\u00fc\u015f\u00fc\u015f ya\u015fad\u0131.<\/li>\n<li><strong>Latin Amerika ve Karayipler&#8217;deki ta\u015f\u0131y\u0131c\u0131lar<\/strong> Mart ay\u0131nda hava kargo talebinde y\u0131ll\u0131k bazda %1,8 art\u0131\u015f kaydederken, kapasite ayn\u0131 d\u00f6nemde %5,1 y\u00fckseldi.<\/li>\n<\/ul>\n<p>#HavaKargo #OrtaDo\u011fu #IATA #TedarikZinciri #Ekonomi #Havac\u0131l\u0131k #K\u00fcreselTicaret #KargoTalebi #Uluslararas\u0131Ta\u015f\u0131mac\u0131l\u0131k #Yak\u0131tFiyatlar\u0131<\/p>\n","protected":false},"excerpt":{"rendered":"<p>Riyad: En son sekt\u00f6r verilerine g\u00f6re, Orta Do\u011fu&#8217;daki t\u0131rmanan \u00e7at\u0131\u015fmalar tedarik zincirlerini aksatmas\u0131 ve hava kargo hacimlerini olumsuz etkilemesi nedeniyle havac\u0131l\u0131k sekt\u00f6r\u00fcndeki k\u00fcresel kargo talebi Mart ay\u0131nda %4,8 azald\u0131. Orta Do\u011fu&#8217;da B\u00fcy\u00fck D\u00fc\u015f\u00fc\u015f Uluslararas\u0131 Hava Ta\u015f\u0131mac\u0131l\u0131\u011f\u0131 Birli\u011fi (IATA) yeni raporunda, Orta Do\u011fu b\u00f6lgesindeki ta\u015f\u0131y\u0131c\u0131lar aras\u0131nda kargo talebinin Mart ay\u0131nda bir \u00f6nceki y\u0131la g\u00f6re %54,3 d\u00fc\u015ft\u00fc\u011f\u00fcn\u00fc, [&hellip;]<\/p>\n","protected":false},"author":2,"featured_media":13653,"comment_status":"open","ping_status":"open","sticky":false,"template":"","format":"standard","meta":{"footnotes":""},"categories":[37],"tags":[],"class_list":["post-13652","post","type-post","status-publish","format-standard","has-post-thumbnail","hentry","category-orta-dogu-haberleri"],"_links":{"self":[{"href":"https:\/\/fajr.news\/index.php?rest_route=\/wp\/v2\/posts\/13652","targetHints":{"allow":["GET"]}}],"collection":[{"href":"https:\/\/fajr.news\/index.php?rest_route=\/wp\/v2\/posts"}],"about":[{"href":"https:\/\/fajr.news\/index.php?rest_route=\/wp\/v2\/types\/post"}],"author":[{"embeddable":true,"href":"https:\/\/fajr.news\/index.php?rest_route=\/wp\/v2\/users\/2"}],"replies":[{"embeddable":true,"href":"https:\/\/fajr.news\/index.php?rest_route=%2Fwp%2Fv2%2Fcomments&post=13652"}],"version-history":[{"count":0,"href":"https:\/\/fajr.news\/index.php?rest_route=\/wp\/v2\/posts\/13652\/revisions"}],"wp:featuredmedia":[{"embeddable":true,"href":"https:\/\/fajr.news\/index.php?rest_route=\/wp\/v2\/media\/13653"}],"wp:attachment":[{"href":"https:\/\/fajr.news\/index.php?rest_route=%2Fwp%2Fv2%2Fmedia&parent=13652"}],"wp:term":[{"taxonomy":"category","embeddable":true,"href":"https:\/\/fajr.news\/index.php?rest_route=%2Fwp%2Fv2%2Fcategories&post=13652"},{"taxonomy":"post_tag","embeddable":true,"href":"https:\/\/fajr.news\/index.php?rest_route=%2Fwp%2Fv2%2Ftags&post=13652"}],"curies":[{"name":"wp","href":"https:\/\/api.w.org\/{rel}","templated":true}]}}