{"id":13643,"date":"2026-04-30T19:29:40","date_gmt":"2026-04-30T15:59:40","guid":{"rendered":"https:\/\/fajr.news\/?p=13643"},"modified":"2026-04-30T19:29:40","modified_gmt":"2026-04-30T15:59:40","slug":"orta-dogu-krizi-wackerin-ilk-ceyrek-sonuclarini-olumlu-etkiledi","status":"publish","type":"post","link":"https:\/\/fajr.news\/?p=13643&lang=tr","title":{"rendered":"Orta Do\u011fu Krizi Wacker&#8217;\u0131n \u0130lk \u00c7eyrek Sonu\u00e7lar\u0131n\u0131 Olumlu Etkiledi"},"content":{"rendered":"<p>Wacker Chemie AG, 2026 y\u0131l\u0131n\u0131n ilk \u00e7eyre\u011finde 1,41 milyar avro sat\u0131\u015f geliri elde etti (2025 ilk \u00e7eyrek: 1,48 milyar avro), bu bir \u00f6nceki y\u0131la g\u00f6re y\u00fczde 5&#8217;lik bir d\u00fc\u015f\u00fc\u015fe i\u015faret ediyor. Buna kar\u015f\u0131l\u0131k, sat\u0131\u015flar bir \u00f6nceki \u00e7eyre\u011fe (2025 d\u00f6rd\u00fcnc\u00fc \u00e7eyrek: 1,25 milyar avro) k\u0131yasla y\u00fczde 12 artt\u0131. Kimyasal b\u00f6l\u00fcmler ve Polisilisyum b\u00f6l\u00fcm\u00fc y\u0131ll\u0131k bazda sat\u0131\u015f d\u00fc\u015f\u00fc\u015fleri kaydederken, Biosolutions b\u00f6l\u00fcm\u00fc 2025&#8217;in ilk \u00e7eyre\u011fine g\u00f6re sat\u0131\u015flar\u0131n\u0131 art\u0131rd\u0131. Sat\u0131\u015flardaki d\u00fc\u015f\u00fc\u015f\u00fcn ana nedeni olumsuz d\u00f6viz kuru etkileri oldu. Buna kar\u015f\u0131l\u0131k, t\u00fcm b\u00f6l\u00fcmler bir \u00f6nceki \u00e7eyre\u011fe g\u00f6re sat\u0131\u015flarda art\u0131\u015f kaydetti.<\/p>\n<p>Grubun FAV\u00d6K&#8217;\u00fc (faiz, vergi, amortisman ve itfa \u00f6ncesi kar) 173 milyon avroya ula\u015ft\u0131 (2025 ilk \u00e7eyrek: 119 milyon avro), bu da y\u0131ll\u0131k bazda y\u00fczde 45&#8217;lik bir art\u0131\u015f anlam\u0131na geliyor. Bir \u00f6nceki \u00e7eyre\u011fe g\u00f6re ise kazan\u00e7lar iki kattan fazla artt\u0131 (2025 d\u00f6rd\u00fcnc\u00fc \u00e7eyrek: 81 milyon avro). B\u00f6ylece, 2026 Ocak-Mart d\u00f6nemi i\u00e7in FAV\u00d6K marj\u0131 y\u00fczde 12,3 (2025 ilk \u00e7eyrek: y\u00fczde 8,1) ve bir \u00f6nceki \u00e7eyrekte y\u00fczde 6,5 olarak ger\u00e7ekle\u015fti. Bir \u00f6nceki y\u0131l\u0131n ayn\u0131 \u00e7eyre\u011fine g\u00f6re kazan\u00e7lardaki art\u0131\u015f\u0131n ana nedeni, kazan\u00e7lar\u0131 olumlu etkileyen maliyet tasarruflar\u0131yd\u0131. Ayr\u0131ca, Orta Do\u011fu&#8217;daki \u00e7at\u0131\u015fma nedeniyle \u00f6ne \u00e7ekilen ve a\u011f\u0131rl\u0131kl\u0131 olarak Mart ay\u0131nda verilen m\u00fc\u015fteri sipari\u015fleri bu rakam\u0131 destekledi. B\u00f6lgedeki geli\u015fmeler nedeniyle, k\u00fcresel tedarik zincirlerinin sa\u011flaml\u0131\u011f\u0131 konusunda b\u00fcy\u00fck bir belirsizlik ya\u015fanmaktad\u0131r. \u0130lk \u00e7eyrek sat\u0131\u015f ve kazan\u00e7lar\u0131, ortalama Grup sat\u0131\u015flar\u0131n\u0131 1,38 milyar avro ve FAV\u00d6K&#8217;\u00fcn\u00fc 155 milyon avro olarak belirleyen mevcut piyasa beklentilerinin \u00fczerinde ger\u00e7ekle\u015fti (kaynak: Vara Research, 21 Nisan 2026).<\/p>\n<p>Yukar\u0131da a\u00e7\u0131klanan fakt\u00f6rler nedeniyle, FV\u00d6K (faiz ve vergi \u00f6ncesi kar) ilk \u00e7eyrekte bir \u00f6nceki y\u0131la g\u00f6re \u00f6nemli \u00f6l\u00e7\u00fcde y\u00fcksek ger\u00e7ekle\u015ferek 52 milyon avroya ula\u015ft\u0131 (2025 ilk \u00e7eyrek: -7 milyon avro). Bu, y\u00fczde 3,7&#8217;lik bir FV\u00d6K marj\u0131na kar\u015f\u0131l\u0131k geliyor (2025 ilk \u00e7eyrek: -y\u00fczde 0,5). \u0130ncelenen \u00e7eyrekteki net kar 15 milyon avro oldu (2025 ilk \u00e7eyrek: -3 milyon avro). Bu da hisse ba\u015f\u0131na 0,21 avro kazanca tekab\u00fcl ediyor (2025 ilk \u00e7eyrek: -0,16 avro).<\/p>\n<p>2026&#8217;ya \u0130yi Ba\u015flang\u0131\u00e7<\/p>\n<p>Wacker Chemie AG CEO&#8217;su Christian Hartel, \u201cPiyasa ortam\u0131n\u0131n zay\u0131f seyrine ra\u011fmen y\u0131la iyi bir ba\u015flang\u0131\u00e7 yapt\u0131k. Zay\u0131f ge\u00e7en bir \u00f6nceki \u00e7eyre\u011fe g\u00f6re t\u00fcm b\u00f6l\u00fcmler sat\u0131\u015flar\u0131n\u0131 art\u0131rd\u0131. Ba\u015fta maliyet tasarruflar\u0131 ve Orta Do\u011fu&#8217;daki \u00e7at\u0131\u015fma nedeniyle \u00f6ne \u00e7ekilen m\u00fc\u015fteri sipari\u015fleri sayesinde bir \u00f6nceki y\u0131la g\u00f6re kazan\u00e7lar\u0131m\u0131z\u0131 art\u0131rmay\u0131 ba\u015fard\u0131k\u201d yorumunda bulundu.<\/p>\n<p>WACKER, Ekim 2025&#8217;te maliyet tasarrufu ve yeniden yap\u0131lanma program\u0131 ba\u015flatm\u0131\u015ft\u0131 ve bu program sonu\u00e7lar\u0131n\u0131 vermeye ba\u015flad\u0131. Hartel, \u201cPACE maliyet tasarrufu ve verimlilik program\u0131m\u0131zla WACKER&#8217;\u0131n uzun vadeli rekabet\u00e7i konumunu s\u00fcrd\u00fcr\u00fclebilir bir \u015fekilde g\u00fc\u00e7lendiriyoruz\u201d dedi. Program\u0131n amac\u0131 y\u0131lda 300 milyon avronun \u00fczerinde tasarruf sa\u011flamakt\u0131r. Bu hedefe ula\u015fmak i\u00e7in d\u00fcnya genelinde 1.500&#8217;den fazla i\u015f pozisyonu azalt\u0131lacak, bunlar\u0131n \u00e7o\u011fu Almanya&#8217;da olacak. Almanya&#8217;daki i\u015f azaltmalar\u0131yla ilgili m\u00fczakereler \u015fu anda \u00e7al\u0131\u015fan temsilcileriyle devam ediyor. Hartel, \u201cProgramdan elde edilecek \u00f6nemli tasarruflar mevcut mali y\u0131lda etkisini g\u00f6sterecek\u201d a\u00e7\u0131klamas\u0131nda bulundu. \u201cPACE ile gelecekteki b\u00fcy\u00fcmemizin ekonomik temelini olu\u015fturuyoruz. Ayn\u0131 zamanda yap\u0131lar\u0131m\u0131z\u0131 ve s\u00fcre\u00e7lerimizi d\u00fczene sokuyor, i\u015f modelimizi keskinle\u015ftiriyoruz\u201d diye devam etti. \u201cKimyasal b\u00f6l\u00fcmlerimizde \u00f6zel \u00fcr\u00fcnlere, polisilisyum i\u015fimizde yar\u0131 iletken pazar\u0131na ve ya\u015fam bilimleri b\u00f6l\u00fcm\u00fcm\u00fcz Biosolutions&#8217;ta yenilik\u00e7i biyoteknoloji uygulamalar\u0131na odaklan\u0131yoruz. Bu, gelecekteki b\u00fcy\u00fcmemizin temelini olu\u015fturmam\u0131z\u0131 sa\u011flayacak.\u201d<\/p>\n<p>Y\u0131l\u0131n geri kalan\u0131na bak\u0131ld\u0131\u011f\u0131nda, Hartel hen\u00fcz bir geri d\u00f6n\u00fc\u015f i\u015faretinin olmad\u0131\u011f\u0131n\u0131 a\u00e7\u0131klad\u0131. \u201cM\u00fc\u015fteri sekt\u00f6rlerimizin \u00e7o\u011funda talep zay\u0131f kalmaya devam ediyor. Buna Orta Do\u011fu&#8217;daki \u00e7at\u0131\u015fman\u0131n etkileri de ekleniyor. Enerji ve emtia piyasalar\u0131ndaki \u00e7alkant\u0131, enerji, hammadde ve lojistik maliyetlerinde \u00f6nemli art\u0131\u015flara yol a\u00e7t\u0131\u201d dedi. Devam eden belirsizlikler ve de\u011fi\u015fken sipari\u015f al\u0131mlar\u0131 g\u00f6z \u00f6n\u00fcne al\u0131nd\u0131\u011f\u0131nda, t\u00fcm y\u0131l FAV\u00d6K tahmini 550 milyon avro ile 700 milyon avro aral\u0131\u011f\u0131nda de\u011fi\u015fmeden kal\u0131yor. \u201cAncak, t\u00fcm y\u0131l sat\u0131\u015flar\u0131 i\u00e7in \u015fimdi y\u00fcksek tek haneli y\u00fczde aral\u0131\u011f\u0131nda bir b\u00fcy\u00fcme bekliyoruz. Bunun nedeni, artan hammadde ve enerji fiyatlar\u0131n\u0131 m\u00fc\u015fterilerimize tutarl\u0131 bir \u015fekilde yans\u0131tmam\u0131zd\u0131r.\u201d Hartel, piyasalardaki y\u00fcksek oynakl\u0131k nedeniyle y\u0131ll\u0131k tahminin \u015fu anda genel olarak y\u00fcksek bir belirsizli\u011fe tabi oldu\u011funu vurgulad\u0131.<\/p>\n<p>2026&#8217;n\u0131n ilk \u00e7eyre\u011finde WACKER, sat\u0131\u015flar\u0131n\u0131n yakla\u015f\u0131k y\u00fczde 82&#8217;sini Almanya d\u0131\u015f\u0131ndan ve y\u00fczde 18&#8217;ini i\u00e7 pazar\u0131ndan elde etti. Amerika k\u0131tas\u0131nda, raporlama \u00e7eyre\u011finde sat\u0131\u015flar y\u0131ll\u0131k bazda y\u00fczde 12 d\u00fc\u015f\u00fc\u015fle 247 milyon avroya geriledi (2025 ilk \u00e7eyrek: 280 milyon avro). Avrupa&#8217;da sat\u0131\u015flar 602 milyon avro olarak ger\u00e7ekle\u015fti (2025 ilk \u00e7eyrek: 600 milyon avro) ve b\u00f6ylece bir \u00f6nceki y\u0131l seviyesinde kald\u0131. Asya&#8217;da da trend 2025&#8217;in ilk \u00e7eyre\u011fine g\u00f6re d\u00fc\u015f\u00fc\u015f g\u00f6sterdi; sat\u0131\u015flar toplam 482 milyon avro ile bir \u00f6nceki y\u0131la g\u00f6re y\u00fczde 6 azald\u0131 (2025 ilk \u00e7eyrek: 510 milyon avro).<\/p>\n<p>Sermaye Harcamalar\u0131 ve Net Nakit Ak\u0131\u015f\u0131<\/p>\n<p>Sermaye harcamalar\u0131 2026&#8217;n\u0131n ilk \u00e7eyre\u011finde 61 milyon avro olarak ger\u00e7ekle\u015fti, bu bir \u00f6nceki y\u0131l\u0131n rakam\u0131n\u0131n alt\u0131ndayd\u0131 (2025 ilk \u00e7eyrek: 93 milyon avro). Mevcut tesislerin optimizasyonu ve bak\u0131m\u0131 i\u00e7in yat\u0131r\u0131mlar yap\u0131ld\u0131. Silikonlar b\u00f6l\u00fcm\u00fc sermaye harcamalar\u0131n\u0131n b\u00fcy\u00fck bir k\u0131sm\u0131n\u0131 olu\u015fturdu. \u00c7ek Cumhuriyeti&#8217;nin Karlovy Vary kentinde \u00f6zel silikonlar i\u00e7in yeni bir tesis in\u015fa ediliyor. 2026&#8217;n\u0131n ilk \u00e7eyre\u011finde net nakit ak\u0131\u015f\u0131 -32 milyon avro olarak ger\u00e7ekle\u015fti. Bir \u00f6nceki y\u0131l\u0131n ayn\u0131 d\u00f6nemine g\u00f6re (2025 ilk \u00e7eyrek: -165 milyon avro) iyile\u015fmenin ana nedenleri, i\u015fletme sermayesine yap\u0131lan \u00f6nemli \u00f6l\u00e7\u00fcde daha d\u00fc\u015f\u00fck yat\u0131r\u0131mlar ve yat\u0131r\u0131m harcamalar\u0131 i\u00e7in daha d\u00fc\u015f\u00fck nakit \u00f6demeleriydi.<\/p>\n<p>\u00c7al\u0131\u015fanlar<\/p>\n<p>WACKER&#8217;\u0131n k\u00fcresel i\u015f g\u00fcc\u00fc raporlama \u00e7eyre\u011finde azald\u0131. 31 Mart 2026 raporlama tarihi itibar\u0131yla Grubun 16.196 (31 Aral\u0131k 2025: 16.467) \u00e7al\u0131\u015fan\u0131 vard\u0131. Almanya&#8217;daki WACKER tesislerinde 10.612 ki\u015fi (31 Aral\u0131k 2025: 10.749); di\u011fer tesislerde ise 5.584 (31 Aral\u0131k 2025: 5.718) \u00e7al\u0131\u015fan bulunuyordu.<\/p>\n<p>\u0130\u015f B\u00f6l\u00fcmleri<\/p>\n<p>\u0130lk \u00e7eyrekte, Silikonlar b\u00f6l\u00fcm\u00fc bir \u00f6nceki y\u0131l\u0131n rakam\u0131na g\u00f6re daha d\u00fc\u015f\u00fck sat\u0131\u015flar kaydederken, FAV\u00d6K daha y\u00fcksek ger\u00e7ekle\u015fti. 708 milyon avro ile sat\u0131\u015flar bir \u00f6nceki y\u0131l\u0131n seviyesinin y\u00fczde 5 alt\u0131ndayd\u0131 (2025 ilk \u00e7eyrek: 745 milyon avro). FAV\u00d6K toplam 117 milyon avro (2025 ilk \u00e7eyrek: 103 milyon avro) olarak ger\u00e7ekle\u015fti ve bu nedenle bir \u00f6nceki y\u0131l\u0131n rakam\u0131n\u0131n y\u00fczde 13 \u00fczerindeydi. Art\u0131\u015f\u0131n ana nedenleri, \u00f6zellikle PACE maliyet tasarrufu ve verimlilik program\u0131 ile \u00f6ne \u00e7ekilen m\u00fc\u015fteri sipari\u015fleri sonucunda daha d\u00fc\u015f\u00fck i\u015fletme giderleriydi.<\/p>\n<p>Polimerler b\u00f6l\u00fcm\u00fcn\u00fcn ilk \u00e7eyrek sat\u0131\u015flar\u0131 da bir \u00f6nceki y\u0131l\u0131n rakam\u0131n\u0131n alt\u0131ndayd\u0131. Sat\u0131\u015flar y\u00fczde 8 d\u00fc\u015f\u00fc\u015fle 333 milyon avroya geriledi (2025 ilk \u00e7eyrek: 360 milyon avro). Bunun ana nedeni, \u00f6zellikle \u00c7in ve Avrupa&#8217;daki in\u015faat sekt\u00f6r\u00fcndeki s\u00fcregelen zay\u0131fl\u0131kt\u0131. Buna kar\u015f\u0131l\u0131k, FAV\u00d6K 50 milyon avro olarak ger\u00e7ekle\u015fti ve daha d\u00fc\u015f\u00fck sat\u0131\u015flara ra\u011fmen bir \u00f6nceki y\u0131l\u0131n rakam\u0131n\u0131n y\u00fczde 33 \u00fczerindeydi (2025 ilk \u00e7eyrek: 37 milyon avro). Burada da y\u0131ll\u0131k bazdaki art\u0131\u015f\u0131n nedenleri daha d\u00fc\u015f\u00fck i\u015fletme giderleri ve \u00f6ne \u00e7ekilen m\u00fc\u015fteri sipari\u015fleriydi.<\/p>\n<p>Biosolutions b\u00f6l\u00fcm\u00fc raporlama d\u00f6neminde 2025&#8217;in ilk \u00e7eyre\u011fine g\u00f6re daha y\u00fcksek sat\u0131\u015flar elde etti. Y\u00fczde 9 art\u0131\u015fla 100 milyon avroya y\u00fckseldi (2025 ilk \u00e7eyrek: 91 milyon avro). \u00d6zellikle biyofarmas\u00f6tikler ve siklodekstrinlerle olan i\u015fler olumlu geli\u015fme g\u00f6sterdi. 13 milyon avro ile FAV\u00d6K, bir \u00f6nceki y\u0131la g\u00f6re belirgin \u015fekilde daha y\u00fcksekti (2025 ilk \u00e7eyrek: 5 milyon avro). Yukar\u0131da a\u00e7\u0131klanan etkilerin yan\u0131 s\u0131ra, FAV\u00d6K proje \u00f6demelerinin zamanlamas\u0131ndan da olumlu etkilendi.<\/p>\n<p>Buna kar\u015f\u0131l\u0131k, Polisilisyum b\u00f6l\u00fcm\u00fc ilk \u00e7eyrekte hem sat\u0131\u015flarda hem de FAV\u00d6K&#8217;te y\u0131ll\u0131k bazda d\u00fc\u015f\u00fc\u015f g\u00f6rd\u00fc. Sat\u0131\u015flar y\u00fczde 8 d\u00fc\u015f\u00fc\u015fle 226 milyon avroya geriledi (2025 ilk \u00e7eyrek: 245 milyon avro). Bunun temel nedeni, solar s\u0131n\u0131f\u0131 polisilisyum i\u015findeki d\u00fc\u015f\u00fc\u015ft\u00fc. 23 milyon avro ile FAV\u00d6K, bir \u00f6nceki y\u0131l\u0131n seviyesine yak\u0131nd\u0131 (2025 ilk \u00e7eyrek: 24 milyon avro). Yar\u0131 iletken uygulamalar\u0131 i\u00e7in polisilisyum i\u015finin devam eden olumlu geli\u015fimi ve i\u015fletme giderlerindeki tasarruflar, artan enerji maliyetlerini neredeyse tamamen dengeledi.<\/p>\n<p>2026 Y\u0131l\u0131 Tamam\u0131 \u0130\u00e7in Rehberlik<\/p>\n<p>2026 i\u00e7in FAV\u00d6K&#8217;\u00fcn hala 550 milyon avro ile 700 milyon avro aras\u0131nda olmas\u0131 bekleniyor. Ancak WACKER, t\u00fcm y\u0131l i\u00e7in sat\u0131\u015f tahminini ayarlad\u0131. \u015eirket \u015fimdi y\u00fcksek tek haneli y\u00fczde aral\u0131\u011f\u0131nda sat\u0131\u015f b\u00fcy\u00fcmesi bekliyor (\u00f6nceki rehberlik: d\u00fc\u015f\u00fck tek haneli y\u00fczde aral\u0131\u011f\u0131). Bunun nedeni, Orta Do\u011fu&#8217;daki \u00e7at\u0131\u015fma sonucunda artan hammadde ve enerji fiyatlar\u0131n\u0131n m\u00fc\u015fterilere yans\u0131t\u0131lmas\u0131d\u0131r. Ayn\u0131 zamanda Grup, d\u00f6viz kuru etkilerinin sat\u0131\u015flar \u00fczerinde olumsuz bir etkisi olmas\u0131n\u0131 bekliyor.<\/p>\n<p>Di\u011fer t\u00fcm temel performans g\u00f6stergeleri i\u00e7in g\u00f6r\u00fcn\u00fcm de\u011fi\u015fmeden kal\u0131yor. WACKER, FAV\u00d6K marj\u0131n\u0131n d\u00fc\u015f\u00fck \u00e7ift haneli aral\u0131kta olmas\u0131n\u0131 bekliyor. Sermaye harcamalar\u0131n\u0131n 2026&#8217;da yakla\u015f\u0131k 300 milyon avro olmas\u0131 \u00f6ng\u00f6r\u00fcl\u00fcyor. \u015eirket, net finansal borcun bir \u00f6nceki y\u0131l\u0131n rakam\u0131na g\u00f6re d\u00fc\u015f\u00fck \u00e7ift haneli y\u00fczde aral\u0131\u011f\u0131nda d\u00fc\u015fmesini bekliyor. Toplamda, WACKER, 2026 i\u00e7in 2025&#8217;ten \u00f6nemli \u00f6l\u00e7\u00fcde daha y\u00fcksek bir seviyede pozitif net nakit ak\u0131\u015f\u0131 \u00f6ng\u00f6r\u00fcyor. Orta Do\u011fu&#8217;daki \u015fu anda \u00f6ng\u00f6r\u00fclemeyen gelecekteki geli\u015fmeler ve polisilisyum ve t\u00fcrevlerinin ithalat\u0131na ili\u015fkin hala \u00e7\u00f6z\u00fclmemi\u015f Amerikan ticaret politikalar\u0131 nedeniyle, tahmin y\u00fcksek derecede belirsizli\u011fe tabidir.<\/p>\n<p>#WackerChemie #FinansalSonu\u00e7lar #OrtaDo\u011fuKrizi #KimyaSanayi #FAV\u00d6K #MaliyetTasarrufu #TedarikZinciri #Ekonomi #B\u00fcy\u00fcme #Yat\u0131r\u0131m<\/p>\n","protected":false},"excerpt":{"rendered":"<p>Wacker Chemie AG, 2026 y\u0131l\u0131n\u0131n ilk \u00e7eyre\u011finde 1,41 milyar avro sat\u0131\u015f geliri elde etti (2025 ilk \u00e7eyrek: 1,48 milyar avro), bu bir \u00f6nceki y\u0131la g\u00f6re y\u00fczde 5&#8217;lik bir d\u00fc\u015f\u00fc\u015fe i\u015faret ediyor. Buna kar\u015f\u0131l\u0131k, sat\u0131\u015flar bir \u00f6nceki \u00e7eyre\u011fe (2025 d\u00f6rd\u00fcnc\u00fc \u00e7eyrek: 1,25 milyar avro) k\u0131yasla y\u00fczde 12 artt\u0131. Kimyasal b\u00f6l\u00fcmler ve Polisilisyum b\u00f6l\u00fcm\u00fc y\u0131ll\u0131k bazda sat\u0131\u015f [&hellip;]<\/p>\n","protected":false},"author":2,"featured_media":13644,"comment_status":"open","ping_status":"open","sticky":false,"template":"","format":"standard","meta":{"footnotes":""},"categories":[37],"tags":[],"class_list":["post-13643","post","type-post","status-publish","format-standard","has-post-thumbnail","hentry","category-orta-dogu-haberleri"],"_links":{"self":[{"href":"https:\/\/fajr.news\/index.php?rest_route=\/wp\/v2\/posts\/13643","targetHints":{"allow":["GET"]}}],"collection":[{"href":"https:\/\/fajr.news\/index.php?rest_route=\/wp\/v2\/posts"}],"about":[{"href":"https:\/\/fajr.news\/index.php?rest_route=\/wp\/v2\/types\/post"}],"author":[{"embeddable":true,"href":"https:\/\/fajr.news\/index.php?rest_route=\/wp\/v2\/users\/2"}],"replies":[{"embeddable":true,"href":"https:\/\/fajr.news\/index.php?rest_route=%2Fwp%2Fv2%2Fcomments&post=13643"}],"version-history":[{"count":0,"href":"https:\/\/fajr.news\/index.php?rest_route=\/wp\/v2\/posts\/13643\/revisions"}],"wp:featuredmedia":[{"embeddable":true,"href":"https:\/\/fajr.news\/index.php?rest_route=\/wp\/v2\/media\/13644"}],"wp:attachment":[{"href":"https:\/\/fajr.news\/index.php?rest_route=%2Fwp%2Fv2%2Fmedia&parent=13643"}],"wp:term":[{"taxonomy":"category","embeddable":true,"href":"https:\/\/fajr.news\/index.php?rest_route=%2Fwp%2Fv2%2Fcategories&post=13643"},{"taxonomy":"post_tag","embeddable":true,"href":"https:\/\/fajr.news\/index.php?rest_route=%2Fwp%2Fv2%2Ftags&post=13643"}],"curies":[{"name":"wp","href":"https:\/\/api.w.org\/{rel}","templated":true}]}}