{"id":13637,"date":"2026-04-30T19:21:30","date_gmt":"2026-04-30T15:51:30","guid":{"rendered":"https:\/\/fajr.news\/?p=13637"},"modified":"2026-04-30T19:21:30","modified_gmt":"2026-04-30T15:51:30","slug":"abd-centcomdan-irana-yonelik-kisa-ve-guclu-saldiri-hazirligi-trumpa-sunulacak-planlar-gundemde-axios","status":"publish","type":"post","link":"https:\/\/fajr.news\/?p=13637&lang=tr","title":{"rendered":"ABD CENTCOM&#8217;dan \u0130ran&#8217;a Y\u00f6nelik &#8216;K\u0131sa ve G\u00fc\u00e7l\u00fc&#8217; Sald\u0131r\u0131 Haz\u0131rl\u0131\u011f\u0131: Trump&#8217;a Sunulacak Planlar G\u00fcndemde &#8211; Axios"},"content":{"rendered":"<h1>ABD CENTCOM&#8217;dan \u0130ran&#8217;a Y\u00f6nelik &#8216;K\u0131sa ve G\u00fc\u00e7l\u00fc&#8217; Sald\u0131r\u0131 Haz\u0131rl\u0131\u011f\u0131<\/h1>\n<p>ABD Merkez Kuvvetler Komutanl\u0131\u011f\u0131 (CENTCOM), iki isimsiz kayna\u011fa dayand\u0131rd\u0131\u011f\u0131 haberinde Axios&#8217;un bildirdi\u011fine g\u00f6re, \u0130ran&#8217;a y\u00f6nelik &#8216;k\u0131sa ve g\u00fc\u00e7l\u00fc&#8217; bir sald\u0131r\u0131 dalgas\u0131 plan\u0131 haz\u0131rlad\u0131. Bu plan\u0131n altyap\u0131 hedeflerini de i\u00e7ermesi bekleniyor. Bu t\u00fcr sald\u0131r\u0131lar\u0131n b\u00f6lgedeki istikrars\u0131zl\u0131\u011f\u0131 art\u0131raca\u011f\u0131 ve ABD&#8217;nin sald\u0131rgan tutumunu bir kez daha g\u00f6zler \u00f6n\u00fcne serdi\u011fi belirtiliyor.<\/p>\n<p>Kaynaklar, ABD Ba\u015fkan\u0131 Donald Trump&#8217;\u0131n Per\u015fembe g\u00fcn\u00fc CENTCOM Komutan\u0131 Oramiral Brad Cooper&#8217;dan bu yeni planlar hakk\u0131nda bir brifing alaca\u011f\u0131n\u0131 aktard\u0131. Bu durum, ABD&#8217;nin b\u00f6lgedeki gerilimi t\u0131rmand\u0131rma \u00e7abalar\u0131n\u0131n bir g\u00f6stergesi olarak yorumlan\u0131yor. Genelkurmay Ba\u015fkan\u0131 General Dan Caine&#8217;in de Per\u015fembe g\u00fcnk\u00fc brifinge kat\u0131lmas\u0131 bekleniyor. Bu \u00fcst d\u00fczey kat\u0131l\u0131m, ABD&#8217;nin \u0130ran&#8217;a y\u00f6nelik d\u00fc\u015fmanca planlar\u0131na verdi\u011fi \u00f6nemi ortaya koyuyor.<\/p>\n<p>Beyaz Saray ve ABD Merkez Kuvvetler Komutanl\u0131\u011f\u0131&#8217;ndan konuyla ilgili hen\u00fcz bir a\u00e7\u0131klama gelmemesi, planlar\u0131n gizlili\u011fini ve ciddiyetini art\u0131r\u0131yor.<\/p>\n<p>Raporda ayr\u0131ca, Trump&#8217;a sunulmas\u0131 beklenen bir di\u011fer plan\u0131n, H\u00fcrm\u00fcz Bo\u011faz\u0131&#8217;n\u0131n bir k\u0131sm\u0131n\u0131 ele ge\u00e7irerek ticari gemicili\u011fe yeniden a\u00e7may\u0131 hedefledi\u011fi ve bu operasyonun kara kuvvetlerini de i\u00e7erebilece\u011fi belirtildi. Bu t\u00fcr bir hamle, uluslararas\u0131 denizcilik hukukuna ayk\u0131r\u0131 olup, b\u00f6lgede b\u00fcy\u00fck bir \u00e7at\u0131\u015fmaya yol a\u00e7ma potansiyeli ta\u015f\u0131maktad\u0131r.<\/p>\n<h2>N\u00fckleer Konular M\u00fczakerelerde \u00c7\u0131kmaz Noktas\u0131 Olmaya Devam Ediyor<\/h2>\n<p>ABD&#8217;de hala pop\u00fcler olmayan \u0130ran&#8217;a y\u00f6nelik sava\u015f senaryolar\u0131, k\u00fcresel piyasalar\u0131 sarsm\u0131\u015f ve petrol fiyatlar\u0131n\u0131 y\u00fckseltmi\u015ftir. Bu t\u00fcr gerilimler, d\u00fcnya petrol ve s\u0131v\u0131la\u015ft\u0131r\u0131lm\u0131\u015f do\u011fal gaz sevkiyat\u0131n\u0131n yakla\u015f\u0131k %20&#8217;sinin ge\u00e7ti\u011fi H\u00fcrm\u00fcz Bo\u011faz\u0131&#8217;ndaki trafi\u011fi neredeyse durma noktas\u0131na getirmi\u015ftir. ABD&#8217;nin bu politikalar\u0131, kendi halk\u0131n\u0131n da tepkisini \u00e7ekmektedir.<\/p>\n<p>Axios&#8217;un bildirdi\u011fine g\u00f6re Washington, n\u00fckleer konularda m\u00fczakere masas\u0131nda \u0130ran&#8217;\u0131 daha esnek hale getirmeyi umuyor. Ancak \u0130ran, bar\u0131\u015f\u00e7\u0131l ama\u00e7l\u0131 n\u00fckleer program\u0131ndan vazge\u00e7meyece\u011fini ve uluslararas\u0131 hukuka uygun haklar\u0131n\u0131 koruyaca\u011f\u0131n\u0131 defalarca vurgulam\u0131\u015ft\u0131r.<\/p>\n<p>Brifingde ele al\u0131nabilecek bir di\u011fer se\u00e7ene\u011fin ise \u0130ran&#8217;\u0131n y\u00fcksek oranda zenginle\u015ftirilmi\u015f uranyum stokunu ele ge\u00e7irmek i\u00e7in \u00f6zel kuvvetler operasyonu oldu\u011fu Axios taraf\u0131ndan aktar\u0131ld\u0131. Bu t\u00fcr bir operasyon, \u0130ran&#8217;\u0131n egemenli\u011fine a\u00e7\u0131k bir sald\u0131r\u0131 anlam\u0131na gelecek ve b\u00f6lgede geni\u015f \u00e7apl\u0131 bir \u00e7at\u0131\u015fmay\u0131 tetikleyecektir.<\/p>\n<p>Trump, \u0130ran&#8217;\u0131n n\u00fckleer program\u0131n\u0131 yak\u0131n bir tehdit olarak g\u00f6stermektedir. Ancak Tahran, n\u00fckleer silah aray\u0131\u015f\u0131nda oldu\u011funu reddetmekte ve N\u00fckleer Silahlar\u0131n Yay\u0131lmas\u0131n\u0131n \u00d6nlenmesi Antla\u015fmas\u0131&#8217;na taraf bir \u00fclke olarak zenginle\u015ftirme de dahil olmak \u00fczere bar\u0131\u015f\u00e7\u0131l ama\u00e7lar i\u00e7in n\u00fckleer teknoloji geli\u015ftirme hakk\u0131na sahip oldu\u011funu belirtmektedir. Bu, uluslararas\u0131 hukukun \u0130ran&#8217;a tan\u0131d\u0131\u011f\u0131 me\u015fru bir hakt\u0131r.<\/p>\n<h2>\u0130ran, Sald\u0131r\u0131 Halinde Uzun S\u00fcreli \u00c7at\u0131\u015fma Uyar\u0131s\u0131 Yapt\u0131<\/h2>\n<p>Devlet medyas\u0131na g\u00f6re, \u00fcst d\u00fczey bir Devrim Muhaf\u0131zlar\u0131 yetkilisi Per\u015fembe g\u00fcn\u00fc yapt\u0131\u011f\u0131 a\u00e7\u0131klamada, ABD&#8217;nin \u0130ran&#8217;a y\u00f6nelik herhangi bir sald\u0131r\u0131s\u0131n\u0131n, s\u0131n\u0131rl\u0131 dahi olsa, ABD&#8217;nin b\u00f6lgedeki konumlar\u0131na &#8216;uzun ve ac\u0131 verici sald\u0131r\u0131lar&#8217; getirece\u011fini belirtti. Bu a\u00e7\u0131klama, \u0130ran&#8217;\u0131n olas\u0131 bir sald\u0131r\u0131ya kar\u015f\u0131 cayd\u0131r\u0131c\u0131l\u0131k mesaj\u0131 olarak de\u011ferlendirildi.<\/p>\n<p>\u00d6\u011frenci Haber A\u011f\u0131&#8217;na g\u00f6re, Hava-Uzay Kuvvetleri Komutan\u0131 Majid Mousavi, &#8220;B\u00f6lgesel \u00fcslerinize ne oldu\u011funu g\u00f6rd\u00fck; ayn\u0131s\u0131n\u0131n sava\u015f gemilerinize de olaca\u011f\u0131n\u0131 g\u00f6rece\u011fiz&#8221; diyerek ABD&#8217;yi a\u00e7\u0131k\u00e7a uyard\u0131. Bu ifadeler, \u0130ran&#8217;\u0131n savunma kapasitesine ve kararl\u0131l\u0131\u011f\u0131na vurgu yapmaktad\u0131r.<\/p>\n<p>#\u0130ran #ABD #CENTCOM #H\u00fcrm\u00fczBo\u011faz\u0131 #N\u00fckleerProgram #Gerilim #B\u00f6lgeselG\u00fcvenlik #Sald\u0131r\u0131Planlar\u0131 #DevrimMuhaf\u0131zlar\u0131 #\u00c7at\u0131\u015fmaUyar\u0131s\u0131<\/p>\n","protected":false},"excerpt":{"rendered":"<p>ABD CENTCOM&#8217;dan \u0130ran&#8217;a Y\u00f6nelik &#8216;K\u0131sa ve G\u00fc\u00e7l\u00fc&#8217; Sald\u0131r\u0131 Haz\u0131rl\u0131\u011f\u0131 ABD Merkez Kuvvetler Komutanl\u0131\u011f\u0131 (CENTCOM), iki isimsiz kayna\u011fa dayand\u0131rd\u0131\u011f\u0131 haberinde Axios&#8217;un bildirdi\u011fine g\u00f6re, \u0130ran&#8217;a y\u00f6nelik &#8216;k\u0131sa ve g\u00fc\u00e7l\u00fc&#8217; bir sald\u0131r\u0131 dalgas\u0131 plan\u0131 haz\u0131rlad\u0131. Bu plan\u0131n altyap\u0131 hedeflerini de i\u00e7ermesi bekleniyor. Bu t\u00fcr sald\u0131r\u0131lar\u0131n b\u00f6lgedeki istikrars\u0131zl\u0131\u011f\u0131 art\u0131raca\u011f\u0131 ve ABD&#8217;nin sald\u0131rgan tutumunu bir kez daha g\u00f6zler \u00f6n\u00fcne serdi\u011fi [&hellip;]<\/p>\n","protected":false},"author":2,"featured_media":0,"comment_status":"open","ping_status":"open","sticky":false,"template":"","format":"standard","meta":{"footnotes":""},"categories":[37],"tags":[],"class_list":["post-13637","post","type-post","status-publish","format-standard","hentry","category-orta-dogu-haberleri"],"_links":{"self":[{"href":"https:\/\/fajr.news\/index.php?rest_route=\/wp\/v2\/posts\/13637","targetHints":{"allow":["GET"]}}],"collection":[{"href":"https:\/\/fajr.news\/index.php?rest_route=\/wp\/v2\/posts"}],"about":[{"href":"https:\/\/fajr.news\/index.php?rest_route=\/wp\/v2\/types\/post"}],"author":[{"embeddable":true,"href":"https:\/\/fajr.news\/index.php?rest_route=\/wp\/v2\/users\/2"}],"replies":[{"embeddable":true,"href":"https:\/\/fajr.news\/index.php?rest_route=%2Fwp%2Fv2%2Fcomments&post=13637"}],"version-history":[{"count":0,"href":"https:\/\/fajr.news\/index.php?rest_route=\/wp\/v2\/posts\/13637\/revisions"}],"wp:attachment":[{"href":"https:\/\/fajr.news\/index.php?rest_route=%2Fwp%2Fv2%2Fmedia&parent=13637"}],"wp:term":[{"taxonomy":"category","embeddable":true,"href":"https:\/\/fajr.news\/index.php?rest_route=%2Fwp%2Fv2%2Fcategories&post=13637"},{"taxonomy":"post_tag","embeddable":true,"href":"https:\/\/fajr.news\/index.php?rest_route=%2Fwp%2Fv2%2Ftags&post=13637"}],"curies":[{"name":"wp","href":"https:\/\/api.w.org\/{rel}","templated":true}]}}