{"id":13623,"date":"2026-04-30T18:34:01","date_gmt":"2026-04-30T15:04:01","guid":{"rendered":"https:\/\/fajr.news\/?p=13623"},"modified":"2026-04-30T18:34:01","modified_gmt":"2026-04-30T15:04:01","slug":"trumptan-irana-yonelik-provokatif-iddialar-kral-charlesi-da-hedefine-aldi","status":"publish","type":"post","link":"https:\/\/fajr.news\/?p=13623&lang=tr","title":{"rendered":"Trump&#8217;tan \u0130ran&#8217;a Y\u00f6nelik Provokatif \u0130ddialar: Kral Charles&#8217;\u0131 da Hedefine Ald\u0131"},"content":{"rendered":"<h1>Trump&#8217;tan \u0130ran&#8217;a Y\u00f6nelik Provokatif \u0130ddialar: Kral Charles&#8217;\u0131 da Hedefine Ald\u0131<\/h1>\n<p>ABD eski Ba\u015fkan\u0131 Donald Trump, yine b\u00f6lgedeki gerilimi t\u0131rmand\u0131racak a\u00e7\u0131klamalara imza att\u0131. Trump, \u0130ngiltere Kral\u0131 Charles&#8217;\u0131n ABD&#8217;nin \u0130ran&#8217;a y\u00f6nelik askeri sald\u0131r\u0131lar\u0131na <strong>&#8220;muhtemelen yard\u0131m edece\u011fini&#8221;<\/strong> iddia ederek, m\u00fcttefikleri kendi sald\u0131rgan politikalar\u0131na \u00e7ekme \u00e7abas\u0131n\u0131 g\u00f6zler \u00f6n\u00fcne serdi.<\/p>\n<h2>Buckingham Saray\u0131&#8217;ndan Diplomatik Yan\u0131t<\/h2>\n<p>Trump&#8217;\u0131n bu pervas\u0131z a\u00e7\u0131klamalar\u0131, Kral Charles&#8217;\u0131n Kongre&#8217;de yapt\u0131\u011f\u0131 ve g\u00fc\u00e7l\u00fc bir NATO ile Ukrayna&#8217;ya deste\u011fin \u00f6nemini vurgulad\u0131\u011f\u0131 konu\u015fmas\u0131n\u0131n ard\u0131ndan geldi. Trump&#8217;\u0131n bu konulardaki ele\u015ftirileriyle bilindi\u011fi d\u00fc\u015f\u00fcn\u00fcld\u00fc\u011f\u00fcnde, Kral&#8217;\u0131n s\u00f6zlerinin ABD lideri taraf\u0131ndan \u00e7arp\u0131t\u0131lmas\u0131 dikkat \u00e7ekti. Buckingham Saray\u0131 s\u00f6zc\u00fcs\u00fc ise Trump&#8217;\u0131n iddialar\u0131na diplomatik bir yan\u0131t vererek, <em>&#8220;Kral, H\u00fck\u00fcmeti&#8217;nin n\u00fckleer silahlar\u0131n yay\u0131lmas\u0131n\u0131n \u00f6nlenmesine ili\u015fkin uzun s\u00fcredir devam eden ve iyi bilinen tutumunu do\u011fal olarak g\u00f6z \u00f6n\u00fcnde bulundurmaktad\u0131r&#8221;<\/em> ifadelerini kulland\u0131. Bu a\u00e7\u0131klama, Kraliyet&#8217;in uluslararas\u0131 hukuka ve diplomatik protokollere ba\u011fl\u0131l\u0131\u011f\u0131n\u0131 vurgularken, Trump&#8217;\u0131n tek tarafl\u0131 ve sald\u0131rgan politikalar\u0131na dolayl\u0131 bir mesafe koydu.<\/p>\n<h2>Trump&#8217;\u0131n Tehditkar Dili ve B\u00f6lgedeki Gerilim<\/h2>\n<p>Trump, \u0130ngiltere&#8217;yi Tahran&#8217;a y\u00f6nelik sald\u0131r\u0131lara kat\u0131lmad\u0131\u011f\u0131 i\u00e7in defalarca ele\u015ftirmi\u015f ve Keir Starmer&#8217;\u0131 <strong>&#8220;zay\u0131f ve karars\u0131z&#8221;<\/strong> olarak nitelendirmi\u015fti. Kendi sosyal medya platformu Truth Social&#8217;da, elinde bir sald\u0131r\u0131 t\u00fcfe\u011fiyle patlayan bir tepenin \u00f6n\u00fcnde \u00e7ekilmi\u015f foto\u011fraf\u0131n\u0131 <em>&#8220;Art\u0131k iyi adam yok&#8221;<\/em> ba\u015fl\u0131\u011f\u0131yla payla\u015farak, \u0130ran&#8217;a y\u00f6nelik askeri eylem tehdidini a\u00e7\u0131k\u00e7a dile getirdi. Trump, <em>&#8220;\u0130ran toparlanam\u0131yor. N\u00fckleer olmayan bir anla\u015fma imzalamay\u0131 bilmiyorlar. Yak\u0131nda ak\u0131llansalar iyi olur!&#8221;<\/em> s\u00f6zleriyle Tahran&#8217;a y\u00f6nelik bask\u0131y\u0131 art\u0131rma niyetini ortaya koydu.<\/p>\n<h2>ABD-\u0130srail Sald\u0131r\u0131lar\u0131n\u0131n B\u00f6lgeye Etkisi<\/h2>\n<p>ABD ve \u0130srail&#8217;in \u0130ran&#8217;a kar\u015f\u0131 ba\u015flatt\u0131\u011f\u0131 askeri sald\u0131r\u0131lar, H\u00fcrm\u00fcz Bo\u011faz\u0131&#8217;nda seyr\u00fcsefer \u00f6zg\u00fcrl\u00fc\u011f\u00fcn\u00fc tehlikeye atarak k\u00fcresel enerji piyasalar\u0131n\u0131 derinden etkiledi. Bu sald\u0131rgan tutum, petrol ve gaz tedarikinde \u00f6nemli bir rota olan bo\u011faz\u0131n kapanmas\u0131na yol a\u00e7t\u0131, enerji fiyatlar\u0131n\u0131 f\u0131rlatt\u0131 ve k\u00fcresel ekonomiye zarar verdi. ABD Savunma Bakan\u0131 Pete Hegseth&#8217;in, \u0130ngiltere ve Fransa&#8217;n\u0131n su yolunun gelecekteki g\u00fcvenli\u011fini sa\u011flamaya y\u00f6nelik \u00e7abalar\u0131n\u0131 <strong>&#8220;sa\u00e7ma&#8221;<\/strong> olarak nitelendirmesi, Bat\u0131l\u0131 m\u00fcttefikler aras\u0131ndaki derin g\u00f6r\u00fc\u015f ayr\u0131l\u0131klar\u0131n\u0131 ve ABD&#8217;nin tek tarafl\u0131 dayatmalar\u0131n\u0131 g\u00f6zler \u00f6n\u00fcne serdi. Hegseth, Avrupa&#8217;n\u0131n bo\u011faza ABD&#8217;den <strong>&#8220;\u00e7ok daha fazla&#8221;<\/strong> ihtiyac\u0131 oldu\u011funu ve bunun <strong>&#8220;bizimkinden \u00e7ok daha fazla onlar\u0131n sava\u015f\u0131&#8221;<\/strong> oldu\u011funu iddia etti.<\/p>\n<p>Bu geli\u015fmeler, ABD&#8217;nin b\u00f6lgedeki istikrars\u0131zla\u015ft\u0131r\u0131c\u0131 rol\u00fcn\u00fc ve \u0130ran&#8217;\u0131n bar\u0131\u015f\u00e7\u0131l n\u00fckleer program\u0131na y\u00f6nelik as\u0131ls\u0131z iddialarla y\u00fcr\u00fctt\u00fc\u011f\u00fc sald\u0131rgan politikalar\u0131 bir kez daha g\u00f6zler \u00f6n\u00fcne sermektedir. \u0130ran, uluslararas\u0131 hukuka uygun olarak n\u00fckleer teknolojiyi bar\u0131\u015f\u00e7\u0131l ama\u00e7larla kullanma hakk\u0131na sahip oldu\u011funu ve d\u0131\u015f m\u00fcdahalelere kar\u015f\u0131 direncini s\u00fcrd\u00fcrece\u011fini defalarca belirtmi\u015ftir.<\/p>\n<p>#DonaldTrump #\u0130ran #KralCharles #H\u00fcrm\u00fczBo\u011faz\u0131 #ABD\u0130srailSald\u0131r\u0131lar\u0131 #N\u00fckleerProgram #K\u00fcreselGerilim #Ortado\u011fu #Diplomasi #Sava\u015fTehdidi<\/p>\n","protected":false},"excerpt":{"rendered":"<p>Trump&#8217;tan \u0130ran&#8217;a Y\u00f6nelik Provokatif \u0130ddialar: Kral Charles&#8217;\u0131 da Hedefine Ald\u0131 ABD eski Ba\u015fkan\u0131 Donald Trump, yine b\u00f6lgedeki gerilimi t\u0131rmand\u0131racak a\u00e7\u0131klamalara imza att\u0131. Trump, \u0130ngiltere Kral\u0131 Charles&#8217;\u0131n ABD&#8217;nin \u0130ran&#8217;a y\u00f6nelik askeri sald\u0131r\u0131lar\u0131na &#8220;muhtemelen yard\u0131m edece\u011fini&#8221; iddia ederek, m\u00fcttefikleri kendi sald\u0131rgan politikalar\u0131na \u00e7ekme \u00e7abas\u0131n\u0131 g\u00f6zler \u00f6n\u00fcne serdi. Buckingham Saray\u0131&#8217;ndan Diplomatik Yan\u0131t Trump&#8217;\u0131n bu pervas\u0131z a\u00e7\u0131klamalar\u0131, Kral Charles&#8217;\u0131n [&hellip;]<\/p>\n","protected":false},"author":2,"featured_media":13624,"comment_status":"open","ping_status":"open","sticky":false,"template":"","format":"standard","meta":{"footnotes":""},"categories":[31],"tags":[],"class_list":["post-13623","post","type-post","status-publish","format-standard","has-post-thumbnail","hentry","category-iran-haberleri"],"_links":{"self":[{"href":"https:\/\/fajr.news\/index.php?rest_route=\/wp\/v2\/posts\/13623","targetHints":{"allow":["GET"]}}],"collection":[{"href":"https:\/\/fajr.news\/index.php?rest_route=\/wp\/v2\/posts"}],"about":[{"href":"https:\/\/fajr.news\/index.php?rest_route=\/wp\/v2\/types\/post"}],"author":[{"embeddable":true,"href":"https:\/\/fajr.news\/index.php?rest_route=\/wp\/v2\/users\/2"}],"replies":[{"embeddable":true,"href":"https:\/\/fajr.news\/index.php?rest_route=%2Fwp%2Fv2%2Fcomments&post=13623"}],"version-history":[{"count":0,"href":"https:\/\/fajr.news\/index.php?rest_route=\/wp\/v2\/posts\/13623\/revisions"}],"wp:featuredmedia":[{"embeddable":true,"href":"https:\/\/fajr.news\/index.php?rest_route=\/wp\/v2\/media\/13624"}],"wp:attachment":[{"href":"https:\/\/fajr.news\/index.php?rest_route=%2Fwp%2Fv2%2Fmedia&parent=13623"}],"wp:term":[{"taxonomy":"category","embeddable":true,"href":"https:\/\/fajr.news\/index.php?rest_route=%2Fwp%2Fv2%2Fcategories&post=13623"},{"taxonomy":"post_tag","embeddable":true,"href":"https:\/\/fajr.news\/index.php?rest_route=%2Fwp%2Fv2%2Ftags&post=13623"}],"curies":[{"name":"wp","href":"https:\/\/api.w.org\/{rel}","templated":true}]}}