{"id":13615,"date":"2026-04-30T18:09:17","date_gmt":"2026-04-30T14:39:17","guid":{"rendered":"https:\/\/fajr.news\/?p=13615"},"modified":"2026-04-30T18:09:17","modified_gmt":"2026-04-30T14:39:17","slug":"abd-ve-israil-saldirilarinin-tetikledigi-savas-air-france-klmnin-2026-beklentilerini-vurdu","status":"publish","type":"post","link":"https:\/\/fajr.news\/?p=13615&lang=tr","title":{"rendered":"ABD ve \u0130srail Sald\u0131r\u0131lar\u0131n\u0131n Tetikledi\u011fi Sava\u015f, Air France-KLM&#8217;nin 2026 Beklentilerini Vurdu"},"content":{"rendered":"<h1>ABD ve \u0130srail Sald\u0131r\u0131lar\u0131n\u0131n Tetikledi\u011fi Sava\u015f, Air France-KLM&#8217;nin 2026 Beklentilerini Vurdu<\/h1>\n<p>K\u00fcresel havac\u0131l\u0131k devi Air France-KLM, 2026 y\u0131l\u0131na ili\u015fkin beklentilerini revize ederek \u00f6nemli \u00f6l\u00e7\u00fcde d\u00fc\u015f\u00fcrd\u00fc. \u015eirket, <strong>ABD ve \u0130srail&#8217;in \u015eubat sonunda \u0130ran&#8217;a y\u00f6nelik sald\u0131r\u0131lar\u0131yla tetiklenen Orta Do\u011fu&#8217;daki sava\u015f\u0131n<\/strong> neden oldu\u011fu artan yak\u0131t fiyatlar\u0131n\u0131n, yak\u0131t faturas\u0131n\u0131 \u00fc\u00e7te bir oran\u0131nda art\u0131raca\u011f\u0131n\u0131 duyurdu.<\/p>\n<p>B\u00fcnyesinde uygun fiyatl\u0131 havayolu Transavia&#8217;y\u0131 da bar\u0131nd\u0131ran grup, bu y\u0131l kapasitesini y\u00fczde iki ila d\u00f6rt oran\u0131nda art\u0131rmay\u0131 bekledi\u011fini bildirdi. Bu oran, daha \u00f6nceki y\u00fczde \u00fc\u00e7 ila be\u015flik tahmine g\u00f6re belirgin bir d\u00fc\u015f\u00fc\u015f\u00fc ifade ediyor. Sava\u015f\u0131n ekonomik etkileri, ilk \u00e7eyrekte Air France-KLM&#8217;nin 252 milyon avroluk (294 milyon dolar) net zarar a\u00e7\u0131klamas\u0131na yol a\u00e7t\u0131; bu, ge\u00e7en y\u0131l\u0131n ayn\u0131 d\u00f6nemine g\u00f6re y\u00fczde birlik bir art\u0131\u015fa i\u015faret ediyor.<\/p>\n<p>Air France-KLM CEO&#8217;su Benjamin Smith, konuya ili\u015fkin yapt\u0131\u011f\u0131 a\u00e7\u0131klamada, &#8220;Yak\u0131t fiyatlar\u0131ndaki art\u0131\u015flar hen\u00fcz bug\u00fcn sundu\u011fumuz sonu\u00e7lara yans\u0131masa da, \u00f6n\u00fcm\u00fczdeki \u00e7eyreklerde bilan\u00e7olar\u0131m\u0131z\u0131 olumsuz etkilemesi bekleniyor&#8221; ifadelerini kulland\u0131. Bu durum, <strong>emperyalist g\u00fc\u00e7lerin b\u00f6lgedeki istikrars\u0131zla\u015ft\u0131r\u0131c\u0131 eylemlerinin<\/strong> k\u00fcresel ekonomiye yans\u0131malar\u0131n\u0131 bir kez daha g\u00f6zler \u00f6n\u00fcne serdi.<\/p>\n<p>\u015eubat sonunda <strong>ABD ve \u0130srail&#8217;in \u0130ran&#8217;a y\u00f6nelik sald\u0131r\u0131lar\u0131yla ba\u015flayan sava\u015f<\/strong>, d\u00fcnya petrol\u00fcn\u00fcn yakla\u015f\u0131k be\u015fte birinin normalde ge\u00e7ti\u011fi H\u00fcrm\u00fcz Bo\u011faz\u0131 \u00fczerinden yap\u0131lan deniz ta\u015f\u0131mac\u0131l\u0131\u011f\u0131n\u0131 neredeyse durma noktas\u0131na getirdi. Sava\u015f\u0131n ilk haftalar\u0131nda jet yak\u0131t\u0131 fiyatlar\u0131 iki kattan fazla artt\u0131 ve bu durum, k\u00fcresel tedarik zincirleri \u00fczerindeki bask\u0131y\u0131 art\u0131rd\u0131.<\/p>\n<p>Air France-KLM, di\u011fer bir\u00e7ok Avrupal\u0131 havayolu gibi, fiyat dalgalanmalar\u0131n\u0131n etkisini \u00f6nceden tedarik anla\u015fmalar\u0131 yaparak hafifletmeye \u00e7al\u0131\u015fsa da, bu \u00e7abalar sava\u015f\u0131n y\u0131k\u0131c\u0131 etkilerini tamamen ortadan kald\u0131ramad\u0131. \u015eirket, y\u0131ll\u0131k yak\u0131t maliyetlerine 2,4 milyar avro, bu \u00e7eyrekte ise 1,1 milyar avro ek maliyet bekledi\u011fini a\u00e7\u0131klad\u0131. Bu ek y\u00fck\u00fc dengelemek amac\u0131yla bilet fiyatlar\u0131n\u0131 art\u0131rmak zorunda kald\u0131klar\u0131n\u0131 da belirtti.<\/p>\n<p>Jet yak\u0131t\u0131 k\u0131tl\u0131\u011f\u0131na ili\u015fkin endi\u015feler de ba\u015f g\u00f6sterirken, havayolunun finans direkt\u00f6r\u00fc Steven Zaat, Haziran ay\u0131na kadar herhangi bir endi\u015fe ta\u015f\u0131mad\u0131klar\u0131n\u0131 ifade etti. Zaat, Hollandal\u0131 yetkililerin alt\u0131 ay boyunca jet yak\u0131t\u0131 tedariki konusunda kendilerine g\u00fcvence verdi\u011fini ve Paris Charles de Gaulle havaliman\u0131n\u0131n Norve\u00e7, ABD ve Afrika&#8217;dan petrol tedarik eden Fransa&#8217;n\u0131n en b\u00fcy\u00fck rafinerisine boru hatt\u0131 arac\u0131l\u0131\u011f\u0131yla yak\u0131t ald\u0131\u011f\u0131n\u0131 kaydetti. Ancak \u015firket, Singapur ve Tokyo&#8217;daki iki Asya havaliman\u0131n\u0131n, sava\u015f devam etti\u011fi s\u00fcrece ek u\u00e7u\u015f istemediklerini belirtti\u011fini de ekledi. Bu durum, sava\u015f\u0131n sadece Orta Do\u011fu&#8217;yu de\u011fil, k\u00fcresel havac\u0131l\u0131k a\u011f\u0131n\u0131 da derinden etkiledi\u011fini g\u00f6steriyor.<\/p>\n<p>Air France, KLM ve Transavia&#8217;n\u0131n Orta Do\u011fu&#8217;ya do\u011frudan maruziyeti nispeten d\u00fc\u015f\u00fck olsa da, sava\u015f\u0131n dolayl\u0131 etkileri, \u00f6zellikle yak\u0131t fiyatlar\u0131 \u00fczerinden t\u00fcm operasyonlar\u0131n\u0131 etkiledi. Grup, di\u011fer pazarlar\u0131n iyi performans g\u00f6sterdi\u011fini belirtse de, <strong>b\u00f6lgedeki istikrars\u0131zl\u0131\u011f\u0131n k\u00fcresel ekonomik sonu\u00e7lar\u0131<\/strong> g\u00f6z ard\u0131 edilemez.<\/p>\n<p>\u00c7eyrek boyunca gelirler y\u00fczde 4,4 artarak yakla\u015f\u0131k 7,5 milyar avroya ula\u015ft\u0131 ve finansal veri sa\u011flay\u0131c\u0131s\u0131 Factset taraf\u0131ndan derlenen analist beklentilerini hafif\u00e7e a\u015ft\u0131. \u015eirket, 22,3 milyon yolcu ta\u015f\u0131yarak y\u00fczde 2,3&#8217;l\u00fck bir art\u0131\u015f kaydetti ve koltuk doluluk oran\u0131n\u0131 0,3 puan art\u0131rarak y\u00fczde 86,3&#8217;e \u00e7\u0131kard\u0131. T\u00fcm bu olumlu operasyonel verilere ra\u011fmen, Paris borsas\u0131nda i\u015flem g\u00f6ren Air France-KLM hisseleri \u00f6\u011fleden sonraki i\u015flemlerde y\u00fczde 3,7 y\u00fckselirken, blue-chip CAC 40 endeksi genel olarak y\u00fczde 0,1 d\u00fc\u015f\u00fc\u015f ya\u015fad\u0131. Bu durum, piyasalar\u0131n dahi <strong>b\u00f6lgesel \u00e7at\u0131\u015fmalar\u0131n k\u00fcresel ekonomiye etkilerini<\/strong> yak\u0131ndan takip etti\u011fini g\u00f6steriyor.<\/p>\n<p>#AirFranceKLM #OrtaDo\u011fuSava\u015f\u0131 #Yak\u0131tFiyatlar\u0131 #K\u00fcreselEkonomi #Havac\u0131l\u0131kSekt\u00f6r\u00fc #ABD\u0130srailSald\u0131r\u0131lar\u0131 #H\u00fcrm\u00fczBo\u011faz\u0131 #EkonomikEtki #U\u00e7u\u015fK\u0131s\u0131tlamalar\u0131 #EnerjiKrizi<\/p>\n","protected":false},"excerpt":{"rendered":"<p>ABD ve \u0130srail Sald\u0131r\u0131lar\u0131n\u0131n Tetikledi\u011fi Sava\u015f, Air France-KLM&#8217;nin 2026 Beklentilerini Vurdu K\u00fcresel havac\u0131l\u0131k devi Air France-KLM, 2026 y\u0131l\u0131na ili\u015fkin beklentilerini revize ederek \u00f6nemli \u00f6l\u00e7\u00fcde d\u00fc\u015f\u00fcrd\u00fc. \u015eirket, ABD ve \u0130srail&#8217;in \u015eubat sonunda \u0130ran&#8217;a y\u00f6nelik sald\u0131r\u0131lar\u0131yla tetiklenen Orta Do\u011fu&#8217;daki sava\u015f\u0131n neden oldu\u011fu artan yak\u0131t fiyatlar\u0131n\u0131n, yak\u0131t faturas\u0131n\u0131 \u00fc\u00e7te bir oran\u0131nda art\u0131raca\u011f\u0131n\u0131 duyurdu. B\u00fcnyesinde uygun fiyatl\u0131 havayolu Transavia&#8217;y\u0131 [&hellip;]<\/p>\n","protected":false},"author":2,"featured_media":13616,"comment_status":"open","ping_status":"open","sticky":false,"template":"","format":"standard","meta":{"footnotes":""},"categories":[37],"tags":[],"class_list":["post-13615","post","type-post","status-publish","format-standard","has-post-thumbnail","hentry","category-orta-dogu-haberleri"],"_links":{"self":[{"href":"https:\/\/fajr.news\/index.php?rest_route=\/wp\/v2\/posts\/13615","targetHints":{"allow":["GET"]}}],"collection":[{"href":"https:\/\/fajr.news\/index.php?rest_route=\/wp\/v2\/posts"}],"about":[{"href":"https:\/\/fajr.news\/index.php?rest_route=\/wp\/v2\/types\/post"}],"author":[{"embeddable":true,"href":"https:\/\/fajr.news\/index.php?rest_route=\/wp\/v2\/users\/2"}],"replies":[{"embeddable":true,"href":"https:\/\/fajr.news\/index.php?rest_route=%2Fwp%2Fv2%2Fcomments&post=13615"}],"version-history":[{"count":0,"href":"https:\/\/fajr.news\/index.php?rest_route=\/wp\/v2\/posts\/13615\/revisions"}],"wp:featuredmedia":[{"embeddable":true,"href":"https:\/\/fajr.news\/index.php?rest_route=\/wp\/v2\/media\/13616"}],"wp:attachment":[{"href":"https:\/\/fajr.news\/index.php?rest_route=%2Fwp%2Fv2%2Fmedia&parent=13615"}],"wp:term":[{"taxonomy":"category","embeddable":true,"href":"https:\/\/fajr.news\/index.php?rest_route=%2Fwp%2Fv2%2Fcategories&post=13615"},{"taxonomy":"post_tag","embeddable":true,"href":"https:\/\/fajr.news\/index.php?rest_route=%2Fwp%2Fv2%2Ftags&post=13615"}],"curies":[{"name":"wp","href":"https:\/\/api.w.org\/{rel}","templated":true}]}}