{"id":13607,"date":"2026-04-30T17:50:25","date_gmt":"2026-04-30T14:20:25","guid":{"rendered":"https:\/\/fajr.news\/?p=13607"},"modified":"2026-04-30T17:50:25","modified_gmt":"2026-04-30T14:20:25","slug":"ufuklar-orta-dogu-ve-afrika-30-04-2026","status":"publish","type":"post","link":"https:\/\/fajr.news\/?p=13607&lang=tr","title":{"rendered":"Ufuklar Orta Do\u011fu ve Afrika 30.04.2026"},"content":{"rendered":"<h1>Ufuklar Orta Do\u011fu ve Afrika: B\u00f6lgesel ve K\u00fcresel Piyasalar\u0131n Nabz\u0131<\/h1>\n<p><strong>Ufuklar Orta Do\u011fu ve Afrika<\/strong>, d\u00fcnyan\u0131n en dinamik ve h\u0131zla b\u00fcy\u00fcyen b\u00f6lgelerinden birine her g\u00fcn \u00f6zel bir pencere a\u00e7\u0131yor. Program\u0131m\u0131z, Orta Do\u011fu ve Afrika (MEA) b\u00f6lgesine odaklanarak, k\u00fcresel piyasalardaki en g\u00fcncel geli\u015fmeleri, derinlemesine analizleri ve g\u00fcndem belirleyen \u00f6zel r\u00f6portajlar\u0131 izleyicileriyle bulu\u015fturuyor.<\/p>\n<h2>Dubai&#8217;den Canl\u0131 Yay\u0131nla K\u00fcresel Bak\u0131\u015f<\/h2>\n<p>Dubai&#8217;den canl\u0131 olarak yay\u0131nlanan program\u0131m\u0131z, finans d\u00fcnyas\u0131n\u0131n nabz\u0131n\u0131 tutuyor. Uzman yorumcular\u0131m\u0131z ve sekt\u00f6r liderleriyle yap\u0131lan \u00f6zel s\u00f6yle\u015filer sayesinde, yat\u0131r\u0131mc\u0131lardan i\u015f d\u00fcnyas\u0131 profesyonellerine kadar geni\u015f bir kitleye hitap ediyoruz. \u00d6zellikle MEA b\u00f6lgesindeki ekonomik trendler, yat\u0131r\u0131m f\u0131rsatlar\u0131 ve stratejik geli\u015fmeler mercek alt\u0131na al\u0131n\u0131yor.<\/p>\n<h3>G\u00fcn\u00fcn Her Saati Yan\u0131n\u0131zda<\/h3>\n<p>\u0130ster K\u00f6rfez&#8217;de ofisinize do\u011fru yola \u00e7\u0131karken, ister Hong Kong&#8217;da \u00f6\u011fle yeme\u011fi molas\u0131 verirken, ya da Londra veya Johannesburg&#8217;da g\u00fcne ba\u015flarken&#8230; <em>Ufuklar Orta Do\u011fu ve Afrika<\/em>, g\u00fcn\u00fcn her an\u0131nda size e\u015flik ederek, k\u00fcresel ekonominin ve b\u00f6lgesel piyasalar\u0131n karma\u015f\u0131k dinamiklerini anla\u015f\u0131l\u0131r bir dille sunuyor. Bu programla, d\u00fcnyan\u0131n d\u00f6rt bir yan\u0131ndaki \u00f6nemli ekonomik olaylardan an\u0131nda haberdar olun ve stratejik kararlar\u0131n\u0131z i\u00e7in sa\u011flam bir temel olu\u015fturun.<\/p>\n<p><strong>Ka\u00e7\u0131rmay\u0131n!<\/strong><\/p>\n<p>#OrtaDo\u011fuAfrika #K\u00fcreselPiyasalar #EkonomiAnaliz #DubaiCanl\u0131 #FinansHaberleri #Yat\u0131r\u0131mF\u0131rsatlar\u0131 #B\u00f6lgeselGeli\u015fim #\u0130\u015fD\u00fcnyas\u0131 #PiyasaGeli\u015fmeleri #UfuklarMEA<\/p>\n","protected":false},"excerpt":{"rendered":"<p>Ufuklar Orta Do\u011fu ve Afrika: B\u00f6lgesel ve K\u00fcresel Piyasalar\u0131n Nabz\u0131 Ufuklar Orta Do\u011fu ve Afrika, d\u00fcnyan\u0131n en dinamik ve h\u0131zla b\u00fcy\u00fcyen b\u00f6lgelerinden birine her g\u00fcn \u00f6zel bir pencere a\u00e7\u0131yor. Program\u0131m\u0131z, Orta Do\u011fu ve Afrika (MEA) b\u00f6lgesine odaklanarak, k\u00fcresel piyasalardaki en g\u00fcncel geli\u015fmeleri, derinlemesine analizleri ve g\u00fcndem belirleyen \u00f6zel r\u00f6portajlar\u0131 izleyicileriyle bulu\u015fturuyor. Dubai&#8217;den Canl\u0131 Yay\u0131nla K\u00fcresel [&hellip;]<\/p>\n","protected":false},"author":2,"featured_media":13608,"comment_status":"open","ping_status":"open","sticky":false,"template":"","format":"standard","meta":{"footnotes":""},"categories":[37],"tags":[],"class_list":["post-13607","post","type-post","status-publish","format-standard","has-post-thumbnail","hentry","category-orta-dogu-haberleri"],"_links":{"self":[{"href":"https:\/\/fajr.news\/index.php?rest_route=\/wp\/v2\/posts\/13607","targetHints":{"allow":["GET"]}}],"collection":[{"href":"https:\/\/fajr.news\/index.php?rest_route=\/wp\/v2\/posts"}],"about":[{"href":"https:\/\/fajr.news\/index.php?rest_route=\/wp\/v2\/types\/post"}],"author":[{"embeddable":true,"href":"https:\/\/fajr.news\/index.php?rest_route=\/wp\/v2\/users\/2"}],"replies":[{"embeddable":true,"href":"https:\/\/fajr.news\/index.php?rest_route=%2Fwp%2Fv2%2Fcomments&post=13607"}],"version-history":[{"count":0,"href":"https:\/\/fajr.news\/index.php?rest_route=\/wp\/v2\/posts\/13607\/revisions"}],"wp:featuredmedia":[{"embeddable":true,"href":"https:\/\/fajr.news\/index.php?rest_route=\/wp\/v2\/media\/13608"}],"wp:attachment":[{"href":"https:\/\/fajr.news\/index.php?rest_route=%2Fwp%2Fv2%2Fmedia&parent=13607"}],"wp:term":[{"taxonomy":"category","embeddable":true,"href":"https:\/\/fajr.news\/index.php?rest_route=%2Fwp%2Fv2%2Fcategories&post=13607"},{"taxonomy":"post_tag","embeddable":true,"href":"https:\/\/fajr.news\/index.php?rest_route=%2Fwp%2Fv2%2Ftags&post=13607"}],"curies":[{"name":"wp","href":"https:\/\/api.w.org\/{rel}","templated":true}]}}