{"id":13591,"date":"2026-04-30T17:22:28","date_gmt":"2026-04-30T13:52:28","guid":{"rendered":"https:\/\/fajr.news\/?p=13591"},"modified":"2026-04-30T17:22:28","modified_gmt":"2026-04-30T13:52:28","slug":"ucak-gemisi-uss-gerald-r-fordun-orta-dogudan-ayrilmasi-bekleniyor","status":"publish","type":"post","link":"https:\/\/fajr.news\/?p=13591&lang=tr","title":{"rendered":"U\u00e7ak gemisi USS Gerald R. Ford&#8217;un Orta Do\u011fu&#8217;dan ayr\u0131lmas\u0131 bekleniyor"},"content":{"rendered":"<p>Medya raporlar\u0131na g\u00f6re, USS Gerald R. Ford u\u00e7ak gemisinde g\u00f6revli 4.500&#8217;den fazla askeri personel, geminin rekor k\u0131ran konu\u015fland\u0131rmas\u0131n\u0131n sonuna yakla\u015f\u0131rken ailelerine geri d\u00f6nebilir.<br \/>\nWashington Post ve Associated Press \u00c7ar\u015famba g\u00fcn\u00fc, isimsiz ABD&#8217;li yetkililere at\u0131fta bulunarak, Ford&#8217;un yak\u0131nda Orta Do\u011fu&#8217;dan ayr\u0131larak May\u0131s ortas\u0131na kadar Virginia&#8217;daki Norfolk Deniz \u00dcss\u00fc&#8217;ne d\u00f6nmesinin beklendi\u011fini bildirdi.<br \/>\nDonanma, geminin d\u00f6n\u00fc\u015f\u00fcn\u00fc hen\u00fcz kamuoyuna a\u00e7\u0131klamad\u0131. ABD Merkez Komutanl\u0131\u011f\u0131, Per\u015fembe g\u00fcn\u00fc Ford&#8217;un yak\u0131nda ABD&#8217;ye d\u00f6n\u00fcp d\u00f6nmeyece\u011fi y\u00f6n\u00fcndeki sorulara hemen yan\u0131t vermedi.<br \/>\nPer\u015fembe g\u00fcn\u00fc, Gerald R. Ford U\u00e7ak Gemisi Taarruz Grubu, konu\u015fland\u0131rmas\u0131n\u0131n 311. g\u00fcn\u00fcne girdi; bu, Vietnam Sava\u015f\u0131 sonras\u0131 bir rekor olup, 1964&#8217;ten bu yana en uzun u\u00e7ak gemisi konu\u015fland\u0131rmalar\u0131ndan baz\u0131lar\u0131n\u0131 geride b\u0131rakabilir. Grup, USS Winston S. Churchill ve USS Mahan destroyerleri ile Ta\u015f\u0131y\u0131c\u0131 Hava Kanad\u0131 8&#8217;i i\u00e7eriyor.<br \/>\nABD&#8217;nin Orta Do\u011fu&#8217;daki ate\u015f g\u00fcc\u00fcndeki bu azalma, Ba\u015fkan Donald Trump&#8217;\u0131n \u0130ran rejimini n\u00fckleer emellerinden vazge\u00e7meye zorlamak amac\u0131yla ekonomik abluka ile \u0130ran \u00fczerindeki bask\u0131y\u0131 art\u0131rd\u0131\u011f\u0131 bir d\u00f6neme denk geliyor.<br \/>\n\u00c7ar\u015famba g\u00fcn\u00fc Trump, Truth Social&#8217;da yapay zeka taraf\u0131ndan olu\u015fturulmu\u015f, elinde silah tutan bir foto\u011fraf\u0131n\u0131 &#8220;ARTIK \u0130Y\u0130 ADAM YOK!&#8221; s\u00f6zleriyle payla\u015farak \u0130ran&#8217;a y\u00f6nelik tehditlerini yineledi.<br \/>\nPayla\u015f\u0131mda ayr\u0131ca \u0130ran&#8217;\u0131n n\u00fckleer olmayan bir anla\u015fmay\u0131 nas\u0131l imzalayaca\u011f\u0131n\u0131 bilmedi\u011fi ve kendini toparlayamad\u0131\u011f\u0131 belirtildi.<br \/>\nTrump payla\u015f\u0131m\u0131nda, &#8220;Yak\u0131nda ak\u0131llansalar iyi olur,&#8221; dedi.<br \/>\nFord&#8217;un beklenen ayr\u0131l\u0131\u015f\u0131, Umman Denizi&#8217;nde USS Abraham Lincoln u\u00e7ak gemisiyle birlikte faaliyet g\u00f6steren USS George H.W. Bush u\u00e7ak gemisinin geli\u015fini takip ediyor. Bush&#8217;un Ford&#8217;un yerini almas\u0131 bekleniyordu.<br \/>\nBu \u00fc\u00e7 u\u00e7ak gemisi, 2003&#8217;teki Irak Sava\u015f\u0131 s\u0131ras\u0131nda be\u015f geminin konu\u015fland\u0131r\u0131lmas\u0131ndan bu yana Orta Do\u011fu&#8217;ya g\u00f6nderilen en y\u00fcksek say\u0131y\u0131 temsil ediyor.<br \/>\nOrta Do\u011fu&#8217;da Trablus Amfibi Haz\u0131rl\u0131k Grubu ve di\u011fer bir\u00e7ok Donanma gemisiyle birlikte yakla\u015f\u0131k 15 destroyer daha faaliyet g\u00f6steriyor. USNI News Pazartesi g\u00fcn\u00fc, Do\u011fu Akdeniz&#8217;de d\u00f6rt destroyer daha bulundu\u011funu bildirdi.<br \/>\nFord, Haziran sonunda Avrupa&#8217;ya rutin bir konu\u015fland\u0131rma olmas\u0131 beklenen g\u00f6rev i\u00e7in Norfolk&#8217;tan ayr\u0131lm\u0131\u015ft\u0131. O zamandan beri, geminin 10 aydan uzun s\u00fcren \u00e7alkant\u0131l\u0131 konu\u015fland\u0131rmas\u0131 Akdeniz, Karayip ve K\u0131z\u0131ldeniz&#8217;deki g\u00f6revleri i\u00e7erdi.<br \/>\n\u00d6rne\u011fin, u\u00e7ak gemisi Ekim ay\u0131nda Karayipler&#8217;e g\u00f6nderilmi\u015f ve Ocak ay\u0131nda eski Venezuela lideri Nicolas Maduro&#8217;nun yakalanmas\u0131 ve tutuklanmas\u0131 s\u0131ras\u0131nda b\u00f6lgede bulunmu\u015ftu.<br \/>\nFord, muhtemelen sekiz ayl\u0131k bir konu\u015fland\u0131rman\u0131n sonuna yakla\u015f\u0131rken, \u0130ran ile artan gerilimler aras\u0131nda \u015eubat ay\u0131nda Orta Do\u011fu&#8217;ya g\u00f6nderildi.<br \/>\nMart ba\u015f\u0131nda K\u0131z\u0131ldeniz&#8217;e girerek, ABD-\u0130srail&#8217;in \u0130ran&#8217;a kar\u015f\u0131 ortak kampanyas\u0131 olan Epic Fury Operasyonu&#8217;ndaki rol\u00fcn\u00fc s\u00fcrd\u00fcrd\u00fc.<br \/>\nAncak yakla\u015f\u0131k bir hafta sonra, geminin ana \u00e7ama\u015f\u0131rhanelerinde \u00e7\u0131kan bir yang\u0131n, birka\u00e7 kompart\u0131mana zarar verdi ve yakla\u015f\u0131k 600 personelin yerini de\u011fi\u015ftirdi. \u00dc\u00e7 denizci hayati tehlikesi olmayan yaralanmalar ald\u0131.<br \/>\n23 Mart&#8217;ta, gemi, yedi ya\u015fam alan\u0131n\u0131n onar\u0131m\u0131 da dahil olmak \u00fczere de\u011ferlendirme ve onar\u0131mlar i\u00e7in Girit adas\u0131ndaki Souda K\u00f6rfezi Deniz Destek Faaliyetleri&#8217;ne geri d\u00f6nd\u00fc.<br \/>\nDonanma yang\u0131nla ilgili az detay verdi ancak bunun muharebeyle ilgili olmad\u0131\u011f\u0131n\u0131 belirtti.<br \/>\nH\u0131rvatistan&#8217;\u0131n Split liman\u0131na planl\u0131 bak\u0131m ve m\u00fcrettebat dinlenmesi i\u00e7in yap\u0131lan ziyaretin ard\u0131ndan, gemi 3 Nisan&#8217;da operasyonlar\u0131na devam etti ve yakla\u015f\u0131k iki hafta sonra K\u0131z\u0131ldeniz&#8217;e yeniden girdi.<br \/>\nFord&#8217;un uzun s\u00fcreli konu\u015fland\u0131rmas\u0131, baz\u0131lar\u0131 gemi i\u00e7in \u00e7ok ihtiya\u00e7 duyulan bak\u0131mdaki gecikmeler ve denizciler ile aileleri \u00fczerindeki artan bask\u0131 hakk\u0131ndaki endi\u015felere dikkat \u00e7eken kongre liderlerinin incelemesi alt\u0131na girdi.<br \/>\nWashington Post&#8217;un bildirdi\u011fine g\u00f6re, \u00c7ar\u015famba g\u00fcn\u00fc birka\u00e7 yasa koyucu, bir kongre oturumunda Savunma Bakan\u0131 Pete Hegseth&#8217;i sorgulayarak, geminin uzat\u0131lm\u0131\u015f konu\u015fland\u0131rmas\u0131n\u0131n genel filo haz\u0131rl\u0131\u011f\u0131 \u00fczerindeki olas\u0131 etkileri g\u00f6z \u00f6n\u00fcne al\u0131nd\u0131\u011f\u0131nda gerekli olup olmad\u0131\u011f\u0131n\u0131 sordu.<br \/>\nHegseth, &#8220;Zorlu bir karar alma s\u00fcreci uzatmaya yol a\u00e7t\u0131,&#8221; dedi ve karar\u0131n Donanma ile isti\u015fare i\u00e7inde al\u0131nd\u0131\u011f\u0131n\u0131 ekledi.<br \/>\n#USSGeraldRFord #OrtaDo\u011fu #U\u00e7akGemisi #ABDDonanmas\u0131 #DonaldTrump #\u0130ranGerilimi #K\u0131z\u0131ldeniz #AskeriKonu\u015fland\u0131rma #FiloHaz\u0131rl\u0131\u011f\u0131 #K\u00fcreselG\u00fcvenlik<\/p>\n","protected":false},"excerpt":{"rendered":"<p>Medya raporlar\u0131na g\u00f6re, USS Gerald R. Ford u\u00e7ak gemisinde g\u00f6revli 4.500&#8217;den fazla askeri personel, geminin rekor k\u0131ran konu\u015fland\u0131rmas\u0131n\u0131n sonuna yakla\u015f\u0131rken ailelerine geri d\u00f6nebilir. Washington Post ve Associated Press \u00c7ar\u015famba g\u00fcn\u00fc, isimsiz ABD&#8217;li yetkililere at\u0131fta bulunarak, Ford&#8217;un yak\u0131nda Orta Do\u011fu&#8217;dan ayr\u0131larak May\u0131s ortas\u0131na kadar Virginia&#8217;daki Norfolk Deniz \u00dcss\u00fc&#8217;ne d\u00f6nmesinin beklendi\u011fini bildirdi. Donanma, geminin d\u00f6n\u00fc\u015f\u00fcn\u00fc hen\u00fcz kamuoyuna [&hellip;]<\/p>\n","protected":false},"author":2,"featured_media":13592,"comment_status":"open","ping_status":"open","sticky":false,"template":"","format":"standard","meta":{"footnotes":""},"categories":[37],"tags":[],"class_list":["post-13591","post","type-post","status-publish","format-standard","has-post-thumbnail","hentry","category-orta-dogu-haberleri"],"_links":{"self":[{"href":"https:\/\/fajr.news\/index.php?rest_route=\/wp\/v2\/posts\/13591","targetHints":{"allow":["GET"]}}],"collection":[{"href":"https:\/\/fajr.news\/index.php?rest_route=\/wp\/v2\/posts"}],"about":[{"href":"https:\/\/fajr.news\/index.php?rest_route=\/wp\/v2\/types\/post"}],"author":[{"embeddable":true,"href":"https:\/\/fajr.news\/index.php?rest_route=\/wp\/v2\/users\/2"}],"replies":[{"embeddable":true,"href":"https:\/\/fajr.news\/index.php?rest_route=%2Fwp%2Fv2%2Fcomments&post=13591"}],"version-history":[{"count":0,"href":"https:\/\/fajr.news\/index.php?rest_route=\/wp\/v2\/posts\/13591\/revisions"}],"wp:featuredmedia":[{"embeddable":true,"href":"https:\/\/fajr.news\/index.php?rest_route=\/wp\/v2\/media\/13592"}],"wp:attachment":[{"href":"https:\/\/fajr.news\/index.php?rest_route=%2Fwp%2Fv2%2Fmedia&parent=13591"}],"wp:term":[{"taxonomy":"category","embeddable":true,"href":"https:\/\/fajr.news\/index.php?rest_route=%2Fwp%2Fv2%2Fcategories&post=13591"},{"taxonomy":"post_tag","embeddable":true,"href":"https:\/\/fajr.news\/index.php?rest_route=%2Fwp%2Fv2%2Ftags&post=13591"}],"curies":[{"name":"wp","href":"https:\/\/api.w.org\/{rel}","templated":true}]}}