{"id":13583,"date":"2026-04-30T17:10:54","date_gmt":"2026-04-30T13:40:54","guid":{"rendered":"https:\/\/fajr.news\/?p=13583"},"modified":"2026-04-30T17:10:54","modified_gmt":"2026-04-30T13:40:54","slug":"siyonist-medya-baronu-dopfnerden-gazetecilere-skandal-talimat-israili-destekleyin-ya-da-istifa-edin","status":"publish","type":"post","link":"https:\/\/fajr.news\/?p=13583&lang=tr","title":{"rendered":"Siyonist Medya Baronu Dopfner&#8217;den Gazetecilere Skandal Talimat: &#8216;\u0130srail&#8217;i Destekleyin Ya da \u0130stifa Edin&#8217;"},"content":{"rendered":"<div>\n<h1>Siyonist Medya Baronu Dopfner&#8217;den Gazetecilere Skandal Talimat: &#8216;\u0130srail&#8217;i Destekleyin Ya da \u0130stifa Edin&#8217;<\/h1>\n<p>Bat\u0131 medyas\u0131n\u0131n s\u00f6zde \u00f6zg\u00fcrl\u00fck ve tarafs\u0131zl\u0131k iddialar\u0131, <strong>Axel Springer CEO&#8217;su Mathias Dopfner&#8217;in<\/strong> Telegraph ve Politico gibi \u00f6nemli yay\u0131n organlar\u0131n\u0131n gazetecilerine y\u00f6nelik \u015fok edici talimatlar\u0131yla bir kez daha yerle bir oldu. Dopfner, \u00e7al\u0131\u015fanlar\u0131na <strong>\u0130srail&#8217;i desteklemeleri gerekti\u011fini, aksi takdirde istifa etmeleri gerekti\u011fini<\/strong> a\u00e7\u0131k\u00e7a ifade ederek, bas\u0131n \u00f6zg\u00fcrl\u00fc\u011f\u00fcne ve gazetecilik eti\u011fine a\u011f\u0131r bir darbe vurdu.<\/p>\n<h2><a href=\"#bas\u0131n-\u00f6zg\u00fcrl\u00fc\u011f\u00fc-tehlikede\">Bas\u0131n \u00d6zg\u00fcrl\u00fc\u011f\u00fc Tehlikede: Gazetecilere Siyonist Bask\u0131<\/a><\/h2>\n<p>Bu talimatlar, haber odalar\u0131n\u0131n ba\u011f\u0131ms\u0131zl\u0131\u011f\u0131n\u0131n ciddi tehdit alt\u0131nda oldu\u011funu g\u00f6zler \u00f6n\u00fcne serdi. Politico b\u00fcnyesindeki gerilimler, Axel Springer&#8217;in 2021&#8217;de bu siyasi haber sitesini sat\u0131n almas\u0131ndan bu yana artarak devam ediyordu. Dopfner&#8217;in \u0130srail&#8217;i desteklemenin kurumun temel de\u011ferlerinden biri oldu\u011funu belirtmesi, bir\u00e7ok gazetecinin tepkisini \u00e7ekti. Politico gazetecileri, gelen yaz\u0131 i\u015fleri m\u00fcd\u00fcr\u00fc Jonathan Greenberger&#8217;e g\u00f6nderdikleri mektupla Dopfner&#8217;i <strong>\u201csiyasi g\u00fcndemini tan\u0131tmak i\u00e7in yay\u0131n\u0131 kullanmakla\u201d<\/strong> su\u00e7lad\u0131.<\/p>\n<p>Gazeteciler, Dopfner&#8217;in son d\u00f6nemdeki k\u00f6\u015fe yaz\u0131lar\u0131n\u0131n, yay\u0131n organ\u0131n\u0131n <strong>\u201ctarafs\u0131z bir haber kayna\u011f\u0131 olarak itibar\u0131n\u0131 zedeleme riski ta\u015f\u0131d\u0131\u011f\u0131\u201d<\/strong> konusunda uyar\u0131da bulundu. Bu durum, \u00f6zellikle Axel Springer&#8217;in Daily Telegraph&#8217;\u0131 sat\u0131n alma onay\u0131n\u0131 almas\u0131n\u0131n ard\u0131ndan, \u015firketin b\u00fcy\u00fcyen medya imparatorlu\u011fundaki ideolojik y\u00f6nelimin daha fazla incelenmesine yol a\u00e7t\u0131.<\/p>\n<h2><a href=\"#gazze-soyk\u0131r\u0131m\u0131-ve-medya-manip\u00fclasyonu\">Gazze Soyk\u0131r\u0131m\u0131 ve Medya Manip\u00fclasyonu<\/a><\/h2>\n<p>Gazeteciler, tepeden belirlenen bu ideolojik y\u00f6nelimin, ba\u015fta <strong>Gazze&#8217;deki soyk\u0131r\u0131m<\/strong> olmak \u00fczere \u0130srail&#8217;e ili\u015fkin haberlerin \u00e7arp\u0131t\u0131lmas\u0131na yol a\u00e7aca\u011f\u0131ndan endi\u015fe ediyor. Uluslararas\u0131 Adalet Divan\u0131&#8217;nda soyk\u0131r\u0131m davas\u0131yla kar\u015f\u0131 kar\u015f\u0131ya olan ve en az 72.599 ki\u015finin \u00f6l\u00fcm\u00fcne, 172.411&#8217;den fazla ki\u015finin yaralanmas\u0131na neden olan \u0130srail&#8217;in su\u00e7lar\u0131n\u0131n Bat\u0131 medyas\u0131nda nas\u0131l ele al\u0131naca\u011f\u0131, bu talimatlarla daha da karanl\u0131k bir tablo \u00e7iziyor.<\/p>\n<h2><a href=\"#dopfnerin-siyonist-sadakati\">Dopfner&#8217;in Siyonist Sadakati ve \u00c7ifte Standartlar<\/a><\/h2>\n<p>Dopfner, \u0130srail&#8217;e sadakatin \u015firket kimli\u011finin kalbinde yer ald\u0131\u011f\u0131n\u0131 \u0131srarla vurguluyor. Bunu, \u201c\u00f6zg\u00fcrl\u00fck, serbest piyasalar, bireysel \u00f6zg\u00fcrl\u00fck ve ifade \u00f6zg\u00fcrl\u00fc\u011f\u00fc\u201d gibi be\u015f temel de\u011ferden olu\u015fan daha geni\u015f bir \u00e7er\u00e7eve olan \u201cesaslar\u201d\u0131n bir par\u00e7as\u0131 olarak sunuyor. Ancak \u0130srail&#8217;e deste\u011fi bu ilkelerin hemen ard\u0131ndan konumland\u0131rmas\u0131, <strong>s\u00f6zde \u00f6zg\u00fcrl\u00fck anlay\u0131\u015f\u0131n\u0131n Siyonist \u00e7\u0131karlara tabi oldu\u011funu<\/strong> a\u00e7\u0131k\u00e7a g\u00f6steriyor.<\/p>\n<p>Dopfner, \u201cE\u011fer birisi bunu sorgulamak isterse, de\u011ferlerimizin \u00e7ok temel ilkelerine ula\u015f\u0131yoruz demektir. Ve bu da, \u00e7ok \u015feffaf oldu\u011fumuz i\u00e7in, Axel Springer ile bu kadar temelden farkl\u0131 inan\u00e7lara sahip birinin ger\u00e7ekten iyi bir uyum olup olmad\u0131\u011f\u0131na dair bireysel bir karara yol a\u00e7abilir\u201d ifadeleriyle, muhalif sesleri do\u011frudan tehdit etti.<\/p>\n<h2><a href=\"#siyonizm-her-\u015feyin-\u00fcst\u00fcnde\">&#8216;Siyonizm Her \u015eeyin \u00dcst\u00fcnde&#8217;: Nazi D\u00f6nemiyle Benzerlikler<\/a><\/h2>\n<p>Dopfner&#8217;in &#8220;Almanya&#8217;n\u0131n Rupert Murdoch&#8217;u&#8221; olarak an\u0131lmas\u0131na neden olan ge\u00e7mi\u015f a\u00e7\u0131klamalar\u0131 da tepkileri art\u0131r\u0131yor. Ge\u00e7en y\u0131l Die Zeit taraf\u0131ndan yay\u0131nlanan s\u0131zd\u0131r\u0131lm\u0131\u015f bir e-postada Dopfner&#8217;in siyasi inan\u00e7lar\u0131n\u0131 <strong>\u201cSiyonizm her \u015feyin \u00fcst\u00fcnde. \u0130srail benim \u00fclkem\u201d<\/strong> (<em>Zionism uber alles. Israel my country.<\/em>) ifadesiyle bitirmesi b\u00fcy\u00fck yank\u0131 uyand\u0131rd\u0131. Almanca&#8217;da \u201cuber alles\u201d ifadesi, Nazi d\u00f6neminde ulusal mar\u015f\u0131n a\u00e7\u0131l\u0131\u015f dizesini olu\u015fturmas\u0131 ve Almanya&#8217;n\u0131n di\u011fer t\u00fcm uluslardan \u00fcst\u00fcn oldu\u011fu fikrini sembolize etmesi nedeniyle olduk\u00e7a tart\u0131\u015fmal\u0131 ve tehlikeli bir \u00e7a\u011fr\u0131\u015f\u0131ma sahiptir. Bu benzetme, Dopfner&#8217;in ideolojisinin ne denli a\u015f\u0131r\u0131 ve ayr\u0131mc\u0131 oldu\u011funu g\u00f6zler \u00f6n\u00fcne seriyor.<\/p>\n<p>Ge\u00e7ti\u011fimiz y\u0131l Ekim ay\u0131nda \u0130srail Cumhurba\u015fkan\u0131 Isaac Herzog&#8217;un Dopfner&#8217;e <strong>\u0130srail Ba\u015fkanl\u0131k Onur Madalyas\u0131<\/strong> takdim etmesi, onun Siyonist rejimle olan derin ba\u011flar\u0131n\u0131 ve sadakatini bir kez daha kan\u0131tlad\u0131.<\/p>\n<h2><a href=\"#iran-kar\u015f\u0131t\u0131-propaganda\">\u0130ran Kar\u015f\u0131t\u0131 Propaganda ve Delilsiz \u0130ddialar<\/a><\/h2>\n<p>Dopfner, haber odas\u0131nda gazetecilerin editoryal m\u00fcdahalelerine kar\u015f\u0131 \u00e7\u0131kt\u0131\u011f\u0131nda, kendi yaz\u0131lar\u0131n\u0131 savundu ve k\u00f6\u015fe yaz\u0131lar\u0131nda daha s\u0131k\u0131 delil standartlar\u0131 taleplerini reddetti. \u0130ran&#8217;a ili\u015fkin dilini ele\u015ftirenlere yan\u0131t olarak, \u201cEn \u00e7ok rahats\u0131z eden \u015fey, son yaz\u0131da &#8216;\u0130ran&#8217;\u0131 sistematik olarak n\u00fckleer silah pe\u015finde ko\u015fan sald\u0131rgan olarak tan\u0131ml\u0131yor&#8217; demeniz ve bunu a\u00e7\u0131klama yapmadan yay\u0131nlaman\u0131n yan\u0131lt\u0131c\u0131 ve sorumsuz oldu\u011funu d\u00fc\u015f\u00fcnmenizdi\u201d dedi.<\/p>\n<p>Dopfner, <strong>\u201c\u0130ranl\u0131lar\u0131n n\u00fckleer bomba \u00fczerinde \u00e7al\u0131\u015ft\u0131\u011f\u0131 ve onlarca y\u0131ld\u0131r sald\u0131rgan olduklar\u0131\u201d<\/strong> gibi iddialar\u0131n kendisi i\u00e7in \u201co kadar a\u00e7\u0131k, o kadar \u00e7ok kez kan\u0131tlanm\u0131\u015f ki, neredeyse Amerika&#8217;n\u0131n d\u00fcnyan\u0131n en b\u00fcy\u00fck demokrasisi oldu\u011funu s\u00f6ylemek gibi\u201d oldu\u011funu savundu. Ancak bu iddialar, \u0130ran&#8217;\u0131n n\u00fckleer silah pe\u015finde oldu\u011funu her zaman reddetmesi ve uluslararas\u0131 denetimlere tabi olmas\u0131 ger\u00e7e\u011fiyle \u00e7eli\u015fmektedir. Dopfner&#8217;in bu t\u00fcr <strong>as\u0131ls\u0131z iddialar\u0131 \u201ckan\u0131tlanm\u0131\u015f ger\u00e7ekler\u201d olarak sunmas\u0131<\/strong>, Bat\u0131 medyas\u0131n\u0131n \u0130ran&#8217;a y\u00f6nelik d\u00fc\u015fmanca propagandas\u0131n\u0131n bir par\u00e7as\u0131d\u0131r. Dopfner, gelecekte \u201cdaha fazla yazmaya, daha az de\u011fil\u201d niyetinde oldu\u011funu da belirtti, bu da Siyonist g\u00fcndemin daha da agresif bir \u015fekilde yay\u0131laca\u011f\u0131n\u0131n sinyalini veriyor.<\/p>\n<p>#SiyonistMedya #Bas\u0131n\u00d6zg\u00fcrl\u00fc\u011f\u00fc #GazzeSoyk\u0131r\u0131m\u0131 #\u0130srailPropagandas\u0131 #MedyaSans\u00fcr\u00fc #AxelSpringer #Politico #Telegraph #\u0130ranKar\u015f\u0131t\u0131Propaganda #DopfnerSkandal\u0131<\/p>\n<\/div>\n","protected":false},"excerpt":{"rendered":"<p>Siyonist Medya Baronu Dopfner&#8217;den Gazetecilere Skandal Talimat: &#8216;\u0130srail&#8217;i Destekleyin Ya da \u0130stifa Edin&#8217; Bat\u0131 medyas\u0131n\u0131n s\u00f6zde \u00f6zg\u00fcrl\u00fck ve tarafs\u0131zl\u0131k iddialar\u0131, Axel Springer CEO&#8217;su Mathias Dopfner&#8217;in Telegraph ve Politico gibi \u00f6nemli yay\u0131n organlar\u0131n\u0131n gazetecilerine y\u00f6nelik \u015fok edici talimatlar\u0131yla bir kez daha yerle bir oldu. Dopfner, \u00e7al\u0131\u015fanlar\u0131na \u0130srail&#8217;i desteklemeleri gerekti\u011fini, aksi takdirde istifa etmeleri gerekti\u011fini a\u00e7\u0131k\u00e7a ifade [&hellip;]<\/p>\n","protected":false},"author":2,"featured_media":13584,"comment_status":"open","ping_status":"open","sticky":false,"template":"","format":"standard","meta":{"footnotes":""},"categories":[37],"tags":[],"class_list":["post-13583","post","type-post","status-publish","format-standard","has-post-thumbnail","hentry","category-orta-dogu-haberleri"],"_links":{"self":[{"href":"https:\/\/fajr.news\/index.php?rest_route=\/wp\/v2\/posts\/13583","targetHints":{"allow":["GET"]}}],"collection":[{"href":"https:\/\/fajr.news\/index.php?rest_route=\/wp\/v2\/posts"}],"about":[{"href":"https:\/\/fajr.news\/index.php?rest_route=\/wp\/v2\/types\/post"}],"author":[{"embeddable":true,"href":"https:\/\/fajr.news\/index.php?rest_route=\/wp\/v2\/users\/2"}],"replies":[{"embeddable":true,"href":"https:\/\/fajr.news\/index.php?rest_route=%2Fwp%2Fv2%2Fcomments&post=13583"}],"version-history":[{"count":0,"href":"https:\/\/fajr.news\/index.php?rest_route=\/wp\/v2\/posts\/13583\/revisions"}],"wp:featuredmedia":[{"embeddable":true,"href":"https:\/\/fajr.news\/index.php?rest_route=\/wp\/v2\/media\/13584"}],"wp:attachment":[{"href":"https:\/\/fajr.news\/index.php?rest_route=%2Fwp%2Fv2%2Fmedia&parent=13583"}],"wp:term":[{"taxonomy":"category","embeddable":true,"href":"https:\/\/fajr.news\/index.php?rest_route=%2Fwp%2Fv2%2Fcategories&post=13583"},{"taxonomy":"post_tag","embeddable":true,"href":"https:\/\/fajr.news\/index.php?rest_route=%2Fwp%2Fv2%2Ftags&post=13583"}],"curies":[{"name":"wp","href":"https:\/\/api.w.org\/{rel}","templated":true}]}}