{"id":13575,"date":"2026-04-30T17:03:49","date_gmt":"2026-04-30T13:33:49","guid":{"rendered":"https:\/\/fajr.news\/?p=13575"},"modified":"2026-04-30T17:03:49","modified_gmt":"2026-04-30T13:33:49","slug":"bae-irana-yonelik-savas-ortaminda-petrol-karteli-opecten-ayrildi","status":"publish","type":"post","link":"https:\/\/fajr.news\/?p=13575&lang=tr","title":{"rendered":"BAE, \u0130ran&#8217;a y\u00f6nelik sava\u015f ortam\u0131nda petrol karteli OPEC&#8217;ten ayr\u0131ld\u0131"},"content":{"rendered":"<p>Birle\u015fik Arap Emirlikleri (BAE), &#8216;ulusal \u00e7\u0131karlar\u0131na&#8217; odaklanmak amac\u0131yla OPEC ve OPEC+&#8217;dan ayr\u0131lma karar\u0131 ald\u0131\u011f\u0131n\u0131 duyurdu. Bu karar, ABD-\u0130srail&#8217;in \u0130ran&#8217;a kar\u015f\u0131 y\u00fcr\u00fctt\u00fc\u011f\u00fc sava\u015f\u0131n tarihi bir enerji \u015fokuna neden oldu\u011fu ve k\u00fcresel ekonomiyi sarst\u0131\u011f\u0131 bir d\u00f6nemde petrol ihra\u00e7 eden gruplara a\u011f\u0131r bir darbe vurdu.<br \/>\n1 May\u0131s&#8217;ta y\u00fcr\u00fcrl\u00fc\u011fe girecek olan bu ad\u0131m\u0131n, &#8216;BAE&#8217;nin uzun vadeli stratejik ve ekonomik vizyonunu ile geli\u015fen enerji profilini&#8217; yans\u0131tt\u0131\u011f\u0131 devlet medyas\u0131 taraf\u0131ndan Sal\u0131 g\u00fcn\u00fc yap\u0131lan bir a\u00e7\u0131klamada belirtildi.<br \/>\nA\u00e7\u0131klamada, &#8216;\u00d6rg\u00fctte bulundu\u011fumuz s\u00fcre boyunca, herkesin yarar\u0131na \u00f6nemli katk\u0131lar ve daha da b\u00fcy\u00fck fedakarl\u0131klar yapt\u0131k&#8217; denildi. &#8216;Ancak, ulusal \u00e7\u0131karlar\u0131m\u0131z\u0131n gerektirdi\u011fi \u015feylere odaklanma zaman\u0131 gelmi\u015ftir.&#8217;<br \/>\nUzun s\u00fcredir OPEC \u00fcyesi olan BAE&#8217;nin kayb\u0131, jeopolitikten \u00fcretim kotalar\u0131na kadar \u00e7e\u015fitli konulardaki i\u00e7 anla\u015fmazl\u0131klara ra\u011fmen genellikle birle\u015fik bir cephe sergilemeye \u00e7al\u0131\u015fan blo\u011fu kar\u0131\u015ft\u0131rabilir ve zay\u0131flatabilir.<br \/>\nBAE Enerji Bakan\u0131 S\u00fcheyl Muhammed el-Mazroui, karar\u0131n b\u00f6lgesel g\u00fcc\u00fcn enerji stratejilerinin dikkatli bir \u015fekilde incelenmesinin ard\u0131ndan al\u0131nd\u0131\u011f\u0131n\u0131 belirtti. BAE&#8217;nin OPEC&#8217;in a\u011f\u0131r topu Suudi Arabistan ile isti\u015farede bulunup bulunmad\u0131\u011f\u0131 soruldu\u011funda ise, BAE&#8217;nin bu konuyu ba\u015fka hi\u00e7bir \u00fclkeyle g\u00f6r\u00fc\u015fmedi\u011fini s\u00f6yledi.<br \/>\nEnerji bakan\u0131 Reuters haber ajans\u0131na verdi\u011fi deme\u00e7te, &#8216;Bu bir politika karar\u0131d\u0131r, mevcut ve gelecekteki \u00fcretim seviyesiyle ilgili politikalar\u0131n dikkatli bir \u015fekilde incelenmesinden sonra al\u0131nm\u0131\u015ft\u0131r&#8217; dedi.<br \/>\nOPEC K\u00f6rfez \u00fcreticileri, sava\u015f\u0131n ortas\u0131nda gemilere y\u00f6nelik tehditler ve sald\u0131r\u0131lar nedeniyle, d\u00fcnyan\u0131n ham petrol ve s\u0131v\u0131la\u015ft\u0131r\u0131lm\u0131\u015f do\u011fal gaz\u0131n\u0131n be\u015fte birinin normalde ge\u00e7ti\u011fi \u0130ran ile Umman aras\u0131ndaki dar bo\u011faz olan H\u00fcrm\u00fcz Bo\u011faz\u0131 \u00fczerinden ihracat yapmakta zaten zorlan\u0131yordu.<br \/>\nAmerika Birle\u015fik Devletleri Ba\u015fkan\u0131 Donald Trump daha \u00f6nce OPEC&#8217;i petrol fiyatlar\u0131n\u0131 \u015fi\u015firerek &#8216;d\u00fcnyan\u0131n geri kalan\u0131n\u0131 soyma&#8217; ile su\u00e7lam\u0131\u015ft\u0131.<br \/>\nTrump ayr\u0131ca ABD&#8217;nin K\u00f6rfez&#8217;e verdi\u011fi askeri deste\u011fi petrol fiyatlar\u0131yla ili\u015fkilendirerek, ABD&#8217;nin OPEC \u00fcyelerini savunurken, onlar\u0131n &#8216;y\u00fcksek petrol fiyatlar\u0131 dayatarak bunu s\u00f6m\u00fcrd\u00fc\u011f\u00fcn\u00fc&#8217; belirtmi\u015fti.<br \/>\nBAE, ilk olarak 1967&#8217;de Abu Dabi emirli\u011fi arac\u0131l\u0131\u011f\u0131yla, daha sonra 1971&#8217;de kendi \u00fclkesi oldu\u011funda OPEC \u00fcyesi olmu\u015ftu.<br \/>\nViyana merkezli petrol karteli, ABD&#8217;nin son y\u0131llarda ham petrol \u00fcretimini art\u0131rmas\u0131yla pazar g\u00fcc\u00fcn\u00fcn bir k\u0131sm\u0131n\u0131 kaybetti\u011fini g\u00f6rd\u00fc.<br \/>\nEk olarak, BAE ve Suudi Arabistan, \u00f6zellikle K\u0131z\u0131ldeniz b\u00f6lgesinde ekonomik meseleler ve b\u00f6lgesel siyaset \u00fczerinde giderek daha fazla rekabet ediyordu.<br \/>\n\u0130ki \u00fclke, 2015 y\u0131l\u0131nda Yemen&#8217;deki \u0130ran destekli Husi isyanc\u0131lara kar\u015f\u0131 sava\u015fmak i\u00e7in bir koalisyonda birle\u015fmi\u015fti. Ancak bu koalisyon, Aral\u0131k ay\u0131n\u0131n sonlar\u0131nda Suudi Arabistan&#8217;\u0131n BAE destekli Yemenli ayr\u0131l\u0131k\u00e7\u0131lara y\u00f6nelik bir silah sevkiyat\u0131 olarak tan\u0131mlad\u0131\u011f\u0131 \u015feyi bombalamas\u0131yla kar\u015f\u0131l\u0131kl\u0131 su\u00e7lamalara d\u00f6n\u00fc\u015ft\u00fc.<br \/>\nEnerji ara\u015ft\u0131rma \u015firketi Rystad Energy, BAE&#8217;nin \u00e7ekilmesinin petrol \u00fcreticisi grubu i\u00e7in \u00f6nemli bir de\u011fi\u015fim anlam\u0131na geldi\u011fini belirtti.<br \/>\nRystad Energy&#8217;nin jeopolitik analiz ba\u015fkan\u0131 Jorge Leon yapt\u0131\u011f\u0131 a\u00e7\u0131klamada, &#8216;G\u00fcnl\u00fck 4,8 milyon varil kapasiteye sahip ve daha fazla \u00fcretme h\u0131rs\u0131 olan bir \u00fcyeyi kaybetmek, grubun elinden \u00f6nemli bir arac\u0131 al\u0131yor&#8217; dedi.<br \/>\nLeon, &#8216;Talebin zirveye yakla\u015fmas\u0131yla birlikte, d\u00fc\u015f\u00fck maliyetli varillere sahip \u00fcreticiler i\u00e7in hesaplama h\u0131zla de\u011fi\u015fiyor ve kota sistemi i\u00e7inde s\u0131ran\u0131z\u0131 beklemek, masada para b\u0131rakmak gibi g\u00f6r\u00fcnmeye ba\u015fl\u0131yor&#8217; diye ekledi.<br \/>\n&#8216;Suudi Arabistan art\u0131k fiyat istikrar\u0131 konusunda daha fazla y\u00fck\u00fc \u00fcstlenmek zorunda kal\u0131yor ve piyasa, kalan birka\u00e7 \u015fok emiciden birini kaybediyor.&#8217;<br \/>\n#BAE #OPEC #Petrol #Enerji #K\u00fcreselEkonomi #\u0130ran #SuudiArabistan #H\u00fcrm\u00fczBo\u011faz\u0131 #Jeopolitik #PetrolFiyatlar\u0131<\/p>\n","protected":false},"excerpt":{"rendered":"<p>Birle\u015fik Arap Emirlikleri (BAE), &#8216;ulusal \u00e7\u0131karlar\u0131na&#8217; odaklanmak amac\u0131yla OPEC ve OPEC+&#8217;dan ayr\u0131lma karar\u0131 ald\u0131\u011f\u0131n\u0131 duyurdu. Bu karar, ABD-\u0130srail&#8217;in \u0130ran&#8217;a kar\u015f\u0131 y\u00fcr\u00fctt\u00fc\u011f\u00fc sava\u015f\u0131n tarihi bir enerji \u015fokuna neden oldu\u011fu ve k\u00fcresel ekonomiyi sarst\u0131\u011f\u0131 bir d\u00f6nemde petrol ihra\u00e7 eden gruplara a\u011f\u0131r bir darbe vurdu. 1 May\u0131s&#8217;ta y\u00fcr\u00fcrl\u00fc\u011fe girecek olan bu ad\u0131m\u0131n, &#8216;BAE&#8217;nin uzun vadeli stratejik ve ekonomik [&hellip;]<\/p>\n","protected":false},"author":2,"featured_media":13576,"comment_status":"open","ping_status":"open","sticky":false,"template":"","format":"standard","meta":{"footnotes":""},"categories":[31],"tags":[],"class_list":["post-13575","post","type-post","status-publish","format-standard","has-post-thumbnail","hentry","category-iran-haberleri"],"_links":{"self":[{"href":"https:\/\/fajr.news\/index.php?rest_route=\/wp\/v2\/posts\/13575","targetHints":{"allow":["GET"]}}],"collection":[{"href":"https:\/\/fajr.news\/index.php?rest_route=\/wp\/v2\/posts"}],"about":[{"href":"https:\/\/fajr.news\/index.php?rest_route=\/wp\/v2\/types\/post"}],"author":[{"embeddable":true,"href":"https:\/\/fajr.news\/index.php?rest_route=\/wp\/v2\/users\/2"}],"replies":[{"embeddable":true,"href":"https:\/\/fajr.news\/index.php?rest_route=%2Fwp%2Fv2%2Fcomments&post=13575"}],"version-history":[{"count":0,"href":"https:\/\/fajr.news\/index.php?rest_route=\/wp\/v2\/posts\/13575\/revisions"}],"wp:featuredmedia":[{"embeddable":true,"href":"https:\/\/fajr.news\/index.php?rest_route=\/wp\/v2\/media\/13576"}],"wp:attachment":[{"href":"https:\/\/fajr.news\/index.php?rest_route=%2Fwp%2Fv2%2Fmedia&parent=13575"}],"wp:term":[{"taxonomy":"category","embeddable":true,"href":"https:\/\/fajr.news\/index.php?rest_route=%2Fwp%2Fv2%2Fcategories&post=13575"},{"taxonomy":"post_tag","embeddable":true,"href":"https:\/\/fajr.news\/index.php?rest_route=%2Fwp%2Fv2%2Ftags&post=13575"}],"curies":[{"name":"wp","href":"https:\/\/api.w.org\/{rel}","templated":true}]}}