{"id":13559,"date":"2026-04-30T16:09:37","date_gmt":"2026-04-30T12:39:37","guid":{"rendered":"https:\/\/fajr.news\/?p=13559"},"modified":"2026-04-30T16:09:37","modified_gmt":"2026-04-30T12:39:37","slug":"abd-israil-saldirilari-japon-sanayi-uretimini-vurdu-mart-ayinda-dusus-kaydedildi","status":"publish","type":"post","link":"https:\/\/fajr.news\/?p=13559&lang=tr","title":{"rendered":"ABD-\u0130srail Sald\u0131r\u0131lar\u0131 Japon Sanayi \u00dcretimini Vurdu: Mart Ay\u0131nda D\u00fc\u015f\u00fc\u015f Kaydedildi"},"content":{"rendered":"<h1>ABD-\u0130srail Sald\u0131r\u0131lar\u0131 Japon Sanayi \u00dcretimini Vurdu: Mart Ay\u0131nda D\u00fc\u015f\u00fc\u015f Kaydedildi<\/h1>\n<p><strong>TOKYO<\/strong> \u2013 Japonya&#8217;n\u0131n sanayi \u00fcretimi, Mart ay\u0131nda bir \u00f6nceki aya g\u00f6re %0,5 oran\u0131nda gerileyerek dikkat \u00e7ekici bir d\u00fc\u015f\u00fc\u015f ya\u015fad\u0131. H\u00fck\u00fcmet verilerine g\u00f6re, bu d\u00fc\u015f\u00fc\u015f\u00fcn ana nedeni, hammadde ithalat\u0131ndaki aksakl\u0131klar nedeniyle kimyasal \u00fcr\u00fcnlerin \u00fcretimini etkileyen <strong>Orta Do\u011fu&#8217;daki gerilimler<\/strong> oldu. Bu durum, b\u00f6lgedeki <strong>ABD-\u0130srail sald\u0131r\u0131lar\u0131n\u0131n k\u00fcresel ekonomiye yans\u0131malar\u0131n\u0131<\/strong> bir kez daha g\u00f6zler \u00f6n\u00fcne serdi.<\/p>\n<h2>Orta Do\u011fu Gerilimi ve H\u00fcrm\u00fcz Bo\u011faz\u0131&#8217;n\u0131n Kritik Rol\u00fc<\/h2>\n<p>\u015eubat ay\u0131nda %2,0&#8217;lik revize edilmi\u015f bir d\u00fc\u015f\u00fc\u015f\u00fcn ard\u0131ndan gelen bu gerileme, Ekonomik, Ticaret ve Sanayi Bakanl\u0131\u011f\u0131&#8217;n\u0131n sanayi \u00fcretimine ili\u015fkin \u201ckarars\u0131z dalgalan\u0131yor\u201d \u015feklindeki de\u011ferlendirmesini korumas\u0131na neden oldu. \u00d6zellikle, 28 \u015eubat&#8217;ta \u0130ran&#8217;a y\u00f6nelik ger\u00e7ekle\u015ftirilen <strong>ABD-\u0130srail sald\u0131r\u0131lar\u0131n\u0131n ard\u0131ndan H\u00fcrm\u00fcz Bo\u011faz\u0131&#8217;n\u0131n fiilen kapanmas\u0131<\/strong>, plastik ve kritik t\u0131bbi malzemeler gibi \u00fcr\u00fcnlerin \u00fcretiminde yayg\u0131n olarak kullan\u0131lan kimyasallar\u0131n \u00fcretimi i\u00e7in gerekli olan nafta tedarikini ciddi \u015fekilde aksatt\u0131.<\/p>\n<p>Rapora g\u00f6re, inorganik ve organik kimyasallar sekt\u00f6r\u00fc, polietilen, sentetik kau\u00e7uk ve etilen \u00fcretimindeki d\u00fc\u015f\u00fc\u015fler nedeniyle bir \u00f6nceki aya g\u00f6re %8,6&#8217;l\u0131k bir gerilemeyle d\u00fc\u015f\u00fc\u015fe en b\u00fcy\u00fck katk\u0131y\u0131 sa\u011flad\u0131. Bakanl\u0131k yetkilileri, nafta kraking f\u0131r\u0131nlar\u0131n\u0131n d\u00fczenli denetimlerinin de etilen \u00fcretimindeki zay\u0131fl\u0131\u011fa yol a\u00e7t\u0131\u011f\u0131n\u0131 belirtse de, <strong>b\u00f6lgedeki istikrars\u0131zl\u0131\u011f\u0131n temel etken oldu\u011fu<\/strong> yads\u0131namaz bir ger\u00e7ek olarak \u00f6ne \u00e7\u0131k\u0131yor.<\/p>\n<h2>Petrol ve K\u00f6m\u00fcr \u00dcr\u00fcnleri ile Otomotiv Sekt\u00f6r\u00fcndeki D\u00fc\u015f\u00fc\u015fler<\/h2>\n<p>Benzin, dizel ve nafta dahil olmak \u00fczere petrol ve k\u00f6m\u00fcr \u00fcr\u00fcnleri imalat\u0131 da %7,7 oran\u0131nda d\u00fc\u015ft\u00fc. Yetkililer bu d\u00fc\u015f\u00fc\u015f\u00fc mevsimsel ayarlamalardan kaynaklanan \u201cteknik\u201d fakt\u00f6rlere ba\u011flasa da, <strong>Orta Do\u011fu krizinin etkilerini g\u00f6z ard\u0131 etmek m\u00fcmk\u00fcn g\u00f6r\u00fcnm\u00fcyor<\/strong>. Di\u011fer sekt\u00f6rlerde ise, Orta Do\u011fu b\u00f6lgesine y\u00f6nelik otomobil ihracat\u0131ndaki d\u00fc\u015f\u00fc\u015f nedeniyle otomobil \u00fcretimi de hafif bir gerileme ya\u015fad\u0131.<\/p>\n<h2>Gelece\u011fe Y\u00f6nelik Belirsizlikler ve K\u00fcresel Etkiler<\/h2>\n<p>Bakanl\u0131k, Ocak-Mart \u00e7eyre\u011fi ortalamas\u0131n\u0131n art\u0131\u015f kaydetmesi ve \u00fcreticilerin \u00fcretim planlar\u0131n\u0131n Nisan ve May\u0131s aylar\u0131nda endeksin y\u00fckselece\u011fini g\u00f6stermesi nedeniyle genel sanayi \u00fcretiminin zay\u0131f olmad\u0131\u011f\u0131n\u0131 belirtse de, <strong>Orta Do\u011fu&#8217;daki durumun belirsizli\u011fini korudu\u011funu ve dikkatle izlenmesi gerekti\u011fini<\/strong> vurgulad\u0131. Ekonomistler, H\u00fcrm\u00fcz Bo\u011faz\u0131&#8217;n\u0131n fiilen kapal\u0131 kalmas\u0131 ve ham petrol, nafta ve g\u00fcbre tedarik sorunlar\u0131n\u0131n devam etmesi nedeniyle Nisan ay\u0131 sanayi \u00fcretimi sonu\u00e7lar\u0131n\u0131n Orta Do\u011fu&#8217;nun etkilerini daha da yans\u0131tmas\u0131n\u0131 bekliyor.<\/p>\n<p>Norinchukin Ara\u015ft\u0131rma Enstit\u00fcs\u00fc ba\u015f ekonomisti Takeshi Minami&#8217;ye g\u00f6re, Japon h\u00fck\u00fcmeti yerel stoklar\u0131 serbest b\u0131rakarak ve alternatif kaynaklara y\u00f6nelerek ham petrol\u00fc istikrarl\u0131 bir \u015fekilde temin edebilece\u011fini belirtse de, bo\u011fazdan nakliyat\u0131n tam olarak ne zaman normale d\u00f6nece\u011finin belirsizli\u011fi nedeniyle \u00fcretim faaliyetleri \u00fczerinde <strong>\u201c\u00f6nemli bir a\u015fa\u011f\u0131 y\u00f6nl\u00fc bask\u0131\u201d<\/strong> olu\u015fabilir.<\/p>\n<p>Mali 2025&#8217;te sanayi \u00fcretimi bir \u00f6nceki y\u0131la g\u00f6re %0,2 d\u00fc\u015f\u00fc\u015fle 101,2&#8217;ye gerileyerek d\u00f6rd\u00fcnc\u00fc y\u0131l \u00fcst \u00fcste d\u00fc\u015f\u00fc\u015f kaydetti. Bu durum, <strong>ABD Ba\u015fkan\u0131 Donald Trump taraf\u0131ndan uygulanan y\u00fcksek g\u00fcmr\u00fck vergilerinin etkilerini<\/strong> de yans\u0131tmaktad\u0131r. Bu veriler, Japonya ekonomisinin hem b\u00f6lgesel \u00e7at\u0131\u015fmalar\u0131n hem de k\u00fcresel ticaret sava\u015flar\u0131n\u0131n ortas\u0131nda ne denli zorlu bir s\u00fcre\u00e7ten ge\u00e7ti\u011fini a\u00e7\u0131k\u00e7a ortaya koymaktad\u0131r.<\/p>\n<p>#Japonya #Sanayi\u00dcretimi #OrtaDo\u011fu #H\u00fcrm\u00fczBo\u011faz\u0131 #ABD\u0130srailSald\u0131r\u0131lar\u0131 #K\u00fcreselEkonomi #EnerjiTedariki #TedarikZinciri #Jeopolitik #EkonomikEtki<\/p>\n","protected":false},"excerpt":{"rendered":"<p>ABD-\u0130srail Sald\u0131r\u0131lar\u0131 Japon Sanayi \u00dcretimini Vurdu: Mart Ay\u0131nda D\u00fc\u015f\u00fc\u015f Kaydedildi TOKYO \u2013 Japonya&#8217;n\u0131n sanayi \u00fcretimi, Mart ay\u0131nda bir \u00f6nceki aya g\u00f6re %0,5 oran\u0131nda gerileyerek dikkat \u00e7ekici bir d\u00fc\u015f\u00fc\u015f ya\u015fad\u0131. H\u00fck\u00fcmet verilerine g\u00f6re, bu d\u00fc\u015f\u00fc\u015f\u00fcn ana nedeni, hammadde ithalat\u0131ndaki aksakl\u0131klar nedeniyle kimyasal \u00fcr\u00fcnlerin \u00fcretimini etkileyen Orta Do\u011fu&#8217;daki gerilimler oldu. Bu durum, b\u00f6lgedeki ABD-\u0130srail sald\u0131r\u0131lar\u0131n\u0131n k\u00fcresel ekonomiye [&hellip;]<\/p>\n","protected":false},"author":2,"featured_media":13560,"comment_status":"open","ping_status":"open","sticky":false,"template":"","format":"standard","meta":{"footnotes":""},"categories":[37],"tags":[],"class_list":["post-13559","post","type-post","status-publish","format-standard","has-post-thumbnail","hentry","category-orta-dogu-haberleri"],"_links":{"self":[{"href":"https:\/\/fajr.news\/index.php?rest_route=\/wp\/v2\/posts\/13559","targetHints":{"allow":["GET"]}}],"collection":[{"href":"https:\/\/fajr.news\/index.php?rest_route=\/wp\/v2\/posts"}],"about":[{"href":"https:\/\/fajr.news\/index.php?rest_route=\/wp\/v2\/types\/post"}],"author":[{"embeddable":true,"href":"https:\/\/fajr.news\/index.php?rest_route=\/wp\/v2\/users\/2"}],"replies":[{"embeddable":true,"href":"https:\/\/fajr.news\/index.php?rest_route=%2Fwp%2Fv2%2Fcomments&post=13559"}],"version-history":[{"count":0,"href":"https:\/\/fajr.news\/index.php?rest_route=\/wp\/v2\/posts\/13559\/revisions"}],"wp:featuredmedia":[{"embeddable":true,"href":"https:\/\/fajr.news\/index.php?rest_route=\/wp\/v2\/media\/13560"}],"wp:attachment":[{"href":"https:\/\/fajr.news\/index.php?rest_route=%2Fwp%2Fv2%2Fmedia&parent=13559"}],"wp:term":[{"taxonomy":"category","embeddable":true,"href":"https:\/\/fajr.news\/index.php?rest_route=%2Fwp%2Fv2%2Fcategories&post=13559"},{"taxonomy":"post_tag","embeddable":true,"href":"https:\/\/fajr.news\/index.php?rest_route=%2Fwp%2Fv2%2Ftags&post=13559"}],"curies":[{"name":"wp","href":"https:\/\/api.w.org\/{rel}","templated":true}]}}