{"id":13551,"date":"2026-04-30T16:02:43","date_gmt":"2026-04-30T12:32:43","guid":{"rendered":"https:\/\/fajr.news\/?p=13551"},"modified":"2026-04-30T16:02:43","modified_gmt":"2026-04-30T12:32:43","slug":"dunyanin-en-buyuk-ucak-gemisi-rekor-sureli-gorev-sonrasi-abdye-donuyor","status":"publish","type":"post","link":"https:\/\/fajr.news\/?p=13551&lang=tr","title":{"rendered":"D\u00fcnyan\u0131n En B\u00fcy\u00fck U\u00e7ak Gemisi Rekor S\u00fcreli G\u00f6rev Sonras\u0131 ABD&#8217;ye D\u00f6n\u00fcyor"},"content":{"rendered":"<p>ABD&#8217;li iki yetkili \u00c7ar\u015famba g\u00fcn\u00fc yapt\u0131\u011f\u0131 a\u00e7\u0131klamada, d\u00fcnyan\u0131n en b\u00fcy\u00fck u\u00e7ak gemisi USS Gerald R Ford&#8217;un, \u0130ran&#8217;a kar\u015f\u0131 sava\u015fa kat\u0131lma ve Venezuela lideri Nicol\u00e1s Maduro&#8217;nun yakalanmas\u0131 da dahil olmak \u00fczere 300 g\u00fcnden fazla s\u00fcren rekor k\u0131ran bir g\u00f6revin ard\u0131ndan evine d\u00f6nece\u011fini belirtti.<br \/>\nHassas askeri hareketleri detayland\u0131rmak i\u00e7in isminin a\u00e7\u0131klanmamas\u0131 ko\u015fuluyla konu\u015fan yetkililere g\u00f6re, Ford \u00f6n\u00fcm\u00fczdeki g\u00fcnlerde Orta Do\u011fu&#8217;dan ayr\u0131lacak ve May\u0131s ortas\u0131nda Virginia&#8217;daki ana liman\u0131na geri d\u00f6necek. Geli\u015fmeyi daha \u00f6nce The Washington Post bildirmi\u015fti.<br \/>\nGe\u00e7en hafta USS George HW Bush&#8217;un b\u00f6lgeye gelmesi, \u0130ran sava\u015f\u0131ndaki k\u0131r\u0131lgan ate\u015fkes s\u0131ras\u0131nda 2003&#8217;ten beri g\u00f6r\u00fclmeyen bir say\u0131 olan \u00fc\u00e7 Amerikan u\u00e7ak gemisinin Orta Do\u011fu&#8217;ya konu\u015fland\u0131r\u0131ld\u0131\u011f\u0131 anlam\u0131na geliyordu. Tahran ile gerilimin artmas\u0131yla USS Abraham Lincoln de Ocak ay\u0131ndan bu yana b\u00f6lgede bulunuyor.<br \/>\nBu ay Ford, Haziran ay\u0131nda Norfolk Deniz \u00dcss\u00fc&#8217;nden ayr\u0131ld\u0131ktan sonra yakla\u015f\u0131k 10 ayl\u0131k bir s\u00fcreyle Vietnam Sava\u015f\u0131 sonras\u0131 en uzun g\u00f6rev s\u00fcresi rekorunu k\u0131rd\u0131.<br \/>\nABD Deniz Enstit\u00fcs\u00fc taraf\u0131ndan y\u00f6netilen kar amac\u0131 g\u00fctmeyen bir haber kurulu\u015fu olan US Naval Institute News taraf\u0131ndan derlenen verilere g\u00f6re, geminin denizde ge\u00e7irdi\u011fi 295. g\u00fcn, son 50 y\u0131l\u0131n bir u\u00e7ak gemisi i\u00e7in \u00f6nceki en uzun g\u00f6rev s\u00fcresini geride b\u0131rakt\u0131; bu s\u00fcre 2020&#8217;de Covid pandemisi s\u0131ras\u0131nda Lincoln&#8217;\u00fcn 294 g\u00fcn g\u00f6revlendirilmesiyle kaydedilmi\u015fti.<br \/>\nFord&#8217;un uzun s\u00fcreli g\u00f6revi, uzun s\u00fcre evden uzak kalan askeri personel \u00fczerindeki etkisi ve gemi ile ekipman\u0131 \u00fczerindeki artan y\u00fck hakk\u0131nda sorular\u0131 g\u00fcndeme getirdi; zira gemi daha \u00f6nce uzun s\u00fcreli onar\u0131mlara neden olan bir yang\u0131n ge\u00e7irmi\u015fti.<br \/>\nTemsilciler Meclisi Silahl\u0131 Hizmetler Komitesi \u00f6n\u00fcndeki bir duru\u015fmada Ford&#8217;un uzun s\u00fcreli g\u00f6revi hakk\u0131nda sorulan bir soruya yan\u0131t veren Savunma Bakan\u0131 Pete Hegseth, donanmayla g\u00f6r\u00fc\u015ft\u00fc\u011f\u00fcn\u00fc ve yetkililerin haz\u0131rl\u0131k ve bak\u0131m tavizlerinden bahsetti\u011fini s\u00f6yledi.<br \/>\nHegseth, Latin Amerika&#8217;y\u0131 denetleyen ABD G\u00fcney Komutanl\u0131\u011f\u0131&#8217;na (Southcom) ve Orta Do\u011fu&#8217;daki ABD Merkez Komutanl\u0131\u011f\u0131&#8217;na (Centcom) at\u0131fta bulunarak, &#8216;Operasyonel gereksinimler \u2013 ister G\u00fcney Komutanl\u0131\u011f\u0131&#8217;nda ister Merkez Komutanl\u0131\u011f\u0131&#8217;nda olsun \u2013 ger\u00e7ek zamanl\u0131 olarak ek varl\u0131klar talep etti ve bu da zorlu bir karar alma s\u00fcreciyle g\u00f6revin uzat\u0131lmas\u0131na yol a\u00e7t\u0131&#8217; dedi.<br \/>\nFord g\u00f6revine Akdeniz&#8217;e y\u00f6nelerek ba\u015flad\u0131. Daha sonra Ekim ay\u0131nda b\u00f6lgedeki nesillerin en b\u00fcy\u00fck deniz y\u0131\u011f\u0131na\u011f\u0131n\u0131n bir par\u00e7as\u0131 olarak Karayipler&#8217;e y\u00f6nlendirildi.<br \/>\nU\u00e7ak gemisi, Maduro&#8217;yu yakalama askeri operasyonuna kat\u0131ld\u0131. Ard\u0131ndan \u0130ran ile gerilimin t\u0131rmanmas\u0131yla Orta Do\u011fu&#8217;ya y\u00f6nelerek daha fazla \u00e7at\u0131\u015fma g\u00f6rd\u00fc.<br \/>\nU\u00e7ak gemisi, S\u00fcvey\u015f Kanal\u0131&#8217;ndan ge\u00e7ip Mart ba\u015f\u0131nda K\u0131z\u0131ldeniz&#8217;e y\u00f6nelmeden \u00f6nce \u0130ran sava\u015f\u0131n\u0131n ilk g\u00fcnlerinde Akdeniz&#8217;den kat\u0131l\u0131m sa\u011flad\u0131.<br \/>\nAncak, \u00e7ama\u015f\u0131rhanelerinden birinde \u00e7\u0131kan yang\u0131n, u\u00e7ak gemisini geri d\u00f6nmeye ve onar\u0131m i\u00e7in Akdeniz&#8217;e geri d\u00f6nmeye zorlad\u0131, y\u00fczlerce denizciyi uykusuz b\u0131rakt\u0131.<br \/>\nFord&#8217;un 295 g\u00fcnl\u00fck g\u00f6revi, So\u011fuk Sava\u015f d\u00f6nemindeki en uzun g\u00f6rev s\u00fcresinin gerisinde kal\u0131yor; bu rekor, \u015fu anda hizmet d\u0131\u015f\u0131 olan USS Midway taraf\u0131ndan 1972 ve 1973&#8217;te 332 g\u00fcn ile tutuluyordu.<br \/>\n#USSGeraldRFord #U\u00e7akGemisi #ABDDonanmas\u0131 #RekorG\u00f6revS\u00fcresi #OrtaDo\u011fu #VenezuelaMaduro #\u0130ranGerilimi #DenizOperasyonlar\u0131 #AskeriHaberler #ABDAskeriyesi<\/p>\n","protected":false},"excerpt":{"rendered":"<p>ABD&#8217;li iki yetkili \u00c7ar\u015famba g\u00fcn\u00fc yapt\u0131\u011f\u0131 a\u00e7\u0131klamada, d\u00fcnyan\u0131n en b\u00fcy\u00fck u\u00e7ak gemisi USS Gerald R Ford&#8217;un, \u0130ran&#8217;a kar\u015f\u0131 sava\u015fa kat\u0131lma ve Venezuela lideri Nicol\u00e1s Maduro&#8217;nun yakalanmas\u0131 da dahil olmak \u00fczere 300 g\u00fcnden fazla s\u00fcren rekor k\u0131ran bir g\u00f6revin ard\u0131ndan evine d\u00f6nece\u011fini belirtti. Hassas askeri hareketleri detayland\u0131rmak i\u00e7in isminin a\u00e7\u0131klanmamas\u0131 ko\u015fuluyla konu\u015fan yetkililere g\u00f6re, Ford \u00f6n\u00fcm\u00fczdeki [&hellip;]<\/p>\n","protected":false},"author":2,"featured_media":13552,"comment_status":"open","ping_status":"open","sticky":false,"template":"","format":"standard","meta":{"footnotes":""},"categories":[37],"tags":[],"class_list":["post-13551","post","type-post","status-publish","format-standard","has-post-thumbnail","hentry","category-orta-dogu-haberleri"],"_links":{"self":[{"href":"https:\/\/fajr.news\/index.php?rest_route=\/wp\/v2\/posts\/13551","targetHints":{"allow":["GET"]}}],"collection":[{"href":"https:\/\/fajr.news\/index.php?rest_route=\/wp\/v2\/posts"}],"about":[{"href":"https:\/\/fajr.news\/index.php?rest_route=\/wp\/v2\/types\/post"}],"author":[{"embeddable":true,"href":"https:\/\/fajr.news\/index.php?rest_route=\/wp\/v2\/users\/2"}],"replies":[{"embeddable":true,"href":"https:\/\/fajr.news\/index.php?rest_route=%2Fwp%2Fv2%2Fcomments&post=13551"}],"version-history":[{"count":0,"href":"https:\/\/fajr.news\/index.php?rest_route=\/wp\/v2\/posts\/13551\/revisions"}],"wp:featuredmedia":[{"embeddable":true,"href":"https:\/\/fajr.news\/index.php?rest_route=\/wp\/v2\/media\/13552"}],"wp:attachment":[{"href":"https:\/\/fajr.news\/index.php?rest_route=%2Fwp%2Fv2%2Fmedia&parent=13551"}],"wp:term":[{"taxonomy":"category","embeddable":true,"href":"https:\/\/fajr.news\/index.php?rest_route=%2Fwp%2Fv2%2Fcategories&post=13551"},{"taxonomy":"post_tag","embeddable":true,"href":"https:\/\/fajr.news\/index.php?rest_route=%2Fwp%2Fv2%2Ftags&post=13551"}],"curies":[{"name":"wp","href":"https:\/\/api.w.org\/{rel}","templated":true}]}}