{"id":13543,"date":"2026-04-30T15:37:45","date_gmt":"2026-04-30T12:07:45","guid":{"rendered":"https:\/\/fajr.news\/?p=13543"},"modified":"2026-04-30T15:37:45","modified_gmt":"2026-04-30T12:07:45","slug":"savas-son-dakika-putinden-trumpa-iranda-kara-harekati-kabul-edilemez-ve-tehlikeli-olur-uyarisi","status":"publish","type":"post","link":"https:\/\/fajr.news\/?p=13543&lang=tr","title":{"rendered":"Sava\u015f, Son Dakika: Putin&#8217;den Trump&#8217;a &#8216;\u0130ran&#8217;da Kara Harekat\u0131 Kabul Edilemez ve Tehlikeli Olur&#8217; Uyar\u0131s\u0131"},"content":{"rendered":"<p>Ortado\u011fu&#8217;daki gerilim t\u0131rman\u0131rken, d\u00fcnya liderlerinden pe\u015f pe\u015fe a\u00e7\u0131klamalar gelmeye devam ediyor. Rusya Devlet Ba\u015fkan\u0131 Vladimir Putin, ABD Ba\u015fkan\u0131 Donald Trump&#8217;a \u0130ran&#8217;da olas\u0131 bir kara harekat\u0131n\u0131n &#8216;kabul edilemez ve tehlikeli&#8217; olaca\u011f\u0131n\u0131 bildirdi. Rusya ba\u015fkanl\u0131k dan\u0131\u015fman\u0131 Yuri Ushakov, iki lider aras\u0131ndaki telefon g\u00f6r\u00fc\u015fmesinin ard\u0131ndan yapt\u0131\u011f\u0131 a\u00e7\u0131klamada, Putin&#8217;in b\u00f6yle bir ad\u0131m\u0131n sadece \u0130ran ve kom\u015fular\u0131 i\u00e7in de\u011fil, t\u00fcm uluslararas\u0131 toplum i\u00e7in ka\u00e7\u0131n\u0131lmaz ve \u00e7ok ciddi sonu\u00e7lar\u0131 olaca\u011f\u0131na dikkat \u00e7ekti\u011fini belirtti.<\/p>\n<p>Di\u011fer yandan, ABD Merkez Komutanl\u0131\u011f\u0131 (Centcom) &#8216;k\u0131sa ve g\u00fc\u00e7l\u00fc bask\u0131nlar&#8217; dalgas\u0131 planlad\u0131\u011f\u0131 iddia edildi. Washington Post&#8217;un kaynaklara dayand\u0131rd\u0131\u011f\u0131 habere g\u00f6re, USS Gerald Ford u\u00e7ak gemisi \u00f6n\u00fcm\u00fczdeki g\u00fcnlerde Ortado\u011fu&#8217;dan ayr\u0131larak ABD&#8217;ye geri d\u00f6necek. ABD&#8217;nin \u0130ran&#8217;a kar\u015f\u0131 &#8216;uzun s\u00fcreli bir abluka&#8217; ve &#8216;ekonomik bask\u0131&#8217; i\u00e7in haz\u0131rl\u0131k yapt\u0131\u011f\u0131 da Wall Street Journal taraf\u0131ndan bildirildi. ABD Savunma Bakan\u0131 Pete Hegseth, \u0130ran&#8217;daki sava\u015f\u0131n ABD&#8217;ye 25 milyar dolara mal oldu\u011funu a\u00e7\u0131klad\u0131 ve sava\u015f\u0131 &#8216;batakl\u0131k&#8217; olarak nitelendiren bir kongre \u00fcyesiyle sert bir tart\u0131\u015fma ya\u015fad\u0131. \u0130ran Meclis Ba\u015fkan\u0131 Muhammed Bak\u0131r Galibaf ise Trump&#8217;\u0131 &#8216;ekonomik bask\u0131 ve i\u00e7 b\u00f6l\u00fcnmelerle&#8217; \u0130ran&#8217;\u0131 zay\u0131flatmaya \u00e7al\u0131\u015fmakla su\u00e7lad\u0131. ABD Hazine Bakanl\u0131\u011f\u0131, \u0130ran&#8217;\u0131n g\u00f6lge bankac\u0131l\u0131k sekt\u00f6r\u00fcnde rol oynayan 35 ki\u015fi ve kurulu\u015fa yapt\u0131r\u0131m uygulad\u0131.<\/p>\n<p>\u0130ran cephesinde ise, ABD&#8217;nin deniz ablukas\u0131 nedeniyle \u0130ran riyali dolar kar\u015f\u0131s\u0131nda tarihi d\u00fc\u015f\u00fck seviyeye geriledi. \u0130ran, BM G\u00fcvenlik Konseyi&#8217;ne &#8216;ABD korsanl\u0131\u011f\u0131&#8217; hakk\u0131nda bir mektup g\u00f6ndererek, ABD&#8217;nin deniz operasyonlar\u0131na kar\u015f\u0131 &#8216;pratik ve e\u015fi benzeri g\u00f6r\u00fclmemi\u015f bir askeri yan\u0131t&#8217; verebilece\u011fi uyar\u0131s\u0131nda bulundu. Tahran-Moskova u\u00e7u\u015flar\u0131 da iki ayl\u0131k aran\u0131n ard\u0131ndan yeniden ba\u015flad\u0131.<\/p>\n<p>Uluslararas\u0131 alanda sava\u015f\u0131n etkileri derinle\u015fiyor. Avrupa Komisyonu Ba\u015fkan\u0131 Ursula von der Leyen, Ortado\u011fu&#8217;daki sava\u015f\u0131n Avrupa&#8217;ya g\u00fcnde 500 milyon avroya mal oldu\u011funu ve sadece 60 g\u00fcnde fosil yak\u0131t ithalat\u0131na yap\u0131lan harcaman\u0131n 27 milyar avrodan fazla artt\u0131\u011f\u0131n\u0131 belirtti. Komisyon, krizden etkilenen sekt\u00f6rleri desteklemek i\u00e7in yeni bir ge\u00e7ici devlet yard\u0131m\u0131 \u00e7er\u00e7evesini onaylad\u0131. \u0130talya D\u0131\u015fi\u015fleri Bakan\u0131 Antonio Tajani, ate\u015fkes sonras\u0131 Hormuz Bo\u011faz\u0131&#8217;nda seyr\u00fcsefer serbestli\u011fini garanti alt\u0131na almak i\u00e7in uluslararas\u0131 bir misyona may\u0131n tarama gemileri g\u00f6ndermeye haz\u0131r olduklar\u0131n\u0131 a\u00e7\u0131klad\u0131. \u0130talya&#8217;n\u0131n askeri harcamalar\u0131 2025&#8217;te %20 art\u0131\u015f g\u00f6sterdi. Almanya Maliye Bakan\u0131 Lars Klingbeil, sava\u015f\u0131n Almanya&#8217;y\u0131 uzun s\u00fcre etkileyece\u011fini ancak b\u00fct\u00e7e acil durumu ilan etmeyece\u011fini s\u00f6yledi. Kral Charles III, Trump&#8217;\u0131n \u0130ran hakk\u0131ndaki iddialar\u0131na ra\u011fmen \u0130ngiltere&#8217;nin siyasi tarafs\u0131zl\u0131\u011f\u0131n\u0131 korudu\u011funu vurgulad\u0131.<\/p>\n<p>Ekonomik cephede, Brent ve WTI petrol fiyatlar\u0131 y\u00fckseli\u015fini s\u00fcrd\u00fcr\u00fcrken, gaz fiyatlar\u0131 da artt\u0131. Hormuz krizi nedeniyle f\u0131st\u0131k fiyatlar\u0131 %15 y\u00fckseldi ve tedarik riski olu\u015ftu. Mart ay\u0131nda OPEC \u00fclkelerine yap\u0131lan ihracat %43 d\u00fc\u015f\u00fc\u015f g\u00f6sterdi. \u0130talya&#8217;da t\u00fcketici ve i\u015f d\u00fcnyas\u0131 g\u00fcveni Nisan ay\u0131nda d\u00fc\u015ft\u00fc. BM raporuna g\u00f6re, L\u00fcbnan&#8217;da 1.2 milyon ki\u015fi \u0130ran&#8217;daki sava\u015f nedeniyle a\u00e7l\u0131k riskiyle kar\u015f\u0131 kar\u015f\u0131ya.<\/p>\n<p>\u0130srail D\u0131\u015fi\u015fleri Bakan\u0131 Gideon Saar, \u0130ran ile m\u00fczakerelerin ba\u015far\u0131s\u0131z olmas\u0131 halinde askeri se\u00e7ene\u011fi yeniden de\u011ferlendireceklerini belirtti. \u0130srail ordusu, L\u00fcbnan&#8217;da \u00fc\u00e7 Hizbullah militan\u0131n\u0131 \u00f6ld\u00fcrd\u00fc\u011f\u00fcn\u00fc ve bir insans\u0131z hava arac\u0131n\u0131n patlamas\u0131 sonucu bir askerin hafif yaraland\u0131\u011f\u0131n\u0131 duyurdu. Filistin K\u0131z\u0131lay\u0131 ise Bat\u0131 \u015eeria&#8217;da \u0130srail Savunma Kuvvetleri (IDF) taraf\u0131ndan vurulan 15 ya\u015f\u0131ndaki bir \u00e7ocu\u011fun hayat\u0131n\u0131 kaybetti\u011fini bildirdi. \u0130srail Cumhurba\u015fkan\u0131 Isaac Herzog, Londra&#8217;daki bir sald\u0131r\u0131dan &#8216;deh\u015fete d\u00fc\u015ft\u00fc\u011f\u00fcn\u00fc&#8217; ifade etti. Ba\u015fbakan Binyamin Netanyahu&#8217;nun gelecek hafta Washington&#8217;a yapaca\u011f\u0131 iddia edilen ziyaret ise yalanland\u0131.<\/p>\n<p>Son olarak, Somali a\u00e7\u0131klar\u0131nda korsanl\u0131k olaylar\u0131 Ortado\u011fu&#8217;daki istikrars\u0131zl\u0131k nedeniyle art\u0131\u015f g\u00f6sterdi. Uluslararas\u0131 Atom Enerjisi Ajans\u0131 (IAEA) Genel Direkt\u00f6r\u00fc Rafael Grossi, \u0130ran&#8217;\u0131n zenginle\u015ftirilmi\u015f uranyumunun \u00e7o\u011funun ge\u00e7en y\u0131lki sald\u0131r\u0131larda bombalanan \u0130sfahan&#8217;da oldu\u011funu belirtti. Japonya ise Hormuz Bo\u011faz\u0131&#8217;ndan ge\u00e7en bir geminin transitini &#8216;olumlu bir geli\u015fme&#8217; olarak de\u011ferlendirdi.<\/p>\n<p>#\u0130ranSava\u015f\u0131 #Ortado\u011fu #PutinTrump #HormuzBo\u011faz\u0131 #EkonomikKriz #ABD\u0130ran #Ate\u015fkes #Jeopolitik #EnerjiKrizi #Uluslararas\u0131\u0130li\u015fkiler<\/p>\n","protected":false},"excerpt":{"rendered":"<p>Ortado\u011fu&#8217;daki gerilim t\u0131rman\u0131rken, d\u00fcnya liderlerinden pe\u015f pe\u015fe a\u00e7\u0131klamalar gelmeye devam ediyor. Rusya Devlet Ba\u015fkan\u0131 Vladimir Putin, ABD Ba\u015fkan\u0131 Donald Trump&#8217;a \u0130ran&#8217;da olas\u0131 bir kara harekat\u0131n\u0131n &#8216;kabul edilemez ve tehlikeli&#8217; olaca\u011f\u0131n\u0131 bildirdi. Rusya ba\u015fkanl\u0131k dan\u0131\u015fman\u0131 Yuri Ushakov, iki lider aras\u0131ndaki telefon g\u00f6r\u00fc\u015fmesinin ard\u0131ndan yapt\u0131\u011f\u0131 a\u00e7\u0131klamada, Putin&#8217;in b\u00f6yle bir ad\u0131m\u0131n sadece \u0130ran ve kom\u015fular\u0131 i\u00e7in de\u011fil, t\u00fcm [&hellip;]<\/p>\n","protected":false},"author":2,"featured_media":13544,"comment_status":"open","ping_status":"open","sticky":false,"template":"","format":"standard","meta":{"footnotes":""},"categories":[31],"tags":[],"class_list":["post-13543","post","type-post","status-publish","format-standard","has-post-thumbnail","hentry","category-iran-haberleri"],"_links":{"self":[{"href":"https:\/\/fajr.news\/index.php?rest_route=\/wp\/v2\/posts\/13543","targetHints":{"allow":["GET"]}}],"collection":[{"href":"https:\/\/fajr.news\/index.php?rest_route=\/wp\/v2\/posts"}],"about":[{"href":"https:\/\/fajr.news\/index.php?rest_route=\/wp\/v2\/types\/post"}],"author":[{"embeddable":true,"href":"https:\/\/fajr.news\/index.php?rest_route=\/wp\/v2\/users\/2"}],"replies":[{"embeddable":true,"href":"https:\/\/fajr.news\/index.php?rest_route=%2Fwp%2Fv2%2Fcomments&post=13543"}],"version-history":[{"count":0,"href":"https:\/\/fajr.news\/index.php?rest_route=\/wp\/v2\/posts\/13543\/revisions"}],"wp:featuredmedia":[{"embeddable":true,"href":"https:\/\/fajr.news\/index.php?rest_route=\/wp\/v2\/media\/13544"}],"wp:attachment":[{"href":"https:\/\/fajr.news\/index.php?rest_route=%2Fwp%2Fv2%2Fmedia&parent=13543"}],"wp:term":[{"taxonomy":"category","embeddable":true,"href":"https:\/\/fajr.news\/index.php?rest_route=%2Fwp%2Fv2%2Fcategories&post=13543"},{"taxonomy":"post_tag","embeddable":true,"href":"https:\/\/fajr.news\/index.php?rest_route=%2Fwp%2Fv2%2Ftags&post=13543"}],"curies":[{"name":"wp","href":"https:\/\/api.w.org\/{rel}","templated":true}]}}