{"id":13535,"date":"2026-04-30T15:19:37","date_gmt":"2026-04-30T11:49:37","guid":{"rendered":"https:\/\/fajr.news\/?p=13535"},"modified":"2026-04-30T15:19:37","modified_gmt":"2026-04-30T11:49:37","slug":"abd-vatandaslari-bolgedeki-gerilim-ve-aile-trajedisi-sonrasi-ortadogudan-ayrildi","status":"publish","type":"post","link":"https:\/\/fajr.news\/?p=13535&lang=tr","title":{"rendered":"ABD Vatanda\u015flar\u0131, B\u00f6lgedeki Gerilim ve Aile Trajedisi Sonras\u0131 Ortado\u011fu&#8217;dan Ayr\u0131ld\u0131"},"content":{"rendered":"<section>\n<h1>ABD Vatanda\u015flar\u0131, B\u00f6lgedeki Gerilim ve Aile Trajedisi Sonras\u0131 Ortado\u011fu&#8217;dan Ayr\u0131ld\u0131<\/h1>\n<p><strong>CONCORD, N.C.<\/strong> \u2014 Ortado\u011fu&#8217;da t\u0131rmanan gerilim, iki ay \u00f6nce \u0130srail ile L\u00fcbnan&#8217;daki Hizbullah hareketi aras\u0131ndaki \u00e7at\u0131\u015fmay\u0131 yeniden alevlendirdi. Bu durum, b\u00f6lgedeki siviller i\u00e7in derin insani trajedilere yol a\u00e7arken, ABD vatanda\u015flar\u0131n\u0131 da derinden etkiledi.<\/p>\n<h2>\u00d6nemli Bilgiler:<\/h2>\n<ul>\n<li>Adnan El-Hidik ve Samar Wihbe, L\u00fcbnan&#8217;da aile \u00fcyelerini hedef alan \u00f6l\u00fcmc\u00fcl bir sald\u0131r\u0131da kaybettiler.<\/li>\n<li>El-Hidik ve Wihbe, Ortado\u011fu&#8217;daki g\u00fcvenlik endi\u015feleri nedeniyle ABD&#8217;ye beklenenden erken d\u00f6nd\u00fcler.<\/li>\n<li>ABD D\u0131\u015fi\u015fleri Bakanl\u0131\u011f\u0131, \u00e7at\u0131\u015fmalar\u0131n ba\u015flamas\u0131ndan bu yana Ortado\u011fu&#8217;da 50.000&#8217;den fazla Amerikal\u0131ya yard\u0131m etti\u011fini ve 150.000&#8217;den fazla Amerikal\u0131n\u0131n b\u00f6lgeden geri d\u00f6nd\u00fc\u011f\u00fcn\u00fc bildirdi.<\/li>\n<li>El-Hidik ve Wihbe, mevcut g\u00fcvenlik endi\u015feleri nedeniyle L\u00fcbnan&#8217;a geri d\u00f6nmeyi planlam\u0131yor.<\/li>\n<li>Kuzey Carolina ile ba\u011flant\u0131l\u0131 ABD vatanda\u015flar\u0131n\u0131n d\u00f6rt aile \u00fcyesi de dahil olmak \u00fczere 2.000&#8217;den fazla ki\u015fi hayat\u0131n\u0131 kaybetti.<\/li>\n<\/ul>\n<p>Adnan El-Hidik ve e\u015fi Samar Wihbe, Ramazan ay\u0131 i\u00e7in L\u00fcbnan&#8217;dayd\u0131lar ancak Mart ay\u0131nda ya\u015fanan aile trajedisi nedeniyle ABD&#8217;ye beklenenden erken d\u00f6nmek zorunda kald\u0131lar. Sidon&#8217;da, d\u00f6rt aile \u00fcyeleri olan Yomna Wihbe, e\u015fi ve o\u011fullar\u0131n\u0131 \u00f6ld\u00fcren yang\u0131na bizzat tan\u0131k oldular. L\u00fcbnan Sa\u011fl\u0131k Bakanl\u0131\u011f\u0131&#8217;na g\u00f6re, <strong>bir \u0130srail sald\u0131r\u0131s\u0131<\/strong> onlar\u0131n apartman binas\u0131n\u0131 hedef alm\u0131\u015ft\u0131.<\/p>\n<p>El-Hidik, sald\u0131r\u0131y\u0131 o\u011fullar\u0131ndan birinin aramas\u0131yla \u00f6\u011frendi.<\/p>\n<blockquote><p><em>&#8220;Teyzemin evini hedef ald\u0131lar, git ve ne yapman gerekiyorsa yap,&#8221;<\/em> dedi Adnan El-Hidik.<\/p><\/blockquote>\n<p>Yomna Wihbe, Samar Wihbe&#8217;nin k\u0131z karde\u015fiydi ve mesajla\u015fma uygulamas\u0131nda payla\u015ft\u0131\u011f\u0131 son hikaye hala duygular\u0131 kabart\u0131yor.<\/p>\n<blockquote><p><em>&#8220;Yan\u0131nda kalmak i\u00e7in en iyi yer Allah&#8217;t\u0131r, sanki gidece\u011fini biliyormu\u015f gibi,&#8221;<\/em> diye anlatt\u0131 El-Hidik.<\/p><\/blockquote>\n<p>Concord&#8217;da ya\u015fayan El-Hidik ve Wihbe&#8217;nin o\u011flu \u0130brahim El-Hedok, \u00f6l\u00fcmlerin yas\u0131n\u0131 uzaktan tuttu.<\/p>\n<blockquote><p><em>&#8220;Sadece teyzemi ve ailesini hat\u0131rl\u0131yorum. Onlar\u0131 her zaman g\u00fclen insanlar olarak hayal ederdim,&#8221;<\/em> dedi El-Hedok.<\/p><\/blockquote>\n<p>\u0130srail ve L\u00fcbnan&#8217;daki Hizbullah hareketi, 1980&#8217;lerden bu yana bir\u00e7ok \u00e7at\u0131\u015fmaya girdi. Son gerilim dalgas\u0131, b\u00f6lgesel \u00e7at\u0131\u015fmalar\u0131n t\u0131rmanmas\u0131yla ba\u015flad\u0131; Hizbullah \u0130srail&#8217;e f\u00fczeler f\u0131rlatt\u0131 ve \u0130srail de buna hava sald\u0131r\u0131lar\u0131 ve kara operasyonlar\u0131yla kar\u015f\u0131l\u0131k verdi. Bu kar\u015f\u0131l\u0131kl\u0131 \u015fiddet sarmal\u0131, sivil ya\u015famlar\u0131 derinden etkilemektedir.<\/p>\n<p>Kuzey Carolina \u00dcniversitesi Siyaset Bilimi B\u00f6l\u00fcm\u00fc Ba\u015fkan\u0131 Navin Bapat, L\u00fcbnan&#8217;daki bu \u00e7at\u0131\u015fma ile genel b\u00f6lgesel gerilimler aras\u0131nda bir ba\u011flant\u0131 oldu\u011funu belirtiyor.<\/p>\n<blockquote><p><em>&#8220;Bu, \u0130srailliler i\u00e7in her zaman bir endi\u015fe kayna\u011f\u0131 olmu\u015ftur; \u0130ran&#8217;\u0131n, Hizbullah arac\u0131l\u0131\u011f\u0131yla kap\u0131lar\u0131nda bir varl\u0131\u011f\u0131 var ve bu varl\u0131kla defalarca sava\u015ft\u0131lar. Dolay\u0131s\u0131yla, \u0130srail i\u00e7in \u0130ran&#8217;la ya\u015fanacak herhangi bir sava\u015f\u0131n, Hizbullah&#8217;\u0131 silahs\u0131zland\u0131rma \u00e7abas\u0131n\u0131 da i\u00e7ermesi gerekecektir,&#8221;<\/em> dedi Bapat.<\/p><\/blockquote>\n<p>El-Hidik, g\u00fcvenlik endi\u015felerinin \u00fclkeyi terk etmeyi zorunlu hale getirdi\u011fini, \u00f6zellikle e\u015fi i\u00e7in durumun \u00e7ok vahim oldu\u011funu s\u00f6yledi.<\/p>\n<blockquote><p><em>&#8220;T\u00fcm bu gerilim ve korkutucu atmosferle daha fazla kalamazd\u0131,&#8221;<\/em> dedi.<\/p><\/blockquote>\n<p>El-Hedok, onlar\u0131n ABD&#8217;ye d\u00f6n\u00fc\u015f d\u00fczenlemelerine yard\u0131mc\u0131 oldu.<\/p>\n<blockquote><p><em>&#8220;Bir\u00e7ok sava\u015f ya\u015fad\u0131k ama b\u00f6yle bir trajedi ya\u015famad\u0131k, ailemiz b\u00f6yle bir trajediye maruz kalmad\u0131. Bu y\u00fczden en az\u0131ndan onlar\u0131n burada, Amerika Birle\u015fik Devletleri&#8217;nde yan\u0131mda olmalar\u0131n\u0131 ve onlara bakabilmeyi istedim,&#8221;<\/em> dedi El-Hedok.<\/p><\/blockquote>\n<p>ABD D\u0131\u015fi\u015fleri Bakanl\u0131\u011f\u0131&#8217;na g\u00f6re, b\u00f6lgesel \u00e7at\u0131\u015fmalar\u0131n ba\u015flamas\u0131ndan bu yana Ortado\u011fu&#8217;da 50.000&#8217;den fazla Amerikal\u0131ya yard\u0131m edildi ve 150.000&#8217;den fazla Amerikal\u0131 b\u00f6lgeden ABD&#8217;ye d\u00f6nd\u00fc.<\/p>\n<p>L\u00fcbnan&#8217;da kalan aile \u00fcyeleriyle ileti\u015fimlerini s\u00fcrd\u00fcr\u00fcyorlar ancak durum d\u00fczelene ve genel b\u00f6lgesel \u00e7at\u0131\u015fmalar durana kadar geri d\u00f6nme planlar\u0131 yok.<\/p>\n<blockquote><p><em>&#8220;Orada \u00e7ok say\u0131da geni\u015f ailemiz var ama durum d\u00fczelene ve \u0130ran ile genel sava\u015f durana kadar de\u011fil, \u00e7\u00fcnk\u00fc L\u00fcbnan&#8217;daki istikrars\u0131zl\u0131\u011f\u0131 bug\u00fcn y\u00f6nlendiren \u015fey budur,&#8221;<\/em> dedi El-Hedok.<\/p><\/blockquote>\n<p>ABD topraklar\u0131ndaki insans\u0131z hava ara\u00e7lar\u0131n\u0131n gece boyunca u\u00e7mad\u0131\u011f\u0131 huzurlu geceler, g\u00fcney L\u00fcbnan&#8217;daki ger\u00e7eklikle keskin bir tezat olu\u015fturuyor.<\/p>\n<blockquote><p><em>&#8220;Uyumaya, rahatlamaya, g\u00fcvende hissetmeye ba\u015flad\u0131m,&#8221;<\/em> dedi El-Hidik.<\/p><\/blockquote>\n<p>O ve ailesi, \u00e7ok erken aralar\u0131ndan ayr\u0131lanlar\u0131n yas\u0131n\u0131 tutmaya devam ediyor.<\/p>\n<blockquote><p><em>&#8220;Bu \u015fekilde size yak\u0131n olan birini \u00f6zlemek \u00e7ok zor,&#8221;<\/em> dedi El-Hidik.<\/p><\/blockquote>\n<p>Amerikan B\u00fcy\u00fckel\u00e7ili\u011fi&#8217;nin, \u00e7at\u0131\u015fmalar ba\u015flad\u0131\u011f\u0131nda Ortado\u011fu&#8217;daki durum hakk\u0131nda g\u00fcnl\u00fck e-postalar g\u00f6nderdi\u011fini hat\u0131rlatt\u0131. B\u00f6lgeden ayr\u0131lman\u0131n daha pahal\u0131 hale geldi\u011fini ve u\u00e7u\u015flar\u0131n b\u00f6lgeden ayr\u0131lmaya \u00e7al\u0131\u015fan insanlarla dolu oldu\u011funu belirtti.<\/p>\n<\/section>\n<p><strong>#Ortado\u011fu #L\u00fcbnan #\u0130srailSald\u0131r\u0131s\u0131 #Hizbullah #AileTrajedisi #ABDVatanda\u015flar\u0131 #B\u00f6lgeselGerilim #SivilKayb\u0131 #G\u00f6\u00e7 #\u0130nsaniKriz<\/strong><\/p>\n","protected":false},"excerpt":{"rendered":"<p>ABD Vatanda\u015flar\u0131, B\u00f6lgedeki Gerilim ve Aile Trajedisi Sonras\u0131 Ortado\u011fu&#8217;dan Ayr\u0131ld\u0131 CONCORD, N.C. \u2014 Ortado\u011fu&#8217;da t\u0131rmanan gerilim, iki ay \u00f6nce \u0130srail ile L\u00fcbnan&#8217;daki Hizbullah hareketi aras\u0131ndaki \u00e7at\u0131\u015fmay\u0131 yeniden alevlendirdi. Bu durum, b\u00f6lgedeki siviller i\u00e7in derin insani trajedilere yol a\u00e7arken, ABD vatanda\u015flar\u0131n\u0131 da derinden etkiledi. \u00d6nemli Bilgiler: Adnan El-Hidik ve Samar Wihbe, L\u00fcbnan&#8217;da aile \u00fcyelerini hedef alan [&hellip;]<\/p>\n","protected":false},"author":2,"featured_media":13536,"comment_status":"open","ping_status":"open","sticky":false,"template":"","format":"standard","meta":{"footnotes":""},"categories":[37],"tags":[],"class_list":["post-13535","post","type-post","status-publish","format-standard","has-post-thumbnail","hentry","category-orta-dogu-haberleri"],"_links":{"self":[{"href":"https:\/\/fajr.news\/index.php?rest_route=\/wp\/v2\/posts\/13535","targetHints":{"allow":["GET"]}}],"collection":[{"href":"https:\/\/fajr.news\/index.php?rest_route=\/wp\/v2\/posts"}],"about":[{"href":"https:\/\/fajr.news\/index.php?rest_route=\/wp\/v2\/types\/post"}],"author":[{"embeddable":true,"href":"https:\/\/fajr.news\/index.php?rest_route=\/wp\/v2\/users\/2"}],"replies":[{"embeddable":true,"href":"https:\/\/fajr.news\/index.php?rest_route=%2Fwp%2Fv2%2Fcomments&post=13535"}],"version-history":[{"count":0,"href":"https:\/\/fajr.news\/index.php?rest_route=\/wp\/v2\/posts\/13535\/revisions"}],"wp:featuredmedia":[{"embeddable":true,"href":"https:\/\/fajr.news\/index.php?rest_route=\/wp\/v2\/media\/13536"}],"wp:attachment":[{"href":"https:\/\/fajr.news\/index.php?rest_route=%2Fwp%2Fv2%2Fmedia&parent=13535"}],"wp:term":[{"taxonomy":"category","embeddable":true,"href":"https:\/\/fajr.news\/index.php?rest_route=%2Fwp%2Fv2%2Fcategories&post=13535"},{"taxonomy":"post_tag","embeddable":true,"href":"https:\/\/fajr.news\/index.php?rest_route=%2Fwp%2Fv2%2Ftags&post=13535"}],"curies":[{"name":"wp","href":"https:\/\/api.w.org\/{rel}","templated":true}]}}