{"id":13528,"date":"2026-04-30T15:10:06","date_gmt":"2026-04-30T11:40:06","guid":{"rendered":"https:\/\/fajr.news\/?p=13528"},"modified":"2026-04-30T15:10:06","modified_gmt":"2026-04-30T11:40:06","slug":"hamas-direnis-hareketi-siyasi-buro-baskanligi-yarisina-yeniden-basladi-rapor","status":"publish","type":"post","link":"https:\/\/fajr.news\/?p=13528&lang=tr","title":{"rendered":"Hamas Direni\u015f Hareketi Siyasi B\u00fcro Ba\u015fkanl\u0131\u011f\u0131 Yar\u0131\u015f\u0131na Yeniden Ba\u015flad\u0131 &#8211; Rapor"},"content":{"rendered":"<h1>\u0130ran&#8217;dan K\u00f6rfez G\u00fcvenli\u011fi Mesaj\u0131 ve B\u00f6lgesel Geli\u015fmeler<\/h1>\n<p><strong>\u0130ran \u0130slam Cumhuriyeti&#8217;nin yeni Y\u00fcksek Lideri Ayetullah M\u00fccteba Hamenei: H\u00fcrm\u00fcz&#8217;\u00fcn yeni y\u00f6netimi b\u00f6lgeye s\u00fckunet getirecek.<\/strong> Siyonist rejim ba\u015fbakan\u0131 Netanyahu L\u00fcbnan g\u00f6r\u00fc\u015fmeleri i\u00e7in yeni bir son tarih dayat\u0131yor. Ba\u011fdat&#8217;taki ABD b\u00fcy\u00fckel\u00e7ili\u011fi yak\u0131nlar\u0131nda bir g\u00f6zetleme insans\u0131z hava arac\u0131 d\u00fc\u015f\u00fcr\u00fcld\u00fc.<\/p>\n<p>\u0130ran \u0130slam Cumhuriyeti&#8217;nin yeni Y\u00fcksek Lideri Ayetullah M\u00fccteba Hamenei, Per\u015fembe g\u00fcn\u00fc yay\u0131mlanan yaz\u0131l\u0131 mesaj\u0131nda, 28 \u015eubat&#8217;ta ABD ve Siyonist \u0130srail&#8217;in \u0130ran&#8217;a kar\u015f\u0131 ba\u015flatt\u0131\u011f\u0131 sava\u015f\u0131n ard\u0131ndan K\u00f6rfez ve H\u00fcrm\u00fcz Bo\u011faz\u0131 i\u00e7in yeni bir d\u00f6nemin \u015fekillenmekte oldu\u011funu vurgulad\u0131.<\/p>\n<p>\u0130ran Y\u00fcksek Lideri, Tahran&#8217;\u0131n K\u00f6rfez b\u00f6lgesinin g\u00fcvenli\u011fini sa\u011flayaca\u011f\u0131n\u0131 ve &#8216;d\u00fc\u015fman\u0131n su yolunu k\u00f6t\u00fcye kullanmas\u0131n\u0131&#8217; kesinlikle ortadan kald\u0131raca\u011f\u0131n\u0131 belirtti.<\/p>\n<p>Y\u00fcksek Lider, H\u00fcrm\u00fcz Bo\u011faz\u0131&#8217;n\u0131n yeni y\u00f6netiminin t\u00fcm K\u00f6rfez \u00fclkelerine s\u00fckunet, ilerleme ve ekonomik faydalar sunaca\u011f\u0131n\u0131 da s\u00f6zlerine ekledi.<\/p>\n<h2>Siyonist \u0130\u015fgal Ordusuna Y\u00f6nelik Sald\u0131r\u0131lar ve Direni\u015f Operasyonlar\u0131<\/h2>\n<p>Siyonist i\u015fgal ordusu Per\u015fembe g\u00fcn\u00fc yapt\u0131\u011f\u0131 a\u00e7\u0131klamada, kuzeydeki Shomera yerle\u015fim birimi yak\u0131nlar\u0131nda bir askeri araca drone \u00e7arpmas\u0131 sonucu on iki i\u015fgal askerinin yaraland\u0131\u011f\u0131n\u0131 bildirdi.<\/p>\n<p>\u0130\u015fgal ordusuna g\u00f6re, olayda iki asker orta derecede, 10 asker ise hafif yaraland\u0131. Sald\u0131r\u0131n\u0131n ko\u015fullar\u0131 inceleniyor.<\/p>\n<p>\u0130\u015fgal ordusu Per\u015fembe g\u00fcn\u00fc yapt\u0131\u011f\u0131 a\u00e7\u0131klamada, 810. Tugay&#8217;a ba\u011fl\u0131 Alp Birimi&#8217;nden Siyonist birliklerin Mount Dov b\u00f6lgesinde hedefli bir operasyon y\u00fcr\u00fcterek Hizbullah direni\u015finin altyap\u0131s\u0131n\u0131 hedef ald\u0131\u011f\u0131n\u0131 belirtti.<\/p>\n<p>Faaliyet s\u0131ras\u0131nda, Yahalom muharebe m\u00fchendislik birimiyle birlikte \u00e7al\u0131\u015fan i\u015fgalci birlikler, Hizbullah direni\u015f\u00e7ileri taraf\u0131ndan kullan\u0131lan \u00e7e\u015fitli toplanma alanlar\u0131n\u0131 ve f\u00fcze f\u0131rlatma mevzilerini tespit ederek imha etti.<\/p>\n<p>\u0130\u015fgal ordusu, siyasi kademeden gelen direktifler do\u011frultusunda \u0130srail sivilleri ve askerlerine y\u00f6nelik tehditleri ortadan kald\u0131rmak i\u00e7in operasyonlar\u0131na devam edece\u011fini s\u00f6yledi.<\/p>\n<p>Mount Dov b\u00f6lgesindeki toplanma mevzileri ve f\u00fcze f\u0131rlatma mevzilerinin imha edildi\u011fi g\u00f6r\u00fcnt\u00fcler, 30 Nisan 2026. (\u0130\u015fgal Ordusu S\u00f6zc\u00fcs\u00fc Birimi)<\/p>\n<h2>Hamas Liderlik Yar\u0131\u015f\u0131 ve Siyonist Rejimin \u0130ddialar\u0131<\/h2>\n<p>Devlet medyas\u0131 Per\u015fembe g\u00fcn\u00fc yapt\u0131\u011f\u0131 a\u00e7\u0131klamada, \u0130ran&#8217;\u0131n K\u00f6rfez limanlar\u0131n\u0131n ABD ablukas\u0131 alt\u0131nda oldu\u011fu bir d\u00f6nemde, \u0130ran Y\u00fcksek Lideri Ayetullah M\u00fccteba Hamenei&#8217;den &#8216;Ulusal Basra K\u00f6rfezi G\u00fcn\u00fc&#8217; m\u00fcnasebetiyle k\u0131sa s\u00fcre i\u00e7inde \u00f6nemli bir mesaj yay\u0131mlanaca\u011f\u0131n\u0131 bildirdi.<\/p>\n<p>\u0130srail ve Arap raporlar\u0131na g\u00f6re, \u00f6rg\u00fct i\u00e7indeki kaynaklara dayand\u0131r\u0131lan haberlerde, <strong>Hamas direni\u015f hareketinin aylarca s\u00fcren gecikmelerin ard\u0131ndan siyasi b\u00fcrosunun yeni ba\u015fkan\u0131n\u0131 se\u00e7mek i\u00e7in i\u00e7 \u00e7abalar\u0131na yeniden ba\u015flad\u0131\u011f\u0131 belirtildi.<\/strong><\/p>\n<p>Suudi yay\u0131n kurulu\u015fu Asharq Al-Awsat, Gazze ve yurt d\u0131\u015f\u0131ndaki \u00fcst d\u00fczey Hamas kaynaklar\u0131na at\u0131fta bulunarak, devam eden sava\u015f ve i\u00e7 gerilimler nedeniyle bu y\u0131l\u0131n ba\u015flar\u0131nda duraksayan s\u00fcrecin, \u00f6nemli \u00f6rg\u00fctsel engellerin \u00e7\u00f6z\u00fclmesinin ard\u0131ndan yeniden ray\u0131na oturdu\u011funu bildirdi.<\/p>\n<p>Yar\u0131\u015f\u0131n merkezinde iki \u00f6nde gelen isim belirdi: Hamas&#8217;\u0131n yurt d\u0131\u015f\u0131 siyasi b\u00fcrosu ba\u015fkan\u0131 ve diplomatik kanad\u0131yla ili\u015fkilendirilen Halid Me\u015fal ile hareketin Gazze&#8217;deki siyasi lideri ve askeri liderlikle yak\u0131n ili\u015fkisi oldu\u011fu d\u00fc\u015f\u00fcn\u00fclen Halil el-Hayya. Hamas, de\u011fi\u015fen b\u00f6lgesel dinamikler aras\u0131nda liderlik yap\u0131s\u0131n\u0131 kesinle\u015ftirmeye \u00e7al\u0131\u015f\u0131rken, karar\u0131n yak\u0131n zamanda verilmesi bekleniyor.<\/p>\n<p>\u0130\u015fgal ordusu Per\u015fembe g\u00fcn\u00fc yapt\u0131\u011f\u0131 a\u00e7\u0131klamada, kendisini sa\u011fl\u0131k g\u00f6revlisi olarak g\u00f6steren ve i\u015fgalci \u0130srail askerlerine kar\u015f\u0131 &#8216;yak\u0131n&#8217; bir sald\u0131r\u0131 planlad\u0131\u011f\u0131 iddia edilen bir Hamas direni\u015f\u00e7isini \u00f6ld\u00fcrd\u00fc\u011f\u00fcn\u00fc bildirdi.<\/p>\n<p>\u0130\u015fgal ordusuna g\u00f6re, \u0130brahim Ebu Tzakar, acil bir tehdit olarak tan\u0131mlanmas\u0131n\u0131n ard\u0131ndan \u00c7ar\u015famba g\u00fcn\u00fc d\u00fczenlenen bir sald\u0131r\u0131da hedef al\u0131nd\u0131. \u0130\u015fgal ordusu, sava\u015f boyunca i\u015fgalci askerlere ve \u0130srail hedeflerine kar\u015f\u0131 \u00e7ok say\u0131da sald\u0131r\u0131ya liderlik etti\u011fini ve bunlar\u0131 ger\u00e7ekle\u015ftirdi\u011fini iddia etti.<\/p>\n<p>\u0130\u015fgal ordusu, Ebu Tzakar&#8217;\u0131n Hamas&#8217;\u0131n sa\u011fl\u0131k sistemi i\u00e7inde bir sa\u011fl\u0131k g\u00f6revlisi k\u0131l\u0131f\u0131 alt\u0131nda faaliyet g\u00f6sterdi\u011fini ve sivil altyap\u0131y\u0131 istismar etmekle su\u00e7lad\u0131. \u0130\u015fgal ordusu, sald\u0131r\u0131n\u0131n sivillere verilen zarar\u0131 en aza indirmek i\u00e7in hassas m\u00fchimmat ve havadan g\u00f6zetim kullan\u0131larak ger\u00e7ekle\u015ftirildi\u011fini ve G\u00fcney Komutanl\u0131\u011f\u0131&#8217;ndaki g\u00fc\u00e7lerin ate\u015fkes anla\u015fmas\u0131 do\u011frultusunda konu\u015fland\u0131r\u0131lmaya devam ederken tehditlere kar\u015f\u0131 operasyonlar\u0131n\u0131 s\u00fcrd\u00fcrd\u00fc\u011f\u00fcn\u00fc belirtti.<\/p>\n<h2>B\u00f6lgesel Gerilimler ve Enerji Krizi<\/h2>\n<p>\u0130\u015fgal ordusu Per\u015fembe g\u00fcn\u00fc yapt\u0131\u011f\u0131 a\u00e7\u0131klamada, g\u00fcney L\u00fcbnan&#8217;daki Hizbullah direni\u015f altyap\u0131s\u0131n\u0131 vurmaya ba\u015flad\u0131\u011f\u0131n\u0131 bildirdi.<\/p>\n<p>\u0130\u015fgal ordusu, kuzey s\u0131n\u0131r\u0131ndaki gerilimin devam etti\u011fi bir d\u00f6nemde gelen operasyonun kapsam\u0131 hakk\u0131nda hemen daha fazla ayr\u0131nt\u0131 vermedi.<\/p>\n<p>Uluslararas\u0131 Enerji Ajans\u0131 ba\u015fkan\u0131 Fatih Birol Per\u015fembe g\u00fcn\u00fc yapt\u0131\u011f\u0131 a\u00e7\u0131klamada, emperyalist g\u00fc\u00e7lerin \u0130ran&#8217;a y\u00f6nelik \u00e7at\u0131\u015fmas\u0131n\u0131n neden oldu\u011fu aksakl\u0131klar nedeniyle d\u00fcnyan\u0131n tarihindeki en b\u00fcy\u00fck enerji kriziyle kar\u015f\u0131 kar\u015f\u0131ya oldu\u011funu yineledi.<\/p>\n<p>Paris&#8217;teki bir konferansta konu\u015fan Birol, &#8216;Petrol piyasalar\u0131 ve gaz piyasalar\u0131 b\u00fcy\u00fck zorluklar ya\u015f\u0131yor. En son bakt\u0131\u011f\u0131mda, petrol fiyat\u0131 120 dolar\u0131n \u00fczerindeydi, bu da bir\u00e7ok \u00fclke \u00fczerinde b\u00fcy\u00fck bask\u0131 olu\u015fturuyor&#8217; dedi.<\/p>\n<p>&#8216;D\u00fcnyam\u0131z b\u00fcy\u00fck bir ekonomik ve enerji sorunuyla kar\u015f\u0131 kar\u015f\u0131ya&#8217; diye ekledi.<\/p>\n<p>Emperyalist g\u00fc\u00e7lerin \u0130ran&#8217;daki sava\u015f\u0131n k\u00f6t\u00fcle\u015febilece\u011fi endi\u015feleri aras\u0131nda Brent ham petrol fiyatlar\u0131 Per\u015fembe g\u00fcn\u00fc d\u00f6rt y\u0131l\u0131n en y\u00fcksek seviyesine s\u0131\u00e7rad\u0131 O\/R.<\/p>\n<p>\u0130\u015fgal ordusu Per\u015fembe sabah\u0131 yapt\u0131\u011f\u0131 a\u00e7\u0131klamada, Hizbullah direni\u015finin karadan havaya f\u00fcze f\u0131rlatmas\u0131n\u0131n ard\u0131ndan g\u00fcney L\u00fcbnan&#8217;da bir Siyonist insans\u0131z hava arac\u0131n\u0131n d\u00fc\u015f\u00fcr\u00fcld\u00fc\u011f\u00fcn\u00fc bildirdi.<\/p>\n<p>\u0130\u015fgal ordusuna g\u00f6re, olay\u0131n ard\u0131ndan potansiyel bir bilgi s\u0131z\u0131nt\u0131s\u0131 konusunda endi\u015fe yok. \u0130\u015fgal ordusu, d\u00fc\u015f\u00fcr\u00fclme ko\u015fullar\u0131n\u0131n soru\u015fturuldu\u011funu da s\u00f6zlerine ekledi.<\/p>\n<h2>\u0130\u015fgal Alt\u0131ndaki Topraklarda Durum ve Ge\u00e7mi\u015f Olaylar<\/h2>\n<p>\u0130\u015fgal ordusu Per\u015fembe g\u00fcn\u00fc yapt\u0131\u011f\u0131 a\u00e7\u0131klamada, yeni bir operasyonel de\u011ferlendirmenin ard\u0131ndan, daha \u00f6nce kapal\u0131 askeri alan olarak s\u0131n\u0131fland\u0131r\u0131lan g\u00fcney i\u015fgal alt\u0131ndaki \u0130srail&#8217;deki belirli y\u00fcr\u00fcy\u00fc\u015f rotalar\u0131n\u0131 hafta sonu ge\u00e7ici olarak yeniden a\u00e7aca\u011f\u0131n\u0131 bildirdi.<\/p>\n<p>\u0130\u015fgal ordusuna g\u00f6re, Paran B\u00f6lgesel Tugay sekt\u00f6r\u00fcndeki 10 Numaral\u0131 Rota, Ezuz ile Har Karkom aras\u0131nda, Cuma g\u00fcn\u00fc 09:30&#8217;dan 16:00&#8217;a kadar ve Cumartesi g\u00fcn\u00fc 08:00&#8217;den 16:00&#8217;a kadar halka a\u00e7\u0131k olacak.<\/p>\n<p>Rotaya eri\u015fim i\u00e7in ziyaret\u00e7ilerin kimliklerini ibraz etmeleri ve giri\u015fte kay\u0131t yapt\u0131rmalar\u0131 gerekecek; \u00f6nceden koordinasyon gerekmiyor.<\/p>\n<p>\u0130\u015fgal ordusu, hem g\u00fcney hem de kuzey i\u015fgal alt\u0131ndaki \u0130srail&#8217;deki di\u011fer canl\u0131 at\u0131\u015f b\u00f6lgelerinde e\u011fitim tatbikatlar\u0131n\u0131n devam edece\u011fini ve bu b\u00f6lgelerin halka kapal\u0131 kalaca\u011f\u0131n\u0131 vurgulad\u0131.<\/p>\n<p>Siyonist rejim ve ABD, \u0130ran&#8217;da rejim de\u011fi\u015fikli\u011fi i\u00e7in ko\u015fullar yaratma amac\u0131 ta\u015f\u0131yan &#8216;K\u00fckreyen Aslan&#8217; ve &#8216;Destans\u0131 \u00d6fke&#8217; Operasyonlar\u0131n\u0131 28 \u015eubat&#8217;ta ba\u015flatt\u0131.<\/p>\n<p>\u015eehit Ayetullah Ali Hamenei, Siyonist bir sald\u0131r\u0131da Tahran&#8217;daki bir s\u0131\u011f\u0131na\u011fa d\u00fczenlenen sald\u0131r\u0131da \u015fehit oldu. \u0130ran savunma bakan\u0131 ve birka\u00e7 IRGC generali de Siyonist hava kuvvetleri taraf\u0131ndan ger\u00e7ekle\u015ftirilen en b\u00fcy\u00fck hava sald\u0131r\u0131s\u0131nda \u015fehit edildi.<\/p>\n<p>28 \u015eubat&#8217;tan bu yana i\u015fgal alt\u0131ndaki \u0130srail genelinde balistik f\u00fcze sald\u0131r\u0131lar\u0131nda on iki i\u015fgal askeri ve 23 sivil \u00f6ld\u00fc, en az 7.693 ki\u015fi yaraland\u0131. CENTCOM, 13 ABD askerinin \u00f6ld\u00fcr\u00fcld\u00fc\u011f\u00fcn\u00fc bildirdi.<\/p>\n<p>7 Nisan&#8217;da ate\u015fkes anla\u015fmas\u0131 a\u00e7\u0131kland\u0131 ve 8 Nisan&#8217;da y\u00fcr\u00fcrl\u00fc\u011fe girdi.<\/p>\n<p><strong>#HamasLiderlikYar\u0131\u015f\u0131 #\u0130ranK\u00f6rfezSiyaseti #\u0130srailHamas\u00c7at\u0131\u015fmas\u0131 #HizbullahDireni\u015fi #EnerjiKrizi #OrtaDo\u011fuGerilimi #Gazze #H\u00fcrm\u00fczBo\u011faz\u0131 #Jeopolitik #SiyonistSald\u0131r\u0131lar<\/strong><\/p>\n","protected":false},"excerpt":{"rendered":"<p>\u0130ran&#8217;dan K\u00f6rfez G\u00fcvenli\u011fi Mesaj\u0131 ve B\u00f6lgesel Geli\u015fmeler \u0130ran \u0130slam Cumhuriyeti&#8217;nin yeni Y\u00fcksek Lideri Ayetullah M\u00fccteba Hamenei: H\u00fcrm\u00fcz&#8217;\u00fcn yeni y\u00f6netimi b\u00f6lgeye s\u00fckunet getirecek. Siyonist rejim ba\u015fbakan\u0131 Netanyahu L\u00fcbnan g\u00f6r\u00fc\u015fmeleri i\u00e7in yeni bir son tarih dayat\u0131yor. Ba\u011fdat&#8217;taki ABD b\u00fcy\u00fckel\u00e7ili\u011fi yak\u0131nlar\u0131nda bir g\u00f6zetleme insans\u0131z hava arac\u0131 d\u00fc\u015f\u00fcr\u00fcld\u00fc. \u0130ran \u0130slam Cumhuriyeti&#8217;nin yeni Y\u00fcksek Lideri Ayetullah M\u00fccteba Hamenei, Per\u015fembe g\u00fcn\u00fc [&hellip;]<\/p>\n","protected":false},"author":2,"featured_media":0,"comment_status":"open","ping_status":"open","sticky":false,"template":"","format":"standard","meta":{"footnotes":""},"categories":[37],"tags":[],"class_list":["post-13528","post","type-post","status-publish","format-standard","hentry","category-orta-dogu-haberleri"],"_links":{"self":[{"href":"https:\/\/fajr.news\/index.php?rest_route=\/wp\/v2\/posts\/13528","targetHints":{"allow":["GET"]}}],"collection":[{"href":"https:\/\/fajr.news\/index.php?rest_route=\/wp\/v2\/posts"}],"about":[{"href":"https:\/\/fajr.news\/index.php?rest_route=\/wp\/v2\/types\/post"}],"author":[{"embeddable":true,"href":"https:\/\/fajr.news\/index.php?rest_route=\/wp\/v2\/users\/2"}],"replies":[{"embeddable":true,"href":"https:\/\/fajr.news\/index.php?rest_route=%2Fwp%2Fv2%2Fcomments&post=13528"}],"version-history":[{"count":0,"href":"https:\/\/fajr.news\/index.php?rest_route=\/wp\/v2\/posts\/13528\/revisions"}],"wp:attachment":[{"href":"https:\/\/fajr.news\/index.php?rest_route=%2Fwp%2Fv2%2Fmedia&parent=13528"}],"wp:term":[{"taxonomy":"category","embeddable":true,"href":"https:\/\/fajr.news\/index.php?rest_route=%2Fwp%2Fv2%2Fcategories&post=13528"},{"taxonomy":"post_tag","embeddable":true,"href":"https:\/\/fajr.news\/index.php?rest_route=%2Fwp%2Fv2%2Ftags&post=13528"}],"curies":[{"name":"wp","href":"https:\/\/api.w.org\/{rel}","templated":true}]}}