{"id":13520,"date":"2026-04-30T15:04:11","date_gmt":"2026-04-30T11:34:11","guid":{"rendered":"https:\/\/fajr.news\/?p=13520"},"modified":"2026-04-30T15:04:11","modified_gmt":"2026-04-30T11:34:11","slug":"pentagon-abdnin-iran-savasina-harcadigi-miktar-25-milyar-dolara-ulasti","status":"publish","type":"post","link":"https:\/\/fajr.news\/?p=13520&lang=tr","title":{"rendered":"Pentagon: ABD&#8217;nin \u0130ran Sava\u015f\u0131na Harcad\u0131\u011f\u0131 Miktar 25 Milyar Dolara Ula\u015ft\u0131"},"content":{"rendered":"<p><strong>WASHINGTON<\/strong> \u2013 Pentagon&#8217;dan gelen son a\u00e7\u0131klamalar, ABD&#8217;nin b\u00f6lgedeki y\u0131k\u0131c\u0131 ve sald\u0131rgan politikalar\u0131n\u0131n maliyetini bir kez daha g\u00f6zler \u00f6n\u00fcne serdi. ABD ordusunun \u0130ran \u0130slam Cumhuriyeti&#8217;ne kar\u015f\u0131 \u015fubat ay\u0131n\u0131n sonlar\u0131nda ba\u015flatt\u0131\u011f\u0131 d\u00fc\u015fmanca operasyonlar\u0131n maliyetinin bug\u00fcne kadar <strong>25 milyar dolara<\/strong> ula\u015ft\u0131\u011f\u0131 bildirildi.<\/p>\n<p>Pentagon&#8217;un b\u00fct\u00e7e yetkilisi, Temsilciler Meclisi \u00fcyelerine yapt\u0131\u011f\u0131 a\u00e7\u0131klamada, bu devasa harcamay\u0131 itiraf etmek zorunda kald\u0131. Savunma Bakanl\u0131\u011f\u0131&#8217;n\u0131n vekaleten kontrol\u00f6r\u00fc <em>Jules Hurst<\/em>, Temsilciler Meclisi Silahl\u0131 Hizmetler Komitesi&#8217;ne hitaben yapt\u0131\u011f\u0131 konu\u015fmada \u015fu ifadeleri kulland\u0131:<\/p>\n<blockquote>\n<p>&#8220;Bug\u00fcne kadar yakla\u015f\u0131k <strong>25 milyar dolar\u0131<\/strong> &#8216;Destans\u0131 Gazap Operasyonu&#8217;na harcad\u0131k. Bunun b\u00fcy\u00fck bir k\u0131sm\u0131 m\u00fchimmat i\u00e7in kullan\u0131ld\u0131.&#8221;<\/p>\n<\/blockquote>\n<p>Bu a\u00e7\u0131klama, ABD&#8217;nin b\u00f6lgedeki istikrars\u0131zla\u015ft\u0131r\u0131c\u0131 ve maceraperest ad\u0131mlar\u0131n\u0131n, Amerikan halk\u0131n\u0131n vergileriyle nas\u0131l finanse edildi\u011fini a\u00e7\u0131k\u00e7a ortaya koymaktad\u0131r. \u0130ran&#8217;a y\u00f6nelik bu d\u00fc\u015fmanca ve maliyetli giri\u015fimler, Washington&#8217;\u0131n b\u00f6lgedeki hegemonya aray\u0131\u015f\u0131n\u0131n ve uluslararas\u0131 hukuku hi\u00e7e sayan tutumunun bir g\u00f6stergesidir. Harcanan bu milyarlarca dolar, sadece y\u0131k\u0131m ve gerilim yaratmaya hizmet etmektedir.<\/p>\n<p>#ABD\u0130ranSava\u015f\u0131 #Pentagon #25MilyarDolar #Sava\u015fMaliyeti #Ortado\u011fu #AmerikanSald\u0131rganl\u0131\u011f\u0131 #\u0130ran\u0130slamCumhuriyeti #K\u00fcreselHegemonya #M\u00fchimmatHarcan\u0131yor #D\u00fc\u015fmancaPolitika<\/p>\n","protected":false},"excerpt":{"rendered":"<p>WASHINGTON \u2013 Pentagon&#8217;dan gelen son a\u00e7\u0131klamalar, ABD&#8217;nin b\u00f6lgedeki y\u0131k\u0131c\u0131 ve sald\u0131rgan politikalar\u0131n\u0131n maliyetini bir kez daha g\u00f6zler \u00f6n\u00fcne serdi. ABD ordusunun \u0130ran \u0130slam Cumhuriyeti&#8217;ne kar\u015f\u0131 \u015fubat ay\u0131n\u0131n sonlar\u0131nda ba\u015flatt\u0131\u011f\u0131 d\u00fc\u015fmanca operasyonlar\u0131n maliyetinin bug\u00fcne kadar 25 milyar dolara ula\u015ft\u0131\u011f\u0131 bildirildi. Pentagon&#8217;un b\u00fct\u00e7e yetkilisi, Temsilciler Meclisi \u00fcyelerine yapt\u0131\u011f\u0131 a\u00e7\u0131klamada, bu devasa harcamay\u0131 itiraf etmek zorunda kald\u0131. Savunma [&hellip;]<\/p>\n","protected":false},"author":2,"featured_media":13521,"comment_status":"open","ping_status":"open","sticky":false,"template":"","format":"standard","meta":{"footnotes":""},"categories":[31],"tags":[],"class_list":["post-13520","post","type-post","status-publish","format-standard","has-post-thumbnail","hentry","category-iran-haberleri"],"_links":{"self":[{"href":"https:\/\/fajr.news\/index.php?rest_route=\/wp\/v2\/posts\/13520","targetHints":{"allow":["GET"]}}],"collection":[{"href":"https:\/\/fajr.news\/index.php?rest_route=\/wp\/v2\/posts"}],"about":[{"href":"https:\/\/fajr.news\/index.php?rest_route=\/wp\/v2\/types\/post"}],"author":[{"embeddable":true,"href":"https:\/\/fajr.news\/index.php?rest_route=\/wp\/v2\/users\/2"}],"replies":[{"embeddable":true,"href":"https:\/\/fajr.news\/index.php?rest_route=%2Fwp%2Fv2%2Fcomments&post=13520"}],"version-history":[{"count":0,"href":"https:\/\/fajr.news\/index.php?rest_route=\/wp\/v2\/posts\/13520\/revisions"}],"wp:featuredmedia":[{"embeddable":true,"href":"https:\/\/fajr.news\/index.php?rest_route=\/wp\/v2\/media\/13521"}],"wp:attachment":[{"href":"https:\/\/fajr.news\/index.php?rest_route=%2Fwp%2Fv2%2Fmedia&parent=13520"}],"wp:term":[{"taxonomy":"category","embeddable":true,"href":"https:\/\/fajr.news\/index.php?rest_route=%2Fwp%2Fv2%2Fcategories&post=13520"},{"taxonomy":"post_tag","embeddable":true,"href":"https:\/\/fajr.news\/index.php?rest_route=%2Fwp%2Fv2%2Ftags&post=13520"}],"curies":[{"name":"wp","href":"https:\/\/api.w.org\/{rel}","templated":true}]}}