{"id":13512,"date":"2026-04-30T14:36:44","date_gmt":"2026-04-30T11:06:44","guid":{"rendered":"https:\/\/fajr.news\/?p=13512"},"modified":"2026-04-30T14:36:44","modified_gmt":"2026-04-30T11:06:44","slug":"artik-iyi-adam-yok-savas-3-ayina-girerken-trumptan-irana-tehdit","status":"publish","type":"post","link":"https:\/\/fajr.news\/?p=13512&lang=tr","title":{"rendered":"&#8220;Art\u0131k \u0130yi Adam Yok&#8221;: Sava\u015f 3. Ay\u0131na Girerken Trump&#8217;tan \u0130ran&#8217;a Tehdit"},"content":{"rendered":"<p>\u00c7ar\u015famba g\u00fcn\u00fc, ABD Ba\u015fkan\u0131 Donald Trump&#8217;\u0131n daha \u00f6nce \u0130ran&#8217;\u0131n kendi y\u00f6netimine &#8220;\u00c7\u00f6k\u00fc\u015f Durumunda&#8221; oldu\u011funu bildirdi\u011fini iddia etmesine ra\u011fmen, \u0130ran ile Amerika Birle\u015fik Devletleri aras\u0131ndaki sava\u015f\u0131 sona erdirme g\u00f6r\u00fc\u015fmeleri durmu\u015f gibi g\u00f6r\u00fcn\u00fcyordu. Trump, Truth Social platformundaki bir g\u00f6nderisinde, \u0130ran&#8217;\u0131n n\u00fckleer m\u00fczakereleri ele al\u0131\u015f bi\u00e7imini ele\u015ftirerek, bir anla\u015fmaya do\u011fru ilerleyemedi\u011fini belirtti. &#8220;\u0130ran kendini toparlayam\u0131yor. N\u00fckleer olmayan bir anla\u015fmay\u0131 nas\u0131l imzalayacaklar\u0131n\u0131 bilmiyorlar. Yak\u0131nda ak\u0131llar\u0131n\u0131 ba\u015flar\u0131na toplasalar iyi olur!&#8221; diye yazd\u0131.<\/p>\n<p>Bu arada Pakistan, k\u00fcresel enerji fiyatlar\u0131ndaki art\u0131\u015f nedeniyle haftal\u0131k petrol ithalat faturas\u0131n\u0131n yakla\u015f\u0131k y\u00fczde 167 artt\u0131\u011f\u0131n\u0131 bildirdi. Ba\u015fbakan \u015eehbaz \u015eerif \u00c7ar\u015famba g\u00fcn\u00fc yapt\u0131\u011f\u0131 a\u00e7\u0131klamada, haftal\u0131k petrol ithalat faturas\u0131n\u0131n Orta Do\u011fu \u00e7at\u0131\u015fmas\u0131ndan \u00f6nce 300 milyon dolardan 800 milyon dolara y\u00fckseldi\u011fini s\u00f6yledi. Benzer bir mesajda, Avrupa Komisyonu Ba\u015fkan\u0131 Ursula von der Leyen, ABD-\u0130srail sava\u015f\u0131n\u0131n, \u0130ran&#8217;\u0131n H\u00fcrm\u00fcz Bo\u011faz\u0131&#8217;n\u0131 kapatmas\u0131 gibi misillemelerle birle\u015fti\u011finde Avrupa Birli\u011fi&#8217;ne g\u00fcnde yakla\u015f\u0131k 500 milyon avro (600 milyon dolar) maliyeti oldu\u011funu, bunun da pompa fiyatlar\u0131n\u0131 art\u0131rd\u0131\u011f\u0131n\u0131 ve haftalar i\u00e7inde jet yak\u0131t\u0131 s\u0131k\u0131nt\u0131s\u0131 korkular\u0131n\u0131 y\u00fckseltti\u011fini belirtti.<\/p>\n<p>\u0130\u015fte son geli\u015fmeler: Ba\u015fkan \u00c7ar\u015famba g\u00fcn\u00fc Axios&#8217;a yapt\u0131\u011f\u0131 a\u00e7\u0131klamada, ABD ablukas\u0131n\u0131n kald\u0131r\u0131lmas\u0131 kar\u015f\u0131l\u0131\u011f\u0131nda \u0130ran&#8217;\u0131n H\u00fcrm\u00fcz Bo\u011faz\u0131&#8217;n\u0131 yeniden a\u00e7ma teklifini reddetti\u011fini s\u00f6yledi. Bu hafta ABD liderleriyle payla\u015f\u0131lan \u0130ran&#8217;\u0131n teklifi, \u0130ran&#8217;\u0131n n\u00fckleer program\u0131 etraf\u0131ndaki tart\u0131\u015fmalar\u0131 ertelemeyi ama\u00e7l\u0131yordu. Trump, Axios&#8217;a, \u0130ran n\u00fckleer emellerini ele alana kadar ablukay\u0131 kald\u0131rmak istemedi\u011fini s\u00f6yledi. Trump, &#8220;Abluka, bombalamadan biraz daha etkili,&#8221; dedi. &#8220;Ve onlar i\u00e7in daha k\u00f6t\u00fc olacak. N\u00fckleer silaha sahip olamazlar.&#8221; Beyaz Saray, yorum talebine hemen yan\u0131t vermedi.<\/p>\n<p>Merz, Trump ile ili\u015fkisinin &#8220;her zamanki gibi iyi&#8221; oldu\u011funu s\u00f6yledi. Almanya Ba\u015fbakan\u0131 Friedrich Merz, Ba\u015fkan Donald Trump ile ili\u015fkisinin &#8220;her zamanki gibi iyi&#8221; kald\u0131\u011f\u0131n\u0131, ancak &#8220;\u0130ran&#8217;daki sava\u015fla orada ba\u015flayanlar hakk\u0131nda en ba\u015f\u0131ndan beri \u015f\u00fcpheleri oldu\u011funu&#8221; s\u00f6yledi. Merz \u00c7ar\u015famba g\u00fcn\u00fc, &#8220;Almanya ve Avrupa&#8217;da, \u00f6rne\u011fin H\u00fcrm\u00fcz Bo\u011faz\u0131&#8217;n\u0131n kapanmas\u0131 gibi sonu\u00e7lardan \u00f6nemli \u00f6l\u00e7\u00fcde zarar g\u00f6r\u00fcyoruz,&#8221; dedi. Bunun enerji tedarikini ve ekonomiyi olumsuz etkiledi\u011fini belirtti. &#8220;Ve bu ba\u011flamda, bu \u00e7at\u0131\u015fman\u0131n \u00e7\u00f6z\u00fclmesini \u015fiddetle tavsiye ediyorum.&#8221; Trump daha \u00f6nce Truth Social platformunda Merz&#8217;e sald\u0131rm\u0131\u015ft\u0131: &#8220;Almanya \u015eans\u00f6lyesi Friedrich Merz, \u0130ran&#8217;\u0131n N\u00fckleer Silaha sahip olmas\u0131n\u0131n sorun olmad\u0131\u011f\u0131n\u0131 d\u00fc\u015f\u00fcn\u00fcyor. Neden bahsetti\u011fini bilmiyor!&#8221; diye yazm\u0131\u015ft\u0131 Trump. Trump, Merz&#8217;in Pazartesi g\u00fcn\u00fc yapt\u0131\u011f\u0131, Alman \u015eans\u00f6lyesi&#8217;nin ABD&#8217;nin \u0130ran liderli\u011fi taraf\u0131ndan &#8220;a\u015fa\u011f\u0131land\u0131\u011f\u0131n\u0131&#8221; s\u00f6yledi\u011fi ve Washington&#8217;\u0131n sava\u015fta strateji eksikli\u011fini ele\u015ftirdi\u011fi yorumlar\u0131na yan\u0131t veriyordu.<\/p>\n<p>ABD Ba\u015fkan\u0131 Donald Trump, \u0130ran&#8217;\u0131n n\u00fckleer m\u00fczakereleri ele al\u0131\u015f bi\u00e7imini ele\u015ftirerek, bir anla\u015fmaya do\u011fru ilerleyemedi\u011fini belirtti. Truth Social&#8217;da, &#8220;\u0130ran kendini toparlayam\u0131yor. N\u00fckleer olmayan bir anla\u015fmay\u0131 nas\u0131l imzalayacaklar\u0131n\u0131 bilmiyorlar. Yak\u0131nda ak\u0131llar\u0131n\u0131 ba\u015flar\u0131na toplasalar iyi olur!&#8221; diye yazd\u0131. Trump&#8217;\u0131n g\u00f6nderisinde, patlamalar\u0131n ortas\u0131nda bir silah tutan ve &#8220;ARTIK \u0130Y\u0130 ADAM YOK&#8221; ba\u015fl\u0131\u011f\u0131n\u0131 ta\u015f\u0131yan yapay zeka taraf\u0131ndan olu\u015fturulmu\u015f bir g\u00f6r\u00fcnt\u00fcs\u00fc yer al\u0131yordu. Tahran&#8217;\u0131n n\u00fckleer program\u0131 \u00fczerindeki gerilimler sava\u015f patlak vermeden \u00f6nce artm\u0131\u015ft\u0131; Trump, \u00fclkenin n\u00fckleer silah yapamamas\u0131n\u0131 sa\u011flamak i\u00e7in defalarca yemin etmi\u015fti. \u0130ran, n\u00fckleer program\u0131n\u0131n bar\u0131\u015f\u00e7\u0131l oldu\u011funu uzun s\u00fcredir \u0131srar etse de, uranyumu neredeyse silah s\u0131n\u0131f\u0131 seviyelere kadar zenginle\u015ftirmi\u015fti.<\/p>\n<p>BM insan haklar\u0131 \u015fefi, \u0130ran&#8217;\u0131n 28 \u015eubat&#8217;ta Amerika Birle\u015fik Devletleri ve \u0130srail ile sava\u015f\u0131n ba\u015flamas\u0131ndan bu yana en az 21 ki\u015fiyi idam etti\u011fini s\u00f6yledi. Volker T\u00fcrk, Ocak ay\u0131nda \u0130ran genelindeki b\u00fcy\u00fck protestolarla ba\u011flant\u0131l\u0131 olarak en az dokuz ki\u015finin idam edildi\u011fini, di\u011fer 10 ki\u015finin muhalif gruplara \u00fcyelik iddias\u0131yla, iki ki\u015finin ise casusluk su\u00e7lamas\u0131yla idam edildi\u011fini belirtti. Ofisi, \u015eubat ay\u0131n\u0131n sonundan bu yana \u0130ran&#8217;da ulusal g\u00fcvenlikle ilgili su\u00e7lamalarla 4.000&#8217;den fazla ki\u015finin tutukland\u0131\u011f\u0131n\u0131 bildirdi.<\/p>\n<p>L\u00fcbnan ordusu yapt\u0131\u011f\u0131 a\u00e7\u0131klamada, \u00c7ar\u015famba g\u00fcn\u00fc bir L\u00fcbnan ordusu askerinin, askerlik g\u00f6rev yerinden al-Souaneh k\u00f6y\u00fcndeki evine giderken bindikleri motosikleti hedef alan bir \u0130srail sald\u0131r\u0131s\u0131nda karde\u015fiyle birlikte \u00f6ld\u00fcr\u00fcld\u00fc\u011f\u00fcn\u00fc bildirdi. L\u00fcbnan ordusu, ABD ve \u0130srail&#8217;in \u0130ran&#8217;a sald\u0131r\u0131lar\u0131ndan iki g\u00fcn sonra, militan grubun \u0130srail&#8217;e f\u00fcze salvosu f\u0131rlatmas\u0131yla 2 Mart&#8217;ta ba\u015flayan son \u0130srail-Hizbullah sava\u015f\u0131nda kenarda durdu. Ancak askerler s\u0131k s\u0131k \u00e7apraz ate\u015fte kald\u0131. Ordu, 2 Mart&#8217;tan bu yana toplam 20 L\u00fcbnan ordusu askerinin \u0130srail sald\u0131r\u0131lar\u0131nda \u00f6ld\u00fcr\u00fcld\u00fc\u011f\u00fcn\u00fc, \u00e7o\u011funun g\u00f6rev yerlerine giderken veya d\u00f6nerken oldu\u011funu belirtti. Toplamda, sava\u015f s\u0131ras\u0131nda ve bu ay\u0131n ba\u015flar\u0131nda uygulanan, \u00e7at\u0131\u015fmalar\u0131 azaltan ancak durdurmayan sallant\u0131l\u0131 ate\u015fkes s\u0131ras\u0131nda L\u00fcbnan&#8217;da 2.500&#8217;den fazla ki\u015fi \u00f6ld\u00fcr\u00fcld\u00fc.<\/p>\n<p>BM n\u00fckleer ajans\u0131 ba\u015fkan\u0131 Associated Press&#8217;e verdi\u011fi deme\u00e7te, \u0130ran&#8217;\u0131n y\u00fcksek oranda zenginle\u015ftirilmi\u015f uranyumunun \u00e7o\u011funun muhtemelen hala ge\u00e7en y\u0131l hava sald\u0131r\u0131lar\u0131yla bombalanan ve bu y\u0131lki ABD-\u0130srail sava\u015f\u0131nda daha az yo\u011fun sald\u0131r\u0131lara maruz kalan \u0130sfahan n\u00fckleer kompleksinde bulundu\u011funu s\u00f6yledi. Rafael Grossi Sal\u0131 g\u00fcn\u00fc yapt\u0131\u011f\u0131 bir r\u00f6portajda, Uluslararas\u0131 Atom Enerjisi Ajans\u0131&#8217;n\u0131n (UAEA) ABD-\u0130srail&#8217;in \u0130ran&#8217;a y\u00f6nelik son hava sald\u0131r\u0131lar\u0131n\u0131n etkilerini g\u00f6steren uydu g\u00f6r\u00fcnt\u00fclerine sahip oldu\u011funu ve &#8220;bilgi almaya devam ettiklerini&#8221; belirtti. \u0130srail&#8217;in ge\u00e7en Haziran ay\u0131nda ABD&#8217;nin \u00fc\u00e7 \u0130ran n\u00fckleer tesisini bombalad\u0131\u011f\u0131 12 g\u00fcnl\u00fck bir sava\u015f ba\u015flatmas\u0131yla \u0130sfahan&#8217;daki UAEA denetimleri sona ermi\u015fti. BM n\u00fckleer g\u00f6zlemcisi, \u0130ran&#8217;\u0131n y\u00fcksek oranda zenginle\u015ftirilmi\u015f uranyumunun b\u00fcy\u00fck bir y\u00fczdesinin &#8220;12 g\u00fcnl\u00fck sava\u015f\u0131n patlak verdi\u011fi Haziran 2025&#8217;te orada depoland\u0131\u011f\u0131na ve o zamandan beri orada oldu\u011funa&#8221; inan\u0131yor, dedi Grossi.<\/p>\n<p>Pakistan Ba\u015fbakan\u0131 \u015eehbaz \u015eerif \u00c7ar\u015famba g\u00fcn\u00fc yapt\u0131\u011f\u0131 a\u00e7\u0131klamada, k\u00fcresel fiyatlardaki art\u0131\u015f nedeniyle \u00fclkesinin haftal\u0131k petrol ithalat faturas\u0131n\u0131n yakla\u015f\u0131k y\u00fczde 167 artt\u0131\u011f\u0131n\u0131 ve nakit s\u0131k\u0131nt\u0131s\u0131 \u00e7eken \u00fclkenin k\u0131r\u0131lgan ekonomisine ek y\u00fck getirdi\u011fini s\u00f6yledi. Bir kabine toplant\u0131s\u0131nda televizyonda yay\u0131nlanan konu\u015fmas\u0131nda \u015eerif, haftal\u0131k petrol ithalat faturas\u0131n\u0131n \u00e7at\u0131\u015fmadan \u00f6nce 300 milyon dolardan 800 milyon dolara y\u00fckseldi\u011fini belirtti. H\u00fck\u00fcmetin enerji tasarrufu yapmak ve petrol t\u00fcketimini azaltmak i\u00e7in ad\u0131mlar att\u0131\u011f\u0131n\u0131 ve bar\u0131\u015f\u0131 te\u015fvik etmek i\u00e7in diplomatik \u00e7abalar\u0131n hala devam etti\u011fini s\u00f6yledi.<\/p>\n<p>Avrupa Komisyonu Ba\u015fkan\u0131 Ursula von der Leyen \u00c7ar\u015famba g\u00fcn\u00fc yapt\u0131\u011f\u0131 uyar\u0131da, \u0130ran sava\u015f\u0131n\u0131n petrol ve gaz fiyatlar\u0131n\u0131 vurmas\u0131yla Avrupa Birli\u011fi \u00fclkelerinin enerji yard\u0131mlar\u0131n\u0131 esas olarak savunmas\u0131z hane halklar\u0131na ve end\u00fcstrilere y\u00f6nlendirmesi gerekti\u011fini, aksi takdirde milyarlarca avroyu israf etme riskiyle kar\u015f\u0131 kar\u015f\u0131ya kalacaklar\u0131n\u0131 belirtti. ABD-\u0130srail sava\u015f\u0131n\u0131n, \u0130ran&#8217;\u0131n H\u00fcrm\u00fcz Bo\u011faz\u0131&#8217;n\u0131 kapatmas\u0131 gibi misillemelerle birle\u015fti\u011finde AB&#8217;ye g\u00fcnde yakla\u015f\u0131k 500 milyon avro (600 milyon dolar) maliyeti oldu\u011funu, bunun da pompa fiyatlar\u0131n\u0131 art\u0131rd\u0131\u011f\u0131n\u0131 ve haftalar i\u00e7inde jet yak\u0131t\u0131 s\u0131k\u0131nt\u0131s\u0131 korkular\u0131n\u0131 y\u00fckseltti\u011fini s\u00f6yledi. Von der Leyen, d\u00fcnyan\u0131n en b\u00fcy\u00fck ticaret blo\u011funun, ekonomilerine daha fazla zarar vermemek i\u00e7in, Rusya&#8217;n\u0131n Ukrayna&#8217;ya verdikleri deste\u011fi baltalamak i\u00e7in enerji g\u00fcc\u00fcn\u00fc Avrupa \u00fclkelerine kar\u015f\u0131 kulland\u0131\u011f\u0131 2022 yak\u0131t krizinin derslerinden yararlanmas\u0131 gerekti\u011fini s\u00f6yledi. Fransa&#8217;n\u0131n Strazburg kentinde AB milletvekillerine, &#8220;350 milyar avrodan fazla para hedeflenmemi\u015f \u00f6nlemlere harcand\u0131 ve bunun \u00fcye devletlerin maliyesi \u00fczerinde b\u00fcy\u00fck bir etkisi oldu,&#8221; dedi. &#8220;Bu y\u00fczden ayn\u0131 hatay\u0131 bir daha yapmayal\u0131m ve deste\u011fimizi en \u00e7ok ihtiya\u00e7 duyulan yere odaklayal\u0131m.&#8221;<\/p>\n<p>\u0130ran&#8217;\u0131n ulusal para birimi riyal, ABD ve \u0130srail ile sallant\u0131l\u0131 bir ate\u015fkesin hala devam etmesiyle \u00c7ar\u015famba g\u00fcn\u00fc dolar kar\u015f\u0131s\u0131nda 1,8 milyona ula\u015farak rekor seviyeye geriledi. Riyal, 28 \u015eubat&#8217;ta ba\u015flayan sava\u015f s\u0131ras\u0131nda haftalarca istikrarl\u0131 kalm\u0131\u015ft\u0131, k\u0131smen \u00fclkeye \u00e7ok az ticaret veya ithalat gelmesi nedeniyle. Riyal iki g\u00fcn \u00f6nce d\u00fc\u015fmeye ba\u015flad\u0131 ve \u00c7ar\u015famba g\u00fcn\u00fc rekor d\u00fc\u015f\u00fck seviyeye ula\u015ft\u0131. Uzmanlar, riyalin d\u00fc\u015f\u00fc\u015f\u00fcn\u00fcn, g\u0131da ve ila\u00e7tan elektronik ve ham maddelere kadar bir\u00e7ok ithal mal\u0131n dolar kurundan etkilendi\u011fi bir \u00fclkede enflasyonu daha da k\u00f6r\u00fcklemesinin muhtemel oldu\u011fu konusunda uyar\u0131yor. Sava\u015f \u015fu anda bir ate\u015fkes durumunda, ancak ABD ablukas\u0131, petrol sevkiyatlar\u0131n\u0131 durdurarak veya engelleyerek h\u00fck\u00fcmet gelirlerinin ve d\u00f6vizin \u00f6nemli bir kayna\u011f\u0131n\u0131 keserek \u0130ran&#8217;\u0131n zaten y\u0131pranm\u0131\u015f ekonomisi \u00fczerindeki bask\u0131y\u0131 art\u0131rmaya devam etti.<\/p>\n<p>Pakistan Ba\u015fbakan\u0131 \u015eehbaz \u015eerif \u00c7ar\u015famba g\u00fcn\u00fc yapt\u0131\u011f\u0131 a\u00e7\u0131klamada, h\u00fck\u00fcmetinin Amerika Birle\u015fik Devletleri ile \u0130ran aras\u0131ndaki gerilimi azaltmaya yard\u0131mc\u0131 olmak i\u00e7in \u00e7abalar\u0131n\u0131 s\u00fcrd\u00fcrd\u00fc\u011f\u00fcn\u00fc s\u00f6yledi. \u0130slamabad&#8217;daki bir kabine toplant\u0131s\u0131nda konu\u015fan \u015eerif, 11 Nisan&#8217;da iki taraf aras\u0131nda do\u011frudan g\u00f6r\u00fc\u015fmelerin ilk turunda ba\u015fkentte &#8220;maraton bir oturum&#8221; d\u00fczenlendi\u011fini ve bunun hala devam eden bir ate\u015fkes konusunda ilerleme sa\u011flad\u0131\u011f\u0131n\u0131 belirtti. \u0130ran D\u0131\u015fi\u015fleri Bakan\u0131 Abbas Araghchi&#8217;nin ate\u015fkes s\u0131ras\u0131nda hafta sonu Pakistan&#8217;\u0131 ziyaret etti\u011fini ve burada \u0130ran ile Pakistan aras\u0131nda ba\u015fka bir geni\u015fletilmi\u015f g\u00f6r\u00fc\u015fme turunun ger\u00e7ekle\u015fti\u011fini s\u00f6yledi. \u015eerif, Araghchi&#8217;nin daha sonra Umman&#8217;a gitti\u011fini, k\u0131sa bir s\u00fcre geri d\u00f6nd\u00fc\u011f\u00fcn\u00fc ve ard\u0131ndan Rusya&#8217;ya hareket etti\u011fini belirtti. \u015eerif, Moskova&#8217;ya gitmeden \u00f6nce Araghchi&#8217;nin kendisiyle telefonla konu\u015ftu\u011funu ve &#8220;liderli\u011fiyle g\u00f6r\u00fc\u015ft\u00fckten sonra m\u00fcmk\u00fcn olan en k\u0131sa s\u00fcrede yan\u0131t verece\u011fine beni temin etti\u011fini&#8221; s\u00f6yledi. Araghchi&#8217;nin neye yan\u0131t verece\u011fini belirtmedi, ancak Pakistan, Amerika Birle\u015fik Devletleri ile \u0130ran aras\u0131nda ikinci bir g\u00f6r\u00fc\u015fme turuna ev sahipli\u011fi yapmaya \u00e7al\u0131\u015ft\u0131\u011f\u0131n\u0131 bildirdi.<\/p>\n<p>ABD Savunma Bakan\u0131 Pete Hegseth, \u0130ran sava\u015f\u0131n\u0131n ba\u015flamas\u0131ndan bu yana ilk kez Kongre \u00fcyeleri taraf\u0131ndan sorgulanacak. \u00c7ar\u015famba g\u00fcn\u00fc Temsilciler Meclisi Silahl\u0131 Hizmetler Komitesi \u00f6n\u00fcndeki duru\u015fma, Trump y\u00f6netiminin 2027 y\u0131l\u0131 i\u00e7in 1,5 trilyon dolarl\u0131k askeri b\u00fct\u00e7esine odaklanacak. Demokrat milletvekillerinin Hegseth&#8217;i \u0130ran sava\u015f\u0131n\u0131n maliyetleri ve kritik m\u00fchimmat\u0131n b\u00fcy\u00fck \u00f6l\u00e7\u00fcde t\u00fckenmesi konusunda sorgulamas\u0131 muhtemel. \u015eu anda bir ate\u015fkes y\u00fcr\u00fcrl\u00fckte olsa da, ABD ve \u0130srail sava\u015f\u0131 28 \u015eubat&#8217;ta kongre denetimi olmaks\u0131z\u0131n ba\u015flatm\u0131\u015ft\u0131.<\/p>\n<p>#Trump #\u0130ran #N\u00fckleerM\u00fczakereler #H\u00fcrm\u00fczBo\u011faz\u0131 #EkonomikEtki #ABD\u0130ranSava\u015f\u0131 #Ate\u015fkes #PakistanArabuluculuk #ABEnerjiKrizi #RiyalD\u00fc\u015f\u00fc\u015f\u00fc<\/p>\n","protected":false},"excerpt":{"rendered":"<p>\u00c7ar\u015famba g\u00fcn\u00fc, ABD Ba\u015fkan\u0131 Donald Trump&#8217;\u0131n daha \u00f6nce \u0130ran&#8217;\u0131n kendi y\u00f6netimine &#8220;\u00c7\u00f6k\u00fc\u015f Durumunda&#8221; oldu\u011funu bildirdi\u011fini iddia etmesine ra\u011fmen, \u0130ran ile Amerika Birle\u015fik Devletleri aras\u0131ndaki sava\u015f\u0131 sona erdirme g\u00f6r\u00fc\u015fmeleri durmu\u015f gibi g\u00f6r\u00fcn\u00fcyordu. Trump, Truth Social platformundaki bir g\u00f6nderisinde, \u0130ran&#8217;\u0131n n\u00fckleer m\u00fczakereleri ele al\u0131\u015f bi\u00e7imini ele\u015ftirerek, bir anla\u015fmaya do\u011fru ilerleyemedi\u011fini belirtti. &#8220;\u0130ran kendini toparlayam\u0131yor. N\u00fckleer olmayan bir [&hellip;]<\/p>\n","protected":false},"author":2,"featured_media":13513,"comment_status":"open","ping_status":"open","sticky":false,"template":"","format":"standard","meta":{"footnotes":""},"categories":[31],"tags":[],"class_list":["post-13512","post","type-post","status-publish","format-standard","has-post-thumbnail","hentry","category-iran-haberleri"],"_links":{"self":[{"href":"https:\/\/fajr.news\/index.php?rest_route=\/wp\/v2\/posts\/13512","targetHints":{"allow":["GET"]}}],"collection":[{"href":"https:\/\/fajr.news\/index.php?rest_route=\/wp\/v2\/posts"}],"about":[{"href":"https:\/\/fajr.news\/index.php?rest_route=\/wp\/v2\/types\/post"}],"author":[{"embeddable":true,"href":"https:\/\/fajr.news\/index.php?rest_route=\/wp\/v2\/users\/2"}],"replies":[{"embeddable":true,"href":"https:\/\/fajr.news\/index.php?rest_route=%2Fwp%2Fv2%2Fcomments&post=13512"}],"version-history":[{"count":0,"href":"https:\/\/fajr.news\/index.php?rest_route=\/wp\/v2\/posts\/13512\/revisions"}],"wp:featuredmedia":[{"embeddable":true,"href":"https:\/\/fajr.news\/index.php?rest_route=\/wp\/v2\/media\/13513"}],"wp:attachment":[{"href":"https:\/\/fajr.news\/index.php?rest_route=%2Fwp%2Fv2%2Fmedia&parent=13512"}],"wp:term":[{"taxonomy":"category","embeddable":true,"href":"https:\/\/fajr.news\/index.php?rest_route=%2Fwp%2Fv2%2Fcategories&post=13512"},{"taxonomy":"post_tag","embeddable":true,"href":"https:\/\/fajr.news\/index.php?rest_route=%2Fwp%2Fv2%2Ftags&post=13512"}],"curies":[{"name":"wp","href":"https:\/\/api.w.org\/{rel}","templated":true}]}}