{"id":13490,"date":"2026-04-30T14:14:27","date_gmt":"2026-04-30T10:44:27","guid":{"rendered":"https:\/\/fajr.news\/?p=13490"},"modified":"2026-04-30T14:14:27","modified_gmt":"2026-04-30T10:44:27","slug":"rolls-royce-orta-dogu-catismasinin-ardindan-motor-ucus-saatleri-hizla-toparlaniyor","status":"publish","type":"post","link":"https:\/\/fajr.news\/?p=13490&lang=tr","title":{"rendered":"Rolls-Royce: Orta Do\u011fu \u00c7at\u0131\u015fmas\u0131n\u0131n Ard\u0131ndan Motor U\u00e7u\u015f Saatleri H\u0131zla Toparlan\u0131yor"},"content":{"rendered":"<h3>Rolls-Royce, Y\u0131l Boyunca Genel Bir Art\u0131\u015f Beklentisini Koruyor<\/h3>\n<p>Rolls-Royce, Orta Do\u011fu&#8217;daki \u00e7at\u0131\u015fmalar\u0131n sivil havac\u0131l\u0131k b\u00f6l\u00fcm\u00fc \u00fczerinde kal\u0131c\u0131 bir etki yaratmad\u0131\u011f\u0131n\u0131 ve b\u00f6lgedeki m\u00fc\u015fterilerinin motor u\u00e7u\u015f saatlerinde \u00f6nemli bir toparlanma ya\u015fand\u0131\u011f\u0131n\u0131 bildirdi.<\/p>\n<p>\u015eirket, ilk \u00e7eyrek ticaret g\u00fcncellemesinde, Airbus A350&#8217;ye g\u00fc\u00e7 veren Trent XWB motorlar\u0131n\u0131n u\u00e7u\u015f saatlerinin \u00e7at\u0131\u015fma \u00f6ncesi seviyelere <strong>tamamen geri d\u00f6nd\u00fc\u011f\u00fcn\u00fc<\/strong> belirtti.<\/p>\n<p>Rolls-Royce, havayolu kapasite azaltmalar\u0131n\u0131n ana hedefinin geni\u015f g\u00f6vdeli u\u00e7aklar yerine dar g\u00f6vdeli u\u00e7aklar oldu\u011funa dikkat \u00e7ekti. \u015eirket, Trent 700 motorlu A330&#8217;lar\u0131n hizmetten \u00e7ekilme profilinde bir de\u011fi\u015fiklik \u00f6ng\u00f6rm\u00fcyor.<\/p>\n<p>Bu do\u011frultuda, genel b\u00fcy\u00fck motor u\u00e7u\u015f saatlerinin bu y\u0131l 2019 seviyelerinin %15-20 \u00fczerinde olaca\u011f\u0131 beklentisini s\u00fcrd\u00fcr\u00fcyor; ilk \u00e7eyrek rakamlar\u0131 %5-15&#8217;lik bir art\u0131\u015f g\u00f6stermi\u015fti.<\/p>\n<p>Rolls-Royce, bu toparlanmay\u0131 Orta Do\u011fu d\u0131\u015f\u0131ndaki b\u00f6lgelerdeki g\u00fc\u00e7l\u00fc b\u00fcy\u00fcmeye, yeniden tahsis edilen kapasiteden faydalanmaya ve operasyonel performanstaki iyile\u015fmelere ba\u011fl\u0131yor.<\/p>\n<p>\u015eirket, Trent 1000 TEN motorlu Boeing 787&#8217;lerin operasyonel filosunun \u00fc\u00e7te birinden fazlas\u0131n\u0131 geli\u015ftirilmi\u015f y\u00fcksek bas\u0131n\u00e7l\u0131 t\u00fcrbin kanatlar\u0131yla y\u00fckselterek, bunlar\u0131 Trent 1000 XE g\u00fc\u00e7 \u00fcnitesinin dayan\u0131kl\u0131l\u0131k seviyesine getirdi.<\/p>\n<p>Rolls-Royce, Nisan ay\u0131nda sekiz adet 787 i\u00e7in gelen XE sipari\u015flerinden, \u00f6zellikle LATAM Havayollar\u0131 ile yap\u0131lan \u00fc\u00e7 u\u00e7akl\u0131k anla\u015fmadan <strong>cesaret buldu\u011funu<\/strong> ifade etti.<\/p>\n<p>Bu anla\u015fmalar\u0131n, dayan\u0131kl\u0131l\u0131k iyile\u015ftirmelerine yap\u0131lan yat\u0131r\u0131m\u0131n XE&#8217;yi &#8220;rekabet\u00e7i, sipari\u015f kazand\u0131ran bir motor&#8221; olarak konumland\u0131rd\u0131\u011f\u0131n\u0131n &#8220;a\u00e7\u0131k bir kan\u0131t\u0131&#8221; oldu\u011funu belirtiyor.<\/p>\n<p>Rolls-Royce, ilk \u00e7eyrekte %18 art\u0131\u015f g\u00f6steren y\u0131l boyunca b\u00fcy\u00fck motor teslimatlar\u0131na ili\u015fkin tam y\u0131l beklentisini de\u011fi\u015ftirmedi. Ayr\u0131ca, Orta Do\u011fu&#8217;daki durum nedeniyle bu ve gelecek y\u0131l i\u00e7in bu t\u00fcr motorlar\u0131n bak\u0131m ziyaretleri profilinde bir de\u011fi\u015fiklik \u00f6ng\u00f6rm\u00fcyor.<\/p>\n<p>#RollsRoyce #Havac\u0131l\u0131k #MotorU\u00e7u\u015fSaatleri #OrtaDo\u011fu\u00c7at\u0131\u015fmas\u0131 #TrentXWB #AirbusA350 #Boeing787 #MotorGeli\u015ftirmeleri #SivilHavac\u0131l\u0131k #EkonomikToparlanma<\/p>\n","protected":false},"excerpt":{"rendered":"<p>Rolls-Royce, Y\u0131l Boyunca Genel Bir Art\u0131\u015f Beklentisini Koruyor Rolls-Royce, Orta Do\u011fu&#8217;daki \u00e7at\u0131\u015fmalar\u0131n sivil havac\u0131l\u0131k b\u00f6l\u00fcm\u00fc \u00fczerinde kal\u0131c\u0131 bir etki yaratmad\u0131\u011f\u0131n\u0131 ve b\u00f6lgedeki m\u00fc\u015fterilerinin motor u\u00e7u\u015f saatlerinde \u00f6nemli bir toparlanma ya\u015fand\u0131\u011f\u0131n\u0131 bildirdi. \u015eirket, ilk \u00e7eyrek ticaret g\u00fcncellemesinde, Airbus A350&#8217;ye g\u00fc\u00e7 veren Trent XWB motorlar\u0131n\u0131n u\u00e7u\u015f saatlerinin \u00e7at\u0131\u015fma \u00f6ncesi seviyelere tamamen geri d\u00f6nd\u00fc\u011f\u00fcn\u00fc belirtti. Rolls-Royce, havayolu kapasite [&hellip;]<\/p>\n","protected":false},"author":2,"featured_media":13491,"comment_status":"open","ping_status":"open","sticky":false,"template":"","format":"standard","meta":{"footnotes":""},"categories":[37],"tags":[],"class_list":["post-13490","post","type-post","status-publish","format-standard","has-post-thumbnail","hentry","category-orta-dogu-haberleri"],"_links":{"self":[{"href":"https:\/\/fajr.news\/index.php?rest_route=\/wp\/v2\/posts\/13490","targetHints":{"allow":["GET"]}}],"collection":[{"href":"https:\/\/fajr.news\/index.php?rest_route=\/wp\/v2\/posts"}],"about":[{"href":"https:\/\/fajr.news\/index.php?rest_route=\/wp\/v2\/types\/post"}],"author":[{"embeddable":true,"href":"https:\/\/fajr.news\/index.php?rest_route=\/wp\/v2\/users\/2"}],"replies":[{"embeddable":true,"href":"https:\/\/fajr.news\/index.php?rest_route=%2Fwp%2Fv2%2Fcomments&post=13490"}],"version-history":[{"count":0,"href":"https:\/\/fajr.news\/index.php?rest_route=\/wp\/v2\/posts\/13490\/revisions"}],"wp:featuredmedia":[{"embeddable":true,"href":"https:\/\/fajr.news\/index.php?rest_route=\/wp\/v2\/media\/13491"}],"wp:attachment":[{"href":"https:\/\/fajr.news\/index.php?rest_route=%2Fwp%2Fv2%2Fmedia&parent=13490"}],"wp:term":[{"taxonomy":"category","embeddable":true,"href":"https:\/\/fajr.news\/index.php?rest_route=%2Fwp%2Fv2%2Fcategories&post=13490"},{"taxonomy":"post_tag","embeddable":true,"href":"https:\/\/fajr.news\/index.php?rest_route=%2Fwp%2Fv2%2Ftags&post=13490"}],"curies":[{"name":"wp","href":"https:\/\/api.w.org\/{rel}","templated":true}]}}