{"id":13482,"date":"2026-04-30T14:04:47","date_gmt":"2026-04-30T10:34:47","guid":{"rendered":"https:\/\/fajr.news\/?p=13482"},"modified":"2026-04-30T14:04:47","modified_gmt":"2026-04-30T10:34:47","slug":"trump-iran-nukleer-silahlardan-vazgecmedikce-anlasma-yok","status":"publish","type":"post","link":"https:\/\/fajr.news\/?p=13482&lang=tr","title":{"rendered":"Trump: \u0130ran n\u00fckleer silahlardan vazge\u00e7medik\u00e7e anla\u015fma yok"},"content":{"rendered":"<p>ABD Ba\u015fkan\u0131 Donald Trump \u00c7ar\u015famba g\u00fcn\u00fc yapt\u0131\u011f\u0131 a\u00e7\u0131klamada, n\u00fckleer zenginle\u015ftirme sorunu \u00e7\u00f6z\u00fclene kadar Tahran ile hi\u00e7bir anla\u015fma yap\u0131lmayaca\u011f\u0131n\u0131 belirtti. Trump, Beyaz Saray&#8217;da gazetecilere verdi\u011fi deme\u00e7te, &#8220;N\u00fckleer silahlara sahip olmayacaklar\u0131n\u0131 kabul etmedik\u00e7e asla bir anla\u015fma olmayacak&#8221; dedi. \u0130ran&#8217;\u0131n &#8220;uzun bir yol kat etti\u011fini&#8221; vurgulayan Trump, ancak yeterince ileri gidip gidemeyece\u011fi sorusunun devam etti\u011fini belirtti. Amerikal\u0131 lider, H\u00fcrm\u00fcz Bo\u011faz\u0131&#8217;n\u0131n ablukas\u0131n\u0131n s\u00fcrd\u00fcr\u00fclmesinin en iyi hamle oldu\u011funu yineleyerek bunu &#8220;dahi&#8221; bir hareket olarak nitelendirdi.<\/p>\n<p>#Trump #\u0130ran #N\u00fckleerSilahlar #Anla\u015fma #ABD #Tahran #H\u00fcrm\u00fczBo\u011faz\u0131 #Diplomasi #Ortado\u011fu #Uluslararas\u0131\u0130li\u015fkiler<\/p>\n","protected":false},"excerpt":{"rendered":"<p>ABD Ba\u015fkan\u0131 Donald Trump \u00c7ar\u015famba g\u00fcn\u00fc yapt\u0131\u011f\u0131 a\u00e7\u0131klamada, n\u00fckleer zenginle\u015ftirme sorunu \u00e7\u00f6z\u00fclene kadar Tahran ile hi\u00e7bir anla\u015fma yap\u0131lmayaca\u011f\u0131n\u0131 belirtti. Trump, Beyaz Saray&#8217;da gazetecilere verdi\u011fi deme\u00e7te, &#8220;N\u00fckleer silahlara sahip olmayacaklar\u0131n\u0131 kabul etmedik\u00e7e asla bir anla\u015fma olmayacak&#8221; dedi. \u0130ran&#8217;\u0131n &#8220;uzun bir yol kat etti\u011fini&#8221; vurgulayan Trump, ancak yeterince ileri gidip gidemeyece\u011fi sorusunun devam etti\u011fini belirtti. Amerikal\u0131 lider, [&hellip;]<\/p>\n","protected":false},"author":2,"featured_media":13483,"comment_status":"open","ping_status":"open","sticky":false,"template":"","format":"standard","meta":{"footnotes":""},"categories":[31],"tags":[],"class_list":["post-13482","post","type-post","status-publish","format-standard","has-post-thumbnail","hentry","category-iran-haberleri"],"_links":{"self":[{"href":"https:\/\/fajr.news\/index.php?rest_route=\/wp\/v2\/posts\/13482","targetHints":{"allow":["GET"]}}],"collection":[{"href":"https:\/\/fajr.news\/index.php?rest_route=\/wp\/v2\/posts"}],"about":[{"href":"https:\/\/fajr.news\/index.php?rest_route=\/wp\/v2\/types\/post"}],"author":[{"embeddable":true,"href":"https:\/\/fajr.news\/index.php?rest_route=\/wp\/v2\/users\/2"}],"replies":[{"embeddable":true,"href":"https:\/\/fajr.news\/index.php?rest_route=%2Fwp%2Fv2%2Fcomments&post=13482"}],"version-history":[{"count":0,"href":"https:\/\/fajr.news\/index.php?rest_route=\/wp\/v2\/posts\/13482\/revisions"}],"wp:featuredmedia":[{"embeddable":true,"href":"https:\/\/fajr.news\/index.php?rest_route=\/wp\/v2\/media\/13483"}],"wp:attachment":[{"href":"https:\/\/fajr.news\/index.php?rest_route=%2Fwp%2Fv2%2Fmedia&parent=13482"}],"wp:term":[{"taxonomy":"category","embeddable":true,"href":"https:\/\/fajr.news\/index.php?rest_route=%2Fwp%2Fv2%2Fcategories&post=13482"},{"taxonomy":"post_tag","embeddable":true,"href":"https:\/\/fajr.news\/index.php?rest_route=%2Fwp%2Fv2%2Ftags&post=13482"}],"curies":[{"name":"wp","href":"https:\/\/api.w.org\/{rel}","templated":true}]}}