{"id":13466,"date":"2026-04-30T13:29:29","date_gmt":"2026-04-30T09:59:29","guid":{"rendered":"https:\/\/fajr.news\/?p=13466"},"modified":"2026-04-30T13:29:29","modified_gmt":"2026-04-30T09:59:29","slug":"pakistanin-haftalik-petrol-faturasi-orta-dogu-savasi-ortasinda-800-milyon-dolara-ulasti-basbakan-sehbaz","status":"publish","type":"post","link":"https:\/\/fajr.news\/?p=13466&lang=tr","title":{"rendered":"Pakistan&#8217;\u0131n haftal\u0131k petrol faturas\u0131 Orta Do\u011fu sava\u015f\u0131 ortas\u0131nda 800 milyon dolara ula\u015ft\u0131: Ba\u015fbakan \u015eehbaz"},"content":{"rendered":"<p>Ba\u015fbakan \u015eehbaz \u015eerif \u00c7ar\u015famba g\u00fcn\u00fc yapt\u0131\u011f\u0131 a\u00e7\u0131klamada, \u00fclkenin haftal\u0131k petrol faturas\u0131n\u0131n Orta Do\u011fu&#8217;daki \u00e7at\u0131\u015fmalardan kaynaklanan devam eden petrol krizi nedeniyle 800 milyon dolara ula\u015ft\u0131\u011f\u0131n\u0131 belirtti.<\/p>\n<p>28 \u015eubat&#8217;ta ABD ve \u0130srail&#8217;in \u0130ran&#8217;a y\u00f6nelik ortak sald\u0131r\u0131lar ba\u015flatmas\u0131ndan bu yana H\u00fcrm\u00fcz Bo\u011faz\u0131&#8217;ndaki deniz ta\u015f\u0131mac\u0131l\u0131\u011f\u0131n\u0131n fel\u00e7 olmas\u0131yla k\u00fcresel yak\u0131t fiyatlar\u0131 son iki ayda f\u0131rlad\u0131.<\/p>\n<p>Federal kabine toplant\u0131s\u0131nda konu\u015fan Ba\u015fbakan \u015eehbaz, \u0130ran sava\u015f\u0131 nedeniyle ortaya \u00e7\u0131kan yak\u0131t kriziyle m\u00fccadeledeki \u00e7abalar\u0131ndan dolay\u0131 Petrol Bakan\u0131 Ali Pervaz Malik&#8217;i takdir ederek, durumun \u015fu anda \u201ctatmin edici\u201d g\u00f6r\u00fcnd\u00fc\u011f\u00fcn\u00fc ifade etti.<\/p>\n<p>Ba\u015fbakan, k\u00fcresel piyasalarda yak\u0131t fiyatlar\u0131n\u0131n keskin bir \u015fekilde y\u00fckseldi\u011fini belirterek, \u201cSava\u015f \u00f6ncesi haftal\u0131k petrol faturam\u0131z yakla\u015f\u0131k 300 milyon dolard\u0131, bug\u00fcn ise 800 milyon dolara \u00e7\u0131kt\u0131\u201d dedi.<\/p>\n<p>Ayr\u0131ca, \u00fclkenin yak\u0131t t\u00fcketiminin \u201c\u00f6nceki haftalara g\u00f6re azald\u0131\u011f\u0131n\u0131\u201d ve durumun d\u00fczenli olarak takip edildi\u011fini vurgulad\u0131.<\/p>\n<p>Ba\u015fbakan kabineye, \u201cYak\u0131t s\u00fcbvansiyonlar\u0131n\u0131 geni\u015fletmek i\u00e7in eyaletlerle de isti\u015fareler yap\u0131l\u0131yor\u201d bilgisini verdi.<\/p>\n<p>Ba\u015fbakan \u015eehbaz, sava\u015f patlak vermeden \u00f6nce Pakistan&#8217;\u0131n makroekonomik cephede iyi durumda oldu\u011funu da belirtti. Ancak, \u201csava\u015fla birlikte iki y\u0131ll\u0131k \u00e7abalar\u0131m\u0131z bir darbe ald\u0131.\u201d<\/p>\n<p>Buna ra\u011fmen Ba\u015fbakan, Birle\u015fik Arap Emirlikleri&#8217;ne (BAE) yap\u0131lan 3,45 milyar dolarl\u0131k depozito \u00f6demesi de dahil olmak \u00fczere bor\u00e7lar\u0131n \u00f6denmesine ra\u011fmen Pakistan&#8217;\u0131n federal rezervlerinin \u201cseviyelerini korudu\u011funu\u201d vurgulad\u0131.<\/p>\n<p>Ayr\u0131ca, yak\u0131n zamanda 3 milyar dolarl\u0131k bir depozito transfer eden ve mevcut 5 milyar dolarl\u0131k tesisini \u00fc\u00e7 y\u0131l daha uzatmay\u0131 kabul eden Suudi Arabistan liderli\u011fine \u015f\u00fckranlar\u0131n\u0131 sundu.<\/p>\n<p>Ba\u015fbakan konu\u015fmas\u0131nda, Pakistan&#8217;\u0131n ABD-\u0130ran sava\u015f\u0131ndaki diplomatik giri\u015fimleri hakk\u0131nda kabineyi bilgilendirdi ve 11-12 Nisan tarihlerinde d\u00fczenlenen ilk \u0130slamabad G\u00f6r\u00fc\u015fmeleri&#8217;ni hat\u0131rlatt\u0131.<\/p>\n<p>\u201cBir\u00e7ok diplomatik \u00e7aba g\u00f6sterildi\u201d diyerek, Savunma Kuvvetleri Komutan\u0131 ve Genelkurmay Ba\u015fkan\u0131 Mare\u015fal As\u0131m M\u00fcnir ile Ba\u015fbakan Yard\u0131mc\u0131s\u0131 ve D\u0131\u015fi\u015fleri Bakan\u0131 \u0130shak Dar&#8217;\u0131 \u201cb\u00f6lgede bar\u0131\u015f\u0131 yeniden tesis etmek i\u00e7in ellerinden gelenin en iyisini yapt\u0131klar\u0131\u201d i\u00e7in \u00f6vd\u00fc.<\/p>\n<p>Ba\u015fbakan, ABD Ba\u015fkan\u0131 Donald Trump&#8217;\u0131n 21 Nisan&#8217;daki duyurusunu hat\u0131rlatarak, \u201cBunun ard\u0131ndan ate\u015fkes uzatmas\u0131 ilan edildi\u201d dedi.<\/p>\n<p>Ba\u015fbakan ayr\u0131ca \u0130ran D\u0131\u015fi\u015fleri Bakan\u0131 Abbas Ara\u011f\u00e7i&#8217;nin Pakistan&#8217;a yapt\u0131\u011f\u0131 son ziyaretlerden de bahsetti. Ara\u011f\u00e7i&#8217;nin \u0130ran&#8217;a d\u00f6nmeden \u00f6nce kendisine \u201c\u0130ran liderli\u011fiyle isti\u015fareler yapt\u0131ktan sonra size bir cevap verece\u011fim\u201d diye g\u00fcvence verdi\u011fini hat\u0131rlatt\u0131.<\/p>\n<p>\u0130ranl\u0131 \u00fcst d\u00fczey diplomat, b\u00f6lgesel durumu g\u00f6r\u00fc\u015fmek \u00fczere iki g\u00fcn i\u00e7inde Pakistan&#8217;a iki k\u0131sa ziyaret ger\u00e7ekle\u015ftirerek CDF M\u00fcnir ve Ba\u015fbakan \u015eehbaz ile g\u00f6r\u00fc\u015ft\u00fc.<\/p>\n<p>Ba\u015fbakan, toplant\u0131lara kat\u0131l\u0131m\u0131ndan dolay\u0131 \u0130\u00e7i\u015fleri Bakan\u0131 Mohsin Nakvi&#8217;ye de te\u015fekk\u00fcr etti.<\/p>\n<p>#PakistanEkonomisi #PetrolFaturas\u0131 #OrtaDo\u011fuSava\u015f\u0131 #\u015eehbaz\u015eerif #Yak\u0131tKrizi #H\u00fcrm\u00fczBo\u011faz\u0131 #Diplomasi #\u0130ranSava\u015f\u0131 #K\u00fcreselFiyatlar #D\u0131\u015fPolitika<\/p>\n","protected":false},"excerpt":{"rendered":"<p>Ba\u015fbakan \u015eehbaz \u015eerif \u00c7ar\u015famba g\u00fcn\u00fc yapt\u0131\u011f\u0131 a\u00e7\u0131klamada, \u00fclkenin haftal\u0131k petrol faturas\u0131n\u0131n Orta Do\u011fu&#8217;daki \u00e7at\u0131\u015fmalardan kaynaklanan devam eden petrol krizi nedeniyle 800 milyon dolara ula\u015ft\u0131\u011f\u0131n\u0131 belirtti. 28 \u015eubat&#8217;ta ABD ve \u0130srail&#8217;in \u0130ran&#8217;a y\u00f6nelik ortak sald\u0131r\u0131lar ba\u015flatmas\u0131ndan bu yana H\u00fcrm\u00fcz Bo\u011faz\u0131&#8217;ndaki deniz ta\u015f\u0131mac\u0131l\u0131\u011f\u0131n\u0131n fel\u00e7 olmas\u0131yla k\u00fcresel yak\u0131t fiyatlar\u0131 son iki ayda f\u0131rlad\u0131. Federal kabine toplant\u0131s\u0131nda konu\u015fan Ba\u015fbakan [&hellip;]<\/p>\n","protected":false},"author":2,"featured_media":13467,"comment_status":"open","ping_status":"open","sticky":false,"template":"","format":"standard","meta":{"footnotes":""},"categories":[37],"tags":[],"class_list":["post-13466","post","type-post","status-publish","format-standard","has-post-thumbnail","hentry","category-orta-dogu-haberleri"],"_links":{"self":[{"href":"https:\/\/fajr.news\/index.php?rest_route=\/wp\/v2\/posts\/13466","targetHints":{"allow":["GET"]}}],"collection":[{"href":"https:\/\/fajr.news\/index.php?rest_route=\/wp\/v2\/posts"}],"about":[{"href":"https:\/\/fajr.news\/index.php?rest_route=\/wp\/v2\/types\/post"}],"author":[{"embeddable":true,"href":"https:\/\/fajr.news\/index.php?rest_route=\/wp\/v2\/users\/2"}],"replies":[{"embeddable":true,"href":"https:\/\/fajr.news\/index.php?rest_route=%2Fwp%2Fv2%2Fcomments&post=13466"}],"version-history":[{"count":0,"href":"https:\/\/fajr.news\/index.php?rest_route=\/wp\/v2\/posts\/13466\/revisions"}],"wp:featuredmedia":[{"embeddable":true,"href":"https:\/\/fajr.news\/index.php?rest_route=\/wp\/v2\/media\/13467"}],"wp:attachment":[{"href":"https:\/\/fajr.news\/index.php?rest_route=%2Fwp%2Fv2%2Fmedia&parent=13466"}],"wp:term":[{"taxonomy":"category","embeddable":true,"href":"https:\/\/fajr.news\/index.php?rest_route=%2Fwp%2Fv2%2Fcategories&post=13466"},{"taxonomy":"post_tag","embeddable":true,"href":"https:\/\/fajr.news\/index.php?rest_route=%2Fwp%2Fv2%2Ftags&post=13466"}],"curies":[{"name":"wp","href":"https:\/\/api.w.org\/{rel}","templated":true}]}}