{"id":13460,"date":"2026-04-30T13:09:42","date_gmt":"2026-04-30T09:39:42","guid":{"rendered":"https:\/\/fajr.news\/?p=13460"},"modified":"2026-04-30T13:09:42","modified_gmt":"2026-04-30T09:39:42","slug":"ortadogudaki-kesintiler-kargo-tasimaciligini-vurdu-talep-48-dustu","status":"publish","type":"post","link":"https:\/\/fajr.news\/?p=13460&lang=tr","title":{"rendered":"Ortado\u011fu&#8217;daki Kesintiler Kargo Ta\u015f\u0131mac\u0131l\u0131\u011f\u0131n\u0131 Vurdu, Talep %4,8 D\u00fc\u015ft\u00fc"},"content":{"rendered":"<p><strong>Cenevre<\/strong> \u2013 Uluslararas\u0131 Hava Ta\u015f\u0131mac\u0131l\u0131\u011f\u0131 Birli\u011fi (IATA), Mart 2026 k\u00fcresel hava kargo pazarlar\u0131na ili\u015fkin verileri a\u00e7\u0131klad\u0131. Bu verilere g\u00f6re:<\/p>\n<ul>\n<li>Kargo ton-kilometre (CTK) cinsinden \u00f6l\u00e7\u00fclen toplam talep, Mart 2025 seviyelerine k\u0131yasla <strong>%4,8 oran\u0131nda azald\u0131<\/strong> (uluslararas\u0131 operasyonlarda %5,5 d\u00fc\u015f\u00fc\u015f).<\/li>\n<li>Mevcut kargo ton-kilometre (ACTK) cinsinden \u00f6l\u00e7\u00fclen kapasite ise Mart 2025&#8217;e g\u00f6re <strong>%4,7 oran\u0131nda geriledi<\/strong> (uluslararas\u0131 operasyonlarda %6,8 d\u00fc\u015f\u00fc\u015f).<\/li>\n<\/ul>\n<p>IATA Genel Direkt\u00f6r\u00fc Willie Walsh, konuya ili\u015fkin yapt\u0131\u011f\u0131 a\u00e7\u0131klamada, &#8220;Mart ay\u0131nda hava kargo talebi bir \u00f6nceki y\u0131la g\u00f6re %4,8 d\u00fc\u015ft\u00fc. Bu d\u00fc\u015f\u00fc\u015f\u00fcn temel nedeni, <strong>Ortado\u011fu&#8217;daki sava\u015f nedeniyle b\u00fcy\u00fck K\u00f6rfez merkezlerinde ya\u015fanan ciddi aksakl\u0131klard\u0131<\/strong>. Geleneksel Ay Yeni Y\u0131l\u0131 sonras\u0131 yava\u015flaman\u0131n zamanlamas\u0131 da bu gerilemeye katk\u0131da bulundu. Mevcut durumda, temel talep e\u011filimleri g\u00fc\u00e7l\u00fc g\u00f6r\u00fcnmekte olup, D\u00fcnya Ticaret \u00d6rg\u00fct\u00fc ve Uluslararas\u0131 Para Fonu&#8217;nun ticaret ve GSY\u0130H projeksiyonlar\u0131na ili\u015fkin son revizyonlar\u0131 2026&#8217;da b\u00fcy\u00fcmenin devam edece\u011fini g\u00f6stermektedir. \u00d6nemli olan, hava kargo a\u011flar\u0131n\u0131n jeopolitik, tarife ve operasyonel gerilimlere uyum sa\u011flarken k\u00fcresel tedarik zincirlerini desteklemek i\u00e7in gereken esnekli\u011fi sa\u011flamas\u0131d\u0131r. \u00d6n\u00fcm\u00fczdeki aylarda sekt\u00f6r\u00fcn direncini test etmesi beklenen yak\u0131t tedariki ve fiyatlar\u0131 t\u00fcm dikkatleri \u00fczerine \u00e7ekmektedir,&#8221; ifadelerini kulland\u0131.<\/p>\n<h2><span style=\"color:#000080\">Operasyonel Ortamdaki \u00d6nemli Fakt\u00f6rler<\/span><\/h2>\n<p>Operasyonel ortamdaki baz\u0131 \u00f6nemli fakt\u00f6rler dikkat \u00e7ekmektedir:<\/p>\n<ul>\n<li>\u015eubat ay\u0131nda k\u00fcresel sanayi \u00fcretimi y\u0131ll\u0131k bazda <strong>%3,1 b\u00fcy\u00fcyerek<\/strong> art arda 38. ay geni\u015flemeyi kaydetti.<\/li>\n<li>K\u00fcresel mal ticareti \u015eubat ay\u0131nda y\u0131ll\u0131k bazda <strong>%8,0 artt\u0131<\/strong>.<\/li>\n<li>Mart ay\u0131nda jet yak\u0131t\u0131 fiyatlar\u0131 y\u0131ll\u0131k bazda <strong>%106,6 keskin bir art\u0131\u015f<\/strong> g\u00f6sterirken, ham petrol fiyatlar\u0131 %43,1 ve rafineri marjlar\u0131 %320 oran\u0131nda y\u00fckseldi.<\/li>\n<li>K\u00fcresel imalat sekt\u00f6r\u00fc duyarl\u0131l\u0131\u011f\u0131 Mart ay\u0131nda b\u00fcy\u00fcme b\u00f6lgesinde kalmaya devam etti, ancak \u015eubat ay\u0131na g\u00f6re hafif bir gev\u015feme ya\u015fand\u0131. Sat\u0131n Alma Y\u00f6neticileri Endeksi (PMI) 51,4 seviyesinde ger\u00e7ekle\u015fti. Yeni ihracat sipari\u015fleri i\u00e7in PMI ise 50,1\u2014her ikisi de 50 puanl\u0131k geni\u015fleme e\u015fi\u011finin \u00fczerinde olup, hava kargo talebi i\u00e7in olumlu ko\u015fullara i\u015faret etmektedir.<\/li>\n<\/ul>\n<h2><span style=\"color:#000080\">Hava Kargo Pazar\u0131 Detaylar\u0131 &#8211; Mart 2026<\/span><\/h2>\n<p>Mart 2026 verileri (%y\u0131ll\u0131k bazda) a\u015fa\u011f\u0131daki gibidir:<\/p>\n<table border=\"1\" style=\"width:100%;border-collapse: collapse\">\n<thead>\n<tr>\n<th>B\u00f6lge<\/th>\n<th>Pazar Pay\u0131 (*1)<\/th>\n<th>Talep De\u011fi\u015fimi<\/th>\n<th>Kapasite De\u011fi\u015fimi<\/th>\n<th>Y\u00fck Fakt\u00f6r\u00fc De\u011fi\u015fimi (*2)<\/th>\n<th>Y\u00fck Fakt\u00f6r\u00fc Seviyesi (*3)<\/th>\n<\/tr>\n<\/thead>\n<tbody>\n<tr>\n<td><strong>Toplam Pazar<\/strong><\/td>\n<td>100%<\/td>\n<td>-4.8%<\/td>\n<td>-4.7%<\/td>\n<td>-0.1<\/td>\n<td>47.9%<\/td>\n<\/tr>\n<tr>\n<td>Afrika<\/td>\n<td>2.1%<\/td>\n<td>7.0%<\/td>\n<td>-4.6%<\/td>\n<td>5.4<\/td>\n<td>49.6%<\/td>\n<\/tr>\n<tr>\n<td>Asya Pasifik<\/td>\n<td>36.0%<\/td>\n<td>5.4%<\/td>\n<td>5.0%<\/td>\n<td>0.2<\/td>\n<td>48.9%<\/td>\n<\/tr>\n<tr>\n<td>Avrupa<\/td>\n<td>21.3%<\/td>\n<td>2.2%<\/td>\n<td>4.2%<\/td>\n<td>-1.1<\/td>\n<td>59.9%<\/td>\n<\/tr>\n<tr>\n<td>Latin Amerika ve Karayipler<\/td>\n<td>2.9%<\/td>\n<td>1.8%<\/td>\n<td>5.1%<\/td>\n<td>-1.3<\/td>\n<td>38.3%<\/td>\n<\/tr>\n<tr>\n<td><strong>Ortado\u011fu<\/strong><\/td>\n<td>13.2%<\/td>\n<td><strong>-54.3%<\/strong><\/td>\n<td><strong>-52.4%<\/strong><\/td>\n<td>-1.9<\/td>\n<td>45.7%<\/td>\n<\/tr>\n<tr>\n<td>Kuzey Amerika<\/td>\n<td>24.5%<\/td>\n<td>-1.2%<\/td>\n<td>-1.1%<\/td>\n<td>0.0<\/td>\n<td>40.6%<\/td>\n<\/tr>\n<\/tbody>\n<\/table>\n<p><small>(*1) 2025 y\u0131l\u0131ndaki sekt\u00f6r CTK&#8217;s\u0131n\u0131n y\u00fczdesi (*2) Y\u00fck fakt\u00f6r\u00fcndeki y\u0131ll\u0131k de\u011fi\u015fim (*3) Y\u00fck fakt\u00f6r\u00fc seviyesi<\/small><\/p>\n<h2><span style=\"color:#000080\">Mart Ay\u0131 B\u00f6lgesel Performans<\/span><\/h2>\n<ul>\n<li><strong>Asya-Pasifik<\/strong> havayollar\u0131, Mart ay\u0131nda hava kargo talebinde y\u0131ll\u0131k bazda %5,4 b\u00fcy\u00fcme kaydetti. Kapasite ise y\u0131ll\u0131k bazda %5,0 artt\u0131.<\/li>\n<li><strong>Kuzey Amerikal\u0131<\/strong> ta\u015f\u0131y\u0131c\u0131lar, Mart ay\u0131nda hava kargo talebinde y\u0131ll\u0131k bazda %1,2 d\u00fc\u015f\u00fc\u015f ya\u015fad\u0131. Kapasite y\u0131ll\u0131k bazda %1,1 azald\u0131.<\/li>\n<li><strong>Avrupal\u0131<\/strong> ta\u015f\u0131y\u0131c\u0131lar, Mart ay\u0131nda hava kargo talebinde y\u0131ll\u0131k bazda %2,2 art\u0131\u015f g\u00f6rd\u00fc. Kapasite y\u0131ll\u0131k bazda %4,2 artt\u0131.<\/li>\n<li><strong>Ortado\u011fulu<\/strong> ta\u015f\u0131y\u0131c\u0131lar, Mart ay\u0131nda hava kargo talebinde y\u0131ll\u0131k bazda <strong>%54,3 gibi rekor bir d\u00fc\u015f\u00fc\u015f<\/strong> ya\u015fad\u0131 ve t\u00fcm b\u00f6lgeler aras\u0131nda en zay\u0131f performans\u0131 sergiledi. Kapasite y\u0131ll\u0131k bazda %52,4 azald\u0131.<\/li>\n<li><strong>Latin Amerika ve Karayipler<\/strong> ta\u015f\u0131y\u0131c\u0131lar\u0131, Mart ay\u0131nda hava kargo talebinde y\u0131ll\u0131k bazda %1,8 art\u0131\u015f kaydetti. Kapasite y\u0131ll\u0131k bazda %5,1 artt\u0131.<\/li>\n<li><strong>Afrikal\u0131<\/strong> havayollar\u0131, Mart ay\u0131nda hava kargo talebinde y\u0131ll\u0131k bazda %7,0 art\u0131\u015fla t\u00fcm b\u00f6lgeler aras\u0131nda en g\u00fc\u00e7l\u00fc y\u00fckseli\u015fi kaydetti. Kapasite y\u0131ll\u0131k bazda %4,6 azald\u0131.<\/li>\n<\/ul>\n<h2><span style=\"color:#000080\">Ticaret Yolu B\u00fcy\u00fcmesi<\/span><\/h2>\n<p>Mart ay\u0131nda hava kargo performans\u0131, ba\u015fl\u0131ca ticaret yollar\u0131nda farkl\u0131l\u0131k g\u00f6sterdi. Afrika-Asya hatt\u0131 b\u00fcy\u00fcmeye \u00f6nc\u00fcl\u00fck ederken, onu Asya-Avrupa takip etti ve Asya i\u00e7i ticaret de b\u00f6lgesel olarak g\u00fc\u00e7l\u00fc kald\u0131. Buna kar\u015f\u0131l\u0131k, <strong>K\u00f6rfez ba\u011flant\u0131l\u0131 koridorlar, Ortado\u011fu&#8217;daki devam eden \u00e7at\u0131\u015fmalar nedeniyle ciddi \u015fekilde aksad\u0131<\/strong>.<\/p>\n<table border=\"1\" style=\"width:100%;border-collapse: collapse\">\n<thead>\n<tr>\n<th>Ticaret Yolu<\/th>\n<th>De\u011fi\u015fim<\/th>\n<th>Not<\/th>\n<th>Pazar Pay\u0131*<\/th>\n<\/tr>\n<\/thead>\n<tbody>\n<tr>\n<td>Afrika-Asya<\/td>\n<td>+22.6%<\/td>\n<td>9 ard\u0131\u015f\u0131k ay b\u00fcy\u00fcme<\/td>\n<td>1.3%<\/td>\n<\/tr>\n<tr>\n<td>Asya-Kuzey Amerika<\/td>\n<td>+0.8%<\/td>\n<td>2 ard\u0131\u015f\u0131k ay b\u00fcy\u00fcme<\/td>\n<td>23.4%<\/td>\n<\/tr>\n<tr>\n<td>Avrupa-Asya<\/td>\n<td>+14.2%<\/td>\n<td>37 ard\u0131\u015f\u0131k ay b\u00fcy\u00fcme<\/td>\n<td>21.5%<\/td>\n<\/tr>\n<tr>\n<td><strong>Avrupa-Ortado\u011fu<\/strong><\/td>\n<td><strong>-57.6%<\/strong><\/td>\n<td>1 ay daralma<\/td>\n<td>5.2%<\/td>\n<\/tr>\n<tr>\n<td>Avrupa-Kuzey Amerika<\/td>\n<td>-3.4%<\/td>\n<td>1 ay daralma<\/td>\n<td>13.5%<\/td>\n<\/tr>\n<tr>\n<td><strong>Ortado\u011fu-Asya<\/strong><\/td>\n<td><strong>-58.6%<\/strong><\/td>\n<td>1 ay daralma<\/td>\n<td>7.4%<\/td>\n<\/tr>\n<tr>\n<td>Asya \u0130\u00e7i<\/td>\n<td>+7.5%<\/td>\n<td>29 ard\u0131\u015f\u0131k ay b\u00fcy\u00fcme<\/td>\n<td>7.3%<\/td>\n<\/tr>\n<tr>\n<td>Avrupa \u0130\u00e7i<\/td>\n<td>+2.3%<\/td>\n<td>2 ard\u0131\u015f\u0131k ay b\u00fcy\u00fcme<\/td>\n<td>1.9%<\/td>\n<\/tr>\n<\/tbody>\n<\/table>\n<p><small>*Pazar pay\u0131, 2025 y\u0131l\u0131 tam CTK&#8217;lar\u0131na dayanmaktad\u0131r.<\/small><\/p>\n<p>#HavaKargo #Ortado\u011fu #Ekonomi #Ticaret #IATA #K\u00fcreselTedarikZinciri #Yak\u0131tFiyatlar\u0131 #Lojistik #Jeopolitik #Mart2026<\/p>\n","protected":false},"excerpt":{"rendered":"<p>Cenevre \u2013 Uluslararas\u0131 Hava Ta\u015f\u0131mac\u0131l\u0131\u011f\u0131 Birli\u011fi (IATA), Mart 2026 k\u00fcresel hava kargo pazarlar\u0131na ili\u015fkin verileri a\u00e7\u0131klad\u0131. Bu verilere g\u00f6re: Kargo ton-kilometre (CTK) cinsinden \u00f6l\u00e7\u00fclen toplam talep, Mart 2025 seviyelerine k\u0131yasla %4,8 oran\u0131nda azald\u0131 (uluslararas\u0131 operasyonlarda %5,5 d\u00fc\u015f\u00fc\u015f). Mevcut kargo ton-kilometre (ACTK) cinsinden \u00f6l\u00e7\u00fclen kapasite ise Mart 2025&#8217;e g\u00f6re %4,7 oran\u0131nda geriledi (uluslararas\u0131 operasyonlarda %6,8 d\u00fc\u015f\u00fc\u015f). [&hellip;]<\/p>\n","protected":false},"author":2,"featured_media":0,"comment_status":"open","ping_status":"open","sticky":false,"template":"","format":"standard","meta":{"footnotes":""},"categories":[37],"tags":[],"class_list":["post-13460","post","type-post","status-publish","format-standard","hentry","category-orta-dogu-haberleri"],"_links":{"self":[{"href":"https:\/\/fajr.news\/index.php?rest_route=\/wp\/v2\/posts\/13460","targetHints":{"allow":["GET"]}}],"collection":[{"href":"https:\/\/fajr.news\/index.php?rest_route=\/wp\/v2\/posts"}],"about":[{"href":"https:\/\/fajr.news\/index.php?rest_route=\/wp\/v2\/types\/post"}],"author":[{"embeddable":true,"href":"https:\/\/fajr.news\/index.php?rest_route=\/wp\/v2\/users\/2"}],"replies":[{"embeddable":true,"href":"https:\/\/fajr.news\/index.php?rest_route=%2Fwp%2Fv2%2Fcomments&post=13460"}],"version-history":[{"count":0,"href":"https:\/\/fajr.news\/index.php?rest_route=\/wp\/v2\/posts\/13460\/revisions"}],"wp:attachment":[{"href":"https:\/\/fajr.news\/index.php?rest_route=%2Fwp%2Fv2%2Fmedia&parent=13460"}],"wp:term":[{"taxonomy":"category","embeddable":true,"href":"https:\/\/fajr.news\/index.php?rest_route=%2Fwp%2Fv2%2Fcategories&post=13460"},{"taxonomy":"post_tag","embeddable":true,"href":"https:\/\/fajr.news\/index.php?rest_route=%2Fwp%2Fv2%2Ftags&post=13460"}],"curies":[{"name":"wp","href":"https:\/\/api.w.org\/{rel}","templated":true}]}}