{"id":13447,"date":"2026-04-30T12:59:42","date_gmt":"2026-04-30T09:29:42","guid":{"rendered":"https:\/\/fajr.news\/?p=13447"},"modified":"2026-04-30T12:59:42","modified_gmt":"2026-04-30T09:29:42","slug":"gm-kore-guney-kore-operasyonlarina-bagliligini-yeniden-teyit-etti-orta-dogu-catismasi-kesintiye-yol-acmadi","status":"publish","type":"post","link":"https:\/\/fajr.news\/?p=13447&lang=tr","title":{"rendered":"GM Kore, G\u00fcney Kore Operasyonlar\u0131na Ba\u011fl\u0131l\u0131\u011f\u0131n\u0131 Yeniden Teyit Etti; Orta Do\u011fu \u00c7at\u0131\u015fmas\u0131 Kesintiye Yol A\u00e7mad\u0131"},"content":{"rendered":"<p><strong>CHANGWON, G\u00fcney Kore<\/strong> \u2013 General Motors Co.&#8217;nun (GM) G\u00fcney Kore birimi GM Kore, piyasadaki olas\u0131 bir \u00e7\u0131k\u0131\u015fa dair \u0131srarl\u0131 s\u00f6ylentileri reddederek operasyonlar\u0131n\u0131 s\u00fcrd\u00fcrme taahh\u00fcd\u00fcn\u00fc yeniden teyit etti. \u015eirket ayr\u0131ca, Orta Do\u011fu&#8217;daki devam eden jeopolitik gerilimlerin \u00fcretim veya tedarik zincirlerinde herhangi bir aksakl\u0131\u011fa neden olmad\u0131\u011f\u0131n\u0131 belirtti.<\/p>\n<p>Bu g\u00fcvence, bu hafta ba\u015flar\u0131nda Seul&#8217;\u00fcn yakla\u015f\u0131k 300 kilometre g\u00fcneydo\u011fusundaki Changwon&#8217;da d\u00fczenlenen bir medya turu s\u0131ras\u0131nda geldi. GM Kore y\u00f6neticileri, yerel tesislerdeki istikrarl\u0131 \u00fcretimi ve devam eden yat\u0131r\u0131mlar\u0131 vurgulad\u0131.<\/p>\n<h2>\u00c7ekilme \u0130ddialar\u0131 As\u0131ls\u0131z<\/h2>\n<p>GM&#8217;in uluslararas\u0131 operasyonlar\u0131ndan sorumlu \u00fcretim ba\u015fkan yard\u0131mc\u0131s\u0131 Asif Khatri, G\u00fcney Kore&#8217;den \u00e7ekilme spek\u00fclasyonlar\u0131n\u0131n as\u0131ls\u0131z oldu\u011funu belirterek, \u00fclkedeki \u015firket fabrikalar\u0131n\u0131n tam kapasiteyle \u00e7al\u0131\u015ft\u0131\u011f\u0131n\u0131 vurgulad\u0131. Khatri, Sal\u0131 g\u00fcn\u00fc GM Kore&#8217;nin Changwon fabrikas\u0131nda d\u00fczenlenen bir bas\u0131n toplant\u0131s\u0131nda, &#8220;Bunun yanl\u0131\u015f oldu\u011funu s\u00f6yleyebilirim. Kore genelinde be\u015f tesisimiz var. Hepsi maksimum kapasiteyle \u00e7al\u0131\u015f\u0131yor. \u015eu anda yeterince \u00fcretim yapam\u0131yoruz,&#8221; dedi.<\/p>\n<p>Bu a\u00e7\u0131klamalar, GM&#8217;in Mart ay\u0131nda \u00fcretim tesislerini modernize etmek ve \u00fclkenin GM&#8217;in k\u00fc\u00e7\u00fck spor arazi ara\u00e7lar\u0131 (SUV) i\u00e7in k\u00fcresel bir merkez rol\u00fcn\u00fc peki\u015ftirmek amac\u0131yla 600 milyon dolarl\u0131k bir yat\u0131r\u0131m plan\u0131 duyurmas\u0131n\u0131n ard\u0131ndan geldi.<\/p>\n<p>Duyuru, ABD Ba\u015fkan\u0131 Donald Trump y\u00f6netimi alt\u0131nda uygulanan tarife politikalar\u0131na ba\u011fl\u0131 artan ticari belirsizlikler nedeniyle GM&#8217;in G\u00fcney Kore&#8217;deki \u00fcretim ayak izini azaltabilece\u011fi veya ortadan kald\u0131rabilece\u011fi y\u00f6n\u00fcndeki sekt\u00f6r spek\u00fclasyonlar\u0131 aras\u0131nda yap\u0131lm\u0131\u015ft\u0131. GM Kore, yerel olarak \u00fcretilen ara\u00e7lar\u0131n\u0131n yakla\u015f\u0131k 410.000 adedini y\u0131ll\u0131k olarak ihra\u00e7 etmekte olup, bunlar\u0131n yakla\u015f\u0131k y\u00fczde 85&#8217;i Amerika Birle\u015fik Devletleri&#8217;ne g\u00f6nderiliyor.<\/p>\n<p>Khatri, GM&#8217;in devam eden yat\u0131r\u0131mlar\u0131n\u0131n Kore&#8217;ye olan uzun vadeli ba\u011fl\u0131l\u0131\u011f\u0131n\u0131 g\u00f6sterdi\u011fini vurgulayarak, &#8220;Yat\u0131r\u0131m geliyor. Yakla\u015f\u0131k 5.200 tonluk yepyeni bir pres hatt\u0131 kuruyoruz. Burada kalmaya devam edece\u011fimizi size s\u00f6ylemek i\u00e7in buraday\u0131m,&#8221; dedi.<\/p>\n<h2>Orta Do\u011fu Gerilimi Etkisiz<\/h2>\n<p>\u015eirkete g\u00f6re, ABD-\u0130ran \u00e7at\u0131\u015fmas\u0131 nedeniyle Orta Do\u011fu&#8217;da artan gerilimlere ra\u011fmen, GM Kore \u00fcretim veya par\u00e7a tedarikinde herhangi bir do\u011frudan olumsuz etki ya\u015famad\u0131. Khatri, &#8220;\u015eimdiye kadar herhangi bir olumsuz etki g\u00f6rmedik ve \u00fcretim operasyonlar\u0131m\u0131zda herhangi bir aksakl\u0131k olmad\u0131. Planlad\u0131\u011f\u0131m\u0131z gibi \u00fcretmeye devam ediyoruz,&#8221; dedi.<\/p>\n<p>Operasyonel istikrar\u0131, \u015firketin proaktif tedarik zinciri y\u00f6netimine ve G\u00fcney Kore h\u00fck\u00fcmetinin deste\u011fine ba\u011flad\u0131. GM Kore sat\u0131n alma ba\u015fkan yard\u0131mc\u0131s\u0131 Bang Sun-il, \u015firketin istikrarl\u0131 tedarik\u00e7i y\u00f6netimi sayesinde fabrikalar\u0131n\u0131 &#8220;kesintisiz&#8221; \u00e7al\u0131\u015ft\u0131rmaya devam etti\u011fini belirtti.<\/p>\n<h2>Changwon Tesisi K\u00fcresel Stratejinin Merkezi<\/h2>\n<p>Changwon fabrikas\u0131, GM Kore&#8217;nin k\u00fcresel \u00fcretim stratejisinin merkezinde yer al\u0131yor ve kompakt SUV&#8217;lar i\u00e7in \u00f6nemli bir merkez olarak hizmet veriyor. 1991&#8217;de a\u00e7\u0131lan tesis, y\u0131ll\u0131k yakla\u015f\u0131k 280.000 adet \u00fcretim kapasitesine sahip ve yakla\u015f\u0131k 3.500 i\u015f\u00e7i istihdam ediyor.<\/p>\n<p>2020-2023 y\u0131llar\u0131 aras\u0131nda 3 trilyon won&#8217;dan (2,03 milyar dolar) fazla k\u00fcm\u00fclatif yat\u0131r\u0131mlarla desteklenen GM Kore, k\u00fc\u00e7\u00fck SUV&#8217;lar i\u00e7in k\u00fcresel bir \u00fcretim \u00fcss\u00fc haline geldi. Trax Crossover ve Trailblazer&#8217;\u0131n toplam \u00fcretimi 2 milyon adedi a\u015ft\u0131. Bu modeller, ge\u00e7en y\u0131l ABD pazar\u0131nda 422.792 adetlik kombine sat\u0131\u015fla k\u00fc\u00e7\u00fck SUV segmentinde y\u00fczde 43 pazar pay\u0131 elde ederek g\u00fc\u00e7l\u00fc bir performans sergiledi ve istikrarl\u0131 k\u00fcresel talebi g\u00f6sterdi.<\/p>\n<p>Seul&#8217;\u00fcn bat\u0131s\u0131ndaki \u0130ncheon&#8217;daki Bupyeong ve Boryeong&#8217;daki fabrikalar da dahil olmak \u00fczere GM Kore&#8217;nin geni\u015f \u00fcretim ayak izi, g\u00fc\u00e7l\u00fc k\u00fcresel talebi yans\u0131tarak maksimum kapasiteye yak\u0131n \u00e7al\u0131\u015f\u0131yor. GM Kore \u00fcretim operasyonlar\u0131 ba\u015fkan yard\u0131mc\u0131s\u0131 Lee Dong-woo, &#8220;GM Kore&#8217;nin Bupyeong ve Changwon fabrikalar\u0131, geli\u015fmi\u015f otomasyon sistemleri ve d\u00fcnya standartlar\u0131nda kalite rekabet\u00e7ili\u011fi ile GM&#8217;in k\u00fcresel k\u00fc\u00e7\u00fck SUV&#8217;lar\u0131 i\u00e7in \u00e7ekirdek \u00fcretim \u00fcsleri haline geldi. Son derece geli\u015fmi\u015f \u00fcretim ortamlar\u0131 ve istikrarl\u0131 \u00fcretim sistemleri ile \u00e7e\u015fitli k\u00fcresel pazar taleplerine esnek bir \u015fekilde yan\u0131t veriyoruz,&#8221; dedi.<\/p>\n<p>Gelecekteki yat\u0131r\u0131mlar konusunda GM Kore, k\u00e2rl\u0131l\u0131\u011f\u0131 ve pazar talebini \u00f6nceliklendirerek elektrikli ara\u00e7lar da dahil olmak \u00fczere f\u0131rsatlar\u0131 de\u011ferlendirmeye devam edece\u011fini belirtti. Khatri, &#8220;\u00dcretti\u011fimiz ara\u00e7lara \u00e7ok g\u00fc\u00e7l\u00fc bir talep var. Asl\u0131nda kar\u015f\u0131lanamayan bir talebimiz var. Rehavete kap\u0131lm\u0131yoruz. \u00dcr\u00fcnlerimizi piyasada alakal\u0131 tutmaya ve m\u00fc\u015fterilerimizin beklentilerini kar\u015f\u0131lamaya devam edece\u011fiz,&#8221; dedi.<\/p>\n<p>#GMKore #G\u00fcneyKore #Otomotiv #\u00dcretim #SUV #Yat\u0131r\u0131m #TedarikZinciri #Changwon #OtomobilEnd\u00fcstrisi #K\u00fcreselPazar<\/p>\n","protected":false},"excerpt":{"rendered":"<p>CHANGWON, G\u00fcney Kore \u2013 General Motors Co.&#8217;nun (GM) G\u00fcney Kore birimi GM Kore, piyasadaki olas\u0131 bir \u00e7\u0131k\u0131\u015fa dair \u0131srarl\u0131 s\u00f6ylentileri reddederek operasyonlar\u0131n\u0131 s\u00fcrd\u00fcrme taahh\u00fcd\u00fcn\u00fc yeniden teyit etti. \u015eirket ayr\u0131ca, Orta Do\u011fu&#8217;daki devam eden jeopolitik gerilimlerin \u00fcretim veya tedarik zincirlerinde herhangi bir aksakl\u0131\u011fa neden olmad\u0131\u011f\u0131n\u0131 belirtti. Bu g\u00fcvence, bu hafta ba\u015flar\u0131nda Seul&#8217;\u00fcn yakla\u015f\u0131k 300 kilometre g\u00fcneydo\u011fusundaki [&hellip;]<\/p>\n","protected":false},"author":2,"featured_media":13448,"comment_status":"open","ping_status":"open","sticky":false,"template":"","format":"standard","meta":{"footnotes":""},"categories":[37],"tags":[],"class_list":["post-13447","post","type-post","status-publish","format-standard","has-post-thumbnail","hentry","category-orta-dogu-haberleri"],"_links":{"self":[{"href":"https:\/\/fajr.news\/index.php?rest_route=\/wp\/v2\/posts\/13447","targetHints":{"allow":["GET"]}}],"collection":[{"href":"https:\/\/fajr.news\/index.php?rest_route=\/wp\/v2\/posts"}],"about":[{"href":"https:\/\/fajr.news\/index.php?rest_route=\/wp\/v2\/types\/post"}],"author":[{"embeddable":true,"href":"https:\/\/fajr.news\/index.php?rest_route=\/wp\/v2\/users\/2"}],"replies":[{"embeddable":true,"href":"https:\/\/fajr.news\/index.php?rest_route=%2Fwp%2Fv2%2Fcomments&post=13447"}],"version-history":[{"count":0,"href":"https:\/\/fajr.news\/index.php?rest_route=\/wp\/v2\/posts\/13447\/revisions"}],"wp:featuredmedia":[{"embeddable":true,"href":"https:\/\/fajr.news\/index.php?rest_route=\/wp\/v2\/media\/13448"}],"wp:attachment":[{"href":"https:\/\/fajr.news\/index.php?rest_route=%2Fwp%2Fv2%2Fmedia&parent=13447"}],"wp:term":[{"taxonomy":"category","embeddable":true,"href":"https:\/\/fajr.news\/index.php?rest_route=%2Fwp%2Fv2%2Fcategories&post=13447"},{"taxonomy":"post_tag","embeddable":true,"href":"https:\/\/fajr.news\/index.php?rest_route=%2Fwp%2Fv2%2Ftags&post=13447"}],"curies":[{"name":"wp","href":"https:\/\/api.w.org\/{rel}","templated":true}]}}