{"id":13439,"date":"2026-04-30T12:49:24","date_gmt":"2026-04-30T09:19:24","guid":{"rendered":"https:\/\/fajr.news\/?p=13439"},"modified":"2026-04-30T12:49:24","modified_gmt":"2026-04-30T09:19:24","slug":"jeffrey-epstein-ozel-adasinda-bir-cami-mi-insa-ediyordu-kayitlar-ortadogudan-getirilen-nadir-islami-eserleri-ortaya-koyuyor","status":"publish","type":"post","link":"https:\/\/fajr.news\/?p=13439&lang=tr","title":{"rendered":"Jeffrey Epstein \u00f6zel adas\u0131nda bir &#8216;cami&#8217; mi in\u015fa ediyordu? Kay\u0131tlar, Ortado\u011fu&#8217;dan getirilen nadir \u0130slami eserleri ortaya koyuyor."},"content":{"rendered":"<p>Skandallar\u0131yla tan\u0131nan finans\u00e7\u0131 Jeffrey Epstein&#8217;\u0131n, Karayip&#8217;teki \u00f6zel adas\u0131nda s\u0131ra d\u0131\u015f\u0131 bir yap\u0131 i\u00e7in nadir \u0130slami eserler edinirken, Ortado\u011fu genelinde ba\u011flant\u0131lar kurmak i\u00e7in y\u0131llar harcad\u0131\u011f\u0131 ortaya \u00e7\u0131kt\u0131. New York Times&#8217;\u0131n haberine g\u00f6re, bu bilgiler ABD Adalet Bakanl\u0131\u011f\u0131 taraf\u0131ndan bu y\u0131l Ocak ay\u0131nda yay\u0131nlanan milyonlarca sayfal\u0131k belgede g\u00fcn y\u00fcz\u00fcne \u00e7\u0131kt\u0131. Belgeler, Epstein&#8217;\u0131n b\u00f6lgedeki zengin ve g\u00fc\u00e7l\u00fc isimlerle ili\u015fkiler geli\u015ftirirken \u0130slami sanat ve mimariye nas\u0131l odakland\u0131\u011f\u0131n\u0131 g\u00f6steriyor.<\/p>\n<h2><strong style=\"color: #003366\">Kutsal ve Tarihi Mekanlardan Nadir Eserler<\/strong><\/h2>\n<p>Kay\u0131tlara g\u00f6re, Epstein, \u0130slam&#8217;\u0131n en kutsal mekan\u0131 olan Mekke&#8217;deki K\u00e2be&#8217;den g\u00f6nderilen Kur&#8217;an ayetleriyle i\u015flenmi\u015f duvar hal\u0131lar\u0131 da dahil olmak \u00fczere son derece \u00f6nemli dini ve k\u00fclt\u00fcrel \u00f6\u011feler temin etti. New York Times&#8217;\u0131n bildirdi\u011fine g\u00f6re, di\u011fer \u00f6\u011feler aras\u0131nda \u00d6zbekistan&#8217;daki bir camiden temin edilen \u00e7iniler ve antik Suriye mimari tarzlar\u0131n\u0131 taklit etmek \u00fczere tasarlanm\u0131\u015f alt\u0131n kubbeli bir yap\u0131 bulunuyordu. Bir belge, Epstein&#8217;\u0131n K\u00e2be ile ba\u011flant\u0131l\u0131 \u00fc\u00e7 par\u00e7a ald\u0131\u011f\u0131n\u0131, bunlar\u0131n aras\u0131nda kutsal t\u00fcrbeyi \u00f6rten ve her y\u0131l de\u011fi\u015ftirilen siyah \u00f6rt\u00fc olan Kisve&#8217;nin b\u00f6l\u00fcmlerinin de yer ald\u0131\u011f\u0131n\u0131 detayland\u0131r\u0131yor. Kisve, Suudi Arabistan&#8217;daki kraliyet at\u00f6lyesinde binlerce pound ipek, alt\u0131n ve g\u00fcm\u00fc\u015f iplik kullan\u0131larak \u00fcretilmektedir. De\u011fi\u015ftirildikten sonra, \u00f6rt\u00fcn\u00fcn baz\u0131 b\u00f6l\u00fcmleri bazen kurumlara veya ki\u015filere da\u011f\u0131t\u0131lmaktad\u0131r.<\/p>\n<h2><strong style=\"color: #003366\">Epstein&#8217;\u0131n \u00d6zel Adas\u0131nda Bir &#8216;Cami&#8217;<\/strong><\/h2>\n<p>Bu malzemeler, Epstein&#8217;\u0131n \u00f6zel adas\u0131 Little Saint James&#8217;te, alt\u0131n kubbeli, kendine \u00f6zg\u00fc mavi-beyaz \u00e7izgili bir bina i\u00e7in tasarlanm\u0131\u015ft\u0131. Y\u0131llar i\u00e7inde bu yap\u0131, m\u00fczik odas\u0131, k\u00f6\u015fk, \u015fapel ve hatta ok\u00fclt bir mekan olarak \u00e7e\u015fitli \u015fekillerde tan\u0131mland\u0131. Ancak, belgelerde al\u0131nt\u0131lanan yaz\u0131\u015fmalar ve r\u00f6portajlar, Epstein&#8217;\u0131n bu yap\u0131ya defalarca &#8216;cami&#8217; olarak at\u0131fta bulundu\u011funu g\u00f6steriyor. Epstein i\u00e7in bu bina, i\u015flevsel bir ibadethane olarak de\u011fil, \u0130slami tasar\u0131mdan ilham alan mimari ve sanatsal bir proje olarak d\u00fc\u015f\u00fcn\u00fclm\u00fc\u015ft\u00fc. New York Times&#8217;a g\u00f6re, projede yer alan bir sanat\u00e7\u0131, bir r\u00f6portajda Epstein&#8217;\u0131n yap\u0131y\u0131 d\u00fczenli olarak &#8216;cami&#8217;si olarak adland\u0131rd\u0131\u011f\u0131n\u0131 do\u011frulad\u0131.<\/p>\n<h2><strong style=\"color: #003366\">Tasar\u0131m Planlar\u0131 ve Sembolizm<\/strong><\/h2>\n<p>Kay\u0131tlar, Epstein&#8217;\u0131n hamamlar ve camiler gibi tarihi Ortado\u011fu yap\u0131lar\u0131ndan referanslar da dahil olmak \u00fczere \u0130slami mimariye olan yo\u011fun ilgisini ortaya koyuyor. E-postalar\u0131nda, i\u015fbirlik\u00e7ilerine geleneksel \u0130slami desenlerden ilham alan i\u00e7 mekanlar tasarlamalar\u0131 talimat\u0131n\u0131 vermi\u015f ve hatta Arap\u00e7a dini yaz\u0131tlar\u0131 kendi ba\u015f harfleriyle de\u011fi\u015ftirmeyi \u00f6nermi\u015ftir. Ayr\u0131ca \u00d6zbekistan&#8217;dan otantik \u00e7iniler talep etmi\u015f ve bina i\u00e7in tasar\u0131m ilham\u0131 olarak Suriye&#8217;den mimari referanslar payla\u015fm\u0131\u015ft\u0131r. Kay\u0131tlar, Epstein&#8217;\u0131n Suudi kraliyet ailesiyle ba\u011flant\u0131l\u0131 ki\u015filerle g\u00f6r\u00fc\u015ft\u00fc\u011f\u00fcn\u00fc ve Suudi ekonomik reformlar\u0131 ile devlete ait petrol \u015firketi Aramco&#8217;nun planlanan halka arz\u0131yla ilgili dan\u0131\u015fmanl\u0131k f\u0131rsatlar\u0131n\u0131 takip etti\u011fini g\u00f6steriyor.<\/p>\n<h2><strong style=\"color: #003366\">K\u00e2be&#8217;den Gelen Eserler<\/strong><\/h2>\n<p>Belgeler, Suudi Arabistan&#8217;dan K\u00e2be ile ba\u011flant\u0131l\u0131 tekstil ve t\u00f6rensel par\u00e7alar da dahil olmak \u00fczere dini eserlerin sevkiyatlar\u0131n\u0131 detayland\u0131r\u0131yor. Bir e-posta, t\u00fcrbeden gelen siyah bir kuma\u015f\u0131n k\u00fclt\u00fcrel ve ruhani \u00f6nemini anlatarak, milyonlarca hac\u0131n\u0131n dini rit\u00fceller s\u0131ras\u0131nda ona dokundu\u011funu vurguluyordu.<\/p>\n<h2><strong style=\"color: #003366\">D\u00fc\u015f\u00fc\u015f ve Son Y\u0131llar<\/strong><\/h2>\n<p>Kay\u0131tlar ayr\u0131ca, Epstein&#8217;\u0131n adas\u0131n\u0131n 2017&#8217;deki Maria Kas\u0131rgas\u0131 s\u0131ras\u0131nda hasar g\u00f6rd\u00fc\u011f\u00fcn\u00fc, s\u00f6zde &#8216;cami&#8217; yap\u0131s\u0131n\u0131n baz\u0131 k\u0131s\u0131mlar\u0131n\u0131n ve i\u00e7eri\u011finin etkilendi\u011fini g\u00f6steriyor. Ayn\u0131 d\u00f6nemde, Suudi Arabistan&#8217;daki siyasi geli\u015fmeler de\u011fi\u015ftik\u00e7e Epstein&#8217;\u0131n baz\u0131 uluslararas\u0131 ba\u011flant\u0131lar\u0131yla ili\u015fkileri bozuldu. Epstein daha sonra 2019&#8217;da federal cinsel taciz su\u00e7lamalar\u0131yla tutukland\u0131. G\u00f6zalt\u0131na al\u0131nd\u0131ktan k\u0131sa bir s\u00fcre sonra Epstein, adas\u0131n\u0131n m\u00fclkiyetini \u00f6zel bir tr\u00f6ste devretti. Daha sonra A\u011fustos 2019&#8217;da Manhattan&#8217;daki bir hapishane h\u00fccresinde yarg\u0131lanmay\u0131 beklerken \u00f6l\u00fc bulundu.<\/p>\n<p>#JeffreyEpstein #EpsteinAdas\u0131 #\u0130slamiEserler #K\u00e2be #Kiswa #SuudiArabistan #NewYorkTimes #Cami #SanatveMimari #CinselTacizSkandal\u0131<\/p>\n","protected":false},"excerpt":{"rendered":"<p>Skandallar\u0131yla tan\u0131nan finans\u00e7\u0131 Jeffrey Epstein&#8217;\u0131n, Karayip&#8217;teki \u00f6zel adas\u0131nda s\u0131ra d\u0131\u015f\u0131 bir yap\u0131 i\u00e7in nadir \u0130slami eserler edinirken, Ortado\u011fu genelinde ba\u011flant\u0131lar kurmak i\u00e7in y\u0131llar harcad\u0131\u011f\u0131 ortaya \u00e7\u0131kt\u0131. New York Times&#8217;\u0131n haberine g\u00f6re, bu bilgiler ABD Adalet Bakanl\u0131\u011f\u0131 taraf\u0131ndan bu y\u0131l Ocak ay\u0131nda yay\u0131nlanan milyonlarca sayfal\u0131k belgede g\u00fcn y\u00fcz\u00fcne \u00e7\u0131kt\u0131. Belgeler, Epstein&#8217;\u0131n b\u00f6lgedeki zengin ve g\u00fc\u00e7l\u00fc isimlerle [&hellip;]<\/p>\n","protected":false},"author":2,"featured_media":13440,"comment_status":"open","ping_status":"open","sticky":false,"template":"","format":"standard","meta":{"footnotes":""},"categories":[37],"tags":[],"class_list":["post-13439","post","type-post","status-publish","format-standard","has-post-thumbnail","hentry","category-orta-dogu-haberleri"],"_links":{"self":[{"href":"https:\/\/fajr.news\/index.php?rest_route=\/wp\/v2\/posts\/13439","targetHints":{"allow":["GET"]}}],"collection":[{"href":"https:\/\/fajr.news\/index.php?rest_route=\/wp\/v2\/posts"}],"about":[{"href":"https:\/\/fajr.news\/index.php?rest_route=\/wp\/v2\/types\/post"}],"author":[{"embeddable":true,"href":"https:\/\/fajr.news\/index.php?rest_route=\/wp\/v2\/users\/2"}],"replies":[{"embeddable":true,"href":"https:\/\/fajr.news\/index.php?rest_route=%2Fwp%2Fv2%2Fcomments&post=13439"}],"version-history":[{"count":0,"href":"https:\/\/fajr.news\/index.php?rest_route=\/wp\/v2\/posts\/13439\/revisions"}],"wp:featuredmedia":[{"embeddable":true,"href":"https:\/\/fajr.news\/index.php?rest_route=\/wp\/v2\/media\/13440"}],"wp:attachment":[{"href":"https:\/\/fajr.news\/index.php?rest_route=%2Fwp%2Fv2%2Fmedia&parent=13439"}],"wp:term":[{"taxonomy":"category","embeddable":true,"href":"https:\/\/fajr.news\/index.php?rest_route=%2Fwp%2Fv2%2Fcategories&post=13439"},{"taxonomy":"post_tag","embeddable":true,"href":"https:\/\/fajr.news\/index.php?rest_route=%2Fwp%2Fv2%2Ftags&post=13439"}],"curies":[{"name":"wp","href":"https:\/\/api.w.org\/{rel}","templated":true}]}}