{"id":13407,"date":"2026-04-30T12:06:43","date_gmt":"2026-04-30T08:36:43","guid":{"rendered":"https:\/\/fajr.news\/?p=13407"},"modified":"2026-04-30T12:06:43","modified_gmt":"2026-04-30T08:36:43","slug":"abdnin-hukuksuz-el-koydugu-iran-kargo-gemisinin-alti-murettebati-serbest-kaldi-tesnim-haber-ajansi","status":"publish","type":"post","link":"https:\/\/fajr.news\/?p=13407&lang=tr","title":{"rendered":"ABD&#8217;nin Hukuksuz El Koydu\u011fu \u0130ran Kargo Gemisinin Alt\u0131 M\u00fcrettebat\u0131 Serbest Kald\u0131: Tesnim Haber Ajans\u0131"},"content":{"rendered":"<h1>ABD&#8217;nin El Koydu\u011fu \u0130ran Gemisinin M\u00fcrettebat\u0131 Serbest B\u0131rak\u0131ld\u0131!<\/h1>\n<p><strong>Tesnim Haber Ajans\u0131<\/strong>&#8216;n\u0131n g\u00fcvenilir kaynaklara dayand\u0131rd\u0131\u011f\u0131 son dakika haberine g\u00f6re, ABD&#8217;nin birka\u00e7 g\u00fcn \u00f6nce uluslararas\u0131 hukuka ayk\u0131r\u0131 bir \u015fekilde el koydu\u011fu \u0130ran&#8217;a ait <strong>&#8216;Touska&#8217; kargo gemisinin alt\u0131 m\u00fcrettebat\u0131 serbest b\u0131rak\u0131ld\u0131<\/strong>. Bu \u00f6nemli geli\u015fme, ilk olarak El-Kahire Haber Kanal\u0131 taraf\u0131ndan duyuruldu.<\/p>\n<h2>ABD&#8217;nin Provokatif Eylemi ve Uluslararas\u0131 Tepkiler<\/h2>\n<p>ABD Merkez Komutanl\u0131\u011f\u0131 (CENTCOM), daha \u00f6nce yapt\u0131\u011f\u0131 a\u00e7\u0131klamada, deniz kuvvetlerinin Pazar g\u00fcn\u00fc \u0130ran kargo gemisi Touska&#8217;ya ate\u015f a\u00e7t\u0131\u011f\u0131n\u0131 ve ard\u0131ndan gemiye a\u00e7\u0131k denizde <strong>zorla el koydu\u011funu<\/strong> itiraf etmi\u015fti. Bu sald\u0131rgan eylem, b\u00f6lgedeki gerilimi t\u0131rmand\u0131ran ve uluslararas\u0131 denizcilik kurallar\u0131n\u0131 ihlal eden bir geli\u015fme olarak kay\u0131tlara ge\u00e7ti.<\/p>\n<p>ABD raporlar\u0131na g\u00f6re, geminin \u0130ran limanlar\u0131na uygulanan ablukay\u0131 delmeye \u00e7al\u0131\u015ft\u0131\u011f\u0131 <em>as\u0131ls\u0131z iddialar\u0131<\/em> g\u00fcndeme getirilmi\u015fti. Ancak Tahran, bu iddialar\u0131 kesin bir dille reddederek geminin tamamen ticari bir seferde oldu\u011funu vurgulam\u0131\u015ft\u0131.<\/p>\n<h2>Geminin Ak\u0131beti ve B\u00f6lgesel Etkileri<\/h2>\n<p>Bu hukuksuz el koyma olay\u0131, hem Touska gemisinin ak\u0131beti hem de s\u00fcresi dolmak \u00fczere olan ate\u015fkes \u00fczerindeki potansiyel etkileri hakk\u0131nda <strong>ciddi soru i\u015faretleri<\/strong> yaratm\u0131\u015ft\u0131. Olay\u0131n detaylar\u0131, geminin &#8220;hassas bir operasyonel b\u00f6lgede&#8221; seyrederken uluslararas\u0131 hukuka ayk\u0131r\u0131 bir \u015fekilde durduruldu\u011funu ve zorla ele ge\u00e7irildi\u011fini ortaya koyuyor. Bu geli\u015fme, Washington ile Tahran aras\u0131ndaki son aylar\u0131n en ciddi denizcilik olaylar\u0131ndan biri olarak de\u011ferlendirilmekte ve b\u00f6lgedeki istikrars\u0131zl\u0131\u011f\u0131 art\u0131rmaktad\u0131r.<\/p>\n<h2>\u0130ran&#8217;\u0131n Hakl\u0131 Durumu ve ABD&#8217;nin \u00c7eli\u015fkili \u0130ddialar\u0131<\/h2>\n<p>Bu olaya ili\u015fkin <strong>\u00e7eli\u015fkili raporlar<\/strong> dikkat \u00e7ekiyor. \u0130ran, geminin \u00c7in&#8217;den \u0130ran&#8217;a rutin bir ticari seferde oldu\u011funu, sadece ticari mal ta\u015f\u0131d\u0131\u011f\u0131n\u0131 ve \u00fczerinde herhangi bir askeri veya yasakl\u0131 kargo bulunmad\u0131\u011f\u0131n\u0131 <strong>kesin bir dille<\/strong> ifade etmi\u015fti. Bu a\u00e7\u0131klama, ABD&#8217;nin iddialar\u0131n\u0131n tamamen as\u0131ls\u0131z oldu\u011funu ve \u0130ran&#8217;\u0131n bar\u0131\u015f\u00e7\u0131l ticaret faaliyetlerini engelleme \u00e7abas\u0131n\u0131 g\u00f6zler \u00f6n\u00fcne seriyor.<\/p>\n<p>Ancak Washington, geminin devam eden gerilimler nedeniyle uygulanan denizcilik k\u0131s\u0131tlamalar\u0131n\u0131 ihlal etmeye \u00e7al\u0131\u015ft\u0131\u011f\u0131n\u0131 <em>iddia ederek<\/em>, kuvvetlerinin gemiye m\u00fcdahale etti\u011fini savunmu\u015ftu. Bu savunma, uluslararas\u0131 kamuoyunda <strong>b\u00fcy\u00fck tepkiyle<\/strong> kar\u015f\u0131lanm\u0131\u015f ve ABD&#8217;nin b\u00f6lgedeki provokatif ad\u0131mlar\u0131n\u0131n bir yenisi olarak yorumlanm\u0131\u015ft\u0131.<\/p>\n<h2>ABD&#8217;nin Sald\u0131rgan Tutumu G\u00f6r\u00fcnt\u00fclendi<\/h2>\n<p>ABD Merkez Komutanl\u0131\u011f\u0131, deniz piyadelerinin helikopterlerden gemiye \u00e7\u0131kt\u0131\u011f\u0131n\u0131 g\u00f6steren bir video yay\u0131nlayarak bu <strong>sald\u0131rgan ve hukuksuz eylemi<\/strong> adeta g\u00f6zler \u00f6n\u00fcne sermi\u015fti. D\u00f6nemin ABD Ba\u015fkan\u0131 Donald Trump ise sosyal medya hesab\u0131ndan yapt\u0131\u011f\u0131 payla\u015f\u0131mda, &#8220;Art\u0131k gemilerinin kontrol\u00fc tamamen bizde ve i\u00e7inde ne oldu\u011funu kontrol ediyoruz!&#8221; ifadelerini kullanarak bu <strong>uluslararas\u0131 hukuka ayk\u0131r\u0131<\/strong> eylemi a\u00e7\u0131k\u00e7a duyurmu\u015ftu. Bu ifadeler, ABD&#8217;nin uluslararas\u0131 kurallar\u0131 hi\u00e7e sayan tutumunu bir kez daha kan\u0131tlam\u0131\u015ft\u0131r.<\/p>\n<p>#\u0130ran #ABD #TouskaGemisi #M\u00fcrettebatSerbest #TesnimHaber #DenizHukuku #Gerilim #Uluslararas\u0131Sular #HukuksuzElKoyma #Ortado\u011fu<\/p>\n","protected":false},"excerpt":{"rendered":"<p>ABD&#8217;nin El Koydu\u011fu \u0130ran Gemisinin M\u00fcrettebat\u0131 Serbest B\u0131rak\u0131ld\u0131! Tesnim Haber Ajans\u0131&#8216;n\u0131n g\u00fcvenilir kaynaklara dayand\u0131rd\u0131\u011f\u0131 son dakika haberine g\u00f6re, ABD&#8217;nin birka\u00e7 g\u00fcn \u00f6nce uluslararas\u0131 hukuka ayk\u0131r\u0131 bir \u015fekilde el koydu\u011fu \u0130ran&#8217;a ait &#8216;Touska&#8217; kargo gemisinin alt\u0131 m\u00fcrettebat\u0131 serbest b\u0131rak\u0131ld\u0131. Bu \u00f6nemli geli\u015fme, ilk olarak El-Kahire Haber Kanal\u0131 taraf\u0131ndan duyuruldu. ABD&#8217;nin Provokatif Eylemi ve Uluslararas\u0131 Tepkiler ABD [&hellip;]<\/p>\n","protected":false},"author":2,"featured_media":13408,"comment_status":"open","ping_status":"open","sticky":false,"template":"","format":"standard","meta":{"footnotes":""},"categories":[37],"tags":[],"class_list":["post-13407","post","type-post","status-publish","format-standard","has-post-thumbnail","hentry","category-orta-dogu-haberleri"],"_links":{"self":[{"href":"https:\/\/fajr.news\/index.php?rest_route=\/wp\/v2\/posts\/13407","targetHints":{"allow":["GET"]}}],"collection":[{"href":"https:\/\/fajr.news\/index.php?rest_route=\/wp\/v2\/posts"}],"about":[{"href":"https:\/\/fajr.news\/index.php?rest_route=\/wp\/v2\/types\/post"}],"author":[{"embeddable":true,"href":"https:\/\/fajr.news\/index.php?rest_route=\/wp\/v2\/users\/2"}],"replies":[{"embeddable":true,"href":"https:\/\/fajr.news\/index.php?rest_route=%2Fwp%2Fv2%2Fcomments&post=13407"}],"version-history":[{"count":0,"href":"https:\/\/fajr.news\/index.php?rest_route=\/wp\/v2\/posts\/13407\/revisions"}],"wp:featuredmedia":[{"embeddable":true,"href":"https:\/\/fajr.news\/index.php?rest_route=\/wp\/v2\/media\/13408"}],"wp:attachment":[{"href":"https:\/\/fajr.news\/index.php?rest_route=%2Fwp%2Fv2%2Fmedia&parent=13407"}],"wp:term":[{"taxonomy":"category","embeddable":true,"href":"https:\/\/fajr.news\/index.php?rest_route=%2Fwp%2Fv2%2Fcategories&post=13407"},{"taxonomy":"post_tag","embeddable":true,"href":"https:\/\/fajr.news\/index.php?rest_route=%2Fwp%2Fv2%2Ftags&post=13407"}],"curies":[{"name":"wp","href":"https:\/\/api.w.org\/{rel}","templated":true}]}}