{"id":13399,"date":"2026-04-30T12:03:59","date_gmt":"2026-04-30T08:33:59","guid":{"rendered":"https:\/\/fajr.news\/?p=13399"},"modified":"2026-04-30T12:03:59","modified_gmt":"2026-04-30T08:33:59","slug":"savunma-bakani-iran-ve-uluslararasi-catismalar-hakkinda-milletvekillerinin-sorulariyla-karsi-karsiya","status":"publish","type":"post","link":"https:\/\/fajr.news\/?p=13399&lang=tr","title":{"rendered":"Savunma Bakan\u0131 \u0130ran ve Uluslararas\u0131 \u00c7at\u0131\u015fmalar Hakk\u0131nda Milletvekillerinin Sorular\u0131yla Kar\u015f\u0131 Kar\u015f\u0131ya"},"content":{"rendered":"<p>WASHINGTON \u2014 Savunma Bakan\u0131 Pete Hegseth ve Genelkurmay Ba\u015fkan\u0131 Dan Caine, Trump y\u00f6netiminin \u0130ran&#8217;da ba\u015flatt\u0131\u011f\u0131 sava\u015ftan bu yana ilk kez bug\u00fcn milletvekillerinin kar\u015f\u0131s\u0131na \u00e7\u0131karak, Beyaz Saray&#8217;\u0131n 2027 y\u0131l\u0131 i\u00e7in \u00f6nerdi\u011fi askeri b\u00fct\u00e7e ve di\u011fer acil konular hakk\u0131nda ifade verecekler.<\/p>\n<p>Oturum, savunma harcamalar\u0131n\u0131 yakla\u015f\u0131k %50 art\u0131rarak 1,5 trilyon dolara \u00e7\u0131karacak olan \u00f6nerilen b\u00fct\u00e7eye odaklanacak. Hegseth&#8217;in daha fazla askeri te\u00e7hizat ihtiyac\u0131n\u0131 vurgulamas\u0131 beklenirken, milletvekillerinin kendisine daha geni\u015f konular hakk\u0131nda sorular y\u00f6neltmesi muhtemel.<\/p>\n<p>Demokratlar\u0131n, \u00e7at\u0131\u015fman\u0131n ilk g\u00fcn\u00fcnde ABD&#8217;nin bir \u0130ran okulunu bombalad\u0131\u011f\u0131 ve aralar\u0131nda \u00e7ocuklar\u0131n da bulundu\u011fu 160&#8217;tan fazla ki\u015fiyi \u00f6ld\u00fcrd\u00fc\u011f\u00fc y\u00f6n\u00fcndeki raporlar da dahil olmak \u00fczere \u0130ran&#8217;daki sava\u015f\u0131 derinlemesine incelemesi bekleniyor. Bu durum, Temsilciler Meclisi ve Senato&#8217;nun, ba\u015fkan\u0131n kongre izni olmadan operasyonlar\u0131 durdurmas\u0131n\u0131 zorunlu k\u0131lacak birden fazla sava\u015f yetkileri karar\u0131n\u0131 ge\u00e7irememesinin ard\u0131ndan geliyor. Kongre&#8217;ye \u0130ran&#8217;daki sava\u015f\u0131n bildirilmesinin \u00fczerinden 60 g\u00fcn ge\u00e7mesiyle birlikte, bu \u00e7abalar Cumartesi g\u00fcn\u00fc yeniden g\u00fcndeme gelebilir. Sava\u015f Yetkileri Karar\u0131 genellikle ba\u015fkanlar\u0131n 60 g\u00fcnden uzun s\u00fcren \u00e7at\u0131\u015fmalar i\u00e7in kongre onay\u0131 almas\u0131n\u0131 gerektirir. Ba\u015fkan, g\u00fc\u00e7leri geri \u00e7ekmek i\u00e7in bu s\u00fcreyi ek 30 g\u00fcn uzatabilir. Sava\u015f Sal\u0131 g\u00fcn\u00fc iki ayl\u0131k s\u00fcreyi doldurdu.<\/p>\n<p>Milletvekilleri muhtemelen Hegseth&#8217;e, baz\u0131lar\u0131 savunma sistemlerini a\u015farak Amerikan askerlerini yaralayan ve \u00f6ld\u00fcren \u0130ran dronlar\u0131n\u0131 d\u00fc\u015f\u00fcrme konusunda ordunun haz\u0131rl\u0131\u011f\u0131n\u0131 soracaklar. Bir\u00e7ok Cumhuriyet\u00e7i, \u0130ran&#8217;\u0131n n\u00fckleer program\u0131n\u0131 s\u0131n\u0131rlamak veya ortadan kald\u0131rmak i\u00e7in sava\u015f\u0131 desteklemi\u015f olsa da, \u00e7at\u0131\u015fman\u0131n zaman \u00e7izelgesi konusunda hayal k\u0131r\u0131kl\u0131\u011f\u0131 art\u0131yor. Cumhuriyet\u00e7i milletvekillerinin iki \u00fclke aras\u0131ndaki s\u00fcresiz ate\u015fkese ili\u015fkin sorular sormas\u0131 bekleniyor.<\/p>\n<p>Bu haftan\u0131n ba\u015flar\u0131nda Beyaz Saray, \u0130ran&#8217;\u0131n son bar\u0131\u015f teklifini reddetti. \u0130ran, n\u00fckleer program\u0131n\u0131n sava\u015f\u0131 sona erdirme g\u00f6r\u00fc\u015fmelerinin bir par\u00e7as\u0131 olmamas\u0131 halinde H\u00fcrm\u00fcz Bo\u011faz\u0131&#8217;n\u0131 yeniden a\u00e7may\u0131 teklif etti. Ancak D\u0131\u015fi\u015fleri Bakan\u0131 Marco Rubio, \u0130ran&#8217;\u0131n n\u00fckleer silah yapmas\u0131n\u0131 engellemenin m\u00fczakerelerin temel meselesi oldu\u011funu belirtti.<\/p>\n<p>\u0130ran ile sava\u015f, milletvekillerinin zihnindeki tek \u00e7at\u0131\u015fma de\u011fil. Bug\u00fcn ayn\u0131 zamanda Hegseth&#8217;in, ABD ordusunun Venezuela Devlet Ba\u015fkan\u0131 Nicol\u00e1s Maduro&#8217;nun yakalanmas\u0131na yard\u0131m etmesinden ve \u00fclke yak\u0131nlar\u0131ndaki iddia edilen uyu\u015fturucu teknelerini bombalamaya ba\u015flamas\u0131ndan bu yana ilk kez ifade verdi\u011fi g\u00fcn olacak.<\/p>\n<p>Washington Haber B\u00fcrosu&#8217;ndan en son geli\u015fmeler i\u00e7in bizi izlemeye devam edin:<\/p>\n<p>#\u0130ranSava\u015f\u0131 #ABDKongresi #SavunmaBakanl\u0131\u011f\u0131 #AskeriB\u00fct\u00e7e #Sava\u015fYetkileri #\u0130ranN\u00fckleerProgram\u0131 #H\u00fcrm\u00fczBo\u011faz\u0131 #DroneSald\u0131r\u0131lar\u0131 #Venezuela #Uluslararas\u0131\u00c7at\u0131\u015fmalar<\/p>\n","protected":false},"excerpt":{"rendered":"<p>WASHINGTON \u2014 Savunma Bakan\u0131 Pete Hegseth ve Genelkurmay Ba\u015fkan\u0131 Dan Caine, Trump y\u00f6netiminin \u0130ran&#8217;da ba\u015flatt\u0131\u011f\u0131 sava\u015ftan bu yana ilk kez bug\u00fcn milletvekillerinin kar\u015f\u0131s\u0131na \u00e7\u0131karak, Beyaz Saray&#8217;\u0131n 2027 y\u0131l\u0131 i\u00e7in \u00f6nerdi\u011fi askeri b\u00fct\u00e7e ve di\u011fer acil konular hakk\u0131nda ifade verecekler. Oturum, savunma harcamalar\u0131n\u0131 yakla\u015f\u0131k %50 art\u0131rarak 1,5 trilyon dolara \u00e7\u0131karacak olan \u00f6nerilen b\u00fct\u00e7eye odaklanacak. Hegseth&#8217;in daha [&hellip;]<\/p>\n","protected":false},"author":2,"featured_media":13400,"comment_status":"open","ping_status":"open","sticky":false,"template":"","format":"standard","meta":{"footnotes":""},"categories":[31],"tags":[],"class_list":["post-13399","post","type-post","status-publish","format-standard","has-post-thumbnail","hentry","category-iran-haberleri"],"_links":{"self":[{"href":"https:\/\/fajr.news\/index.php?rest_route=\/wp\/v2\/posts\/13399","targetHints":{"allow":["GET"]}}],"collection":[{"href":"https:\/\/fajr.news\/index.php?rest_route=\/wp\/v2\/posts"}],"about":[{"href":"https:\/\/fajr.news\/index.php?rest_route=\/wp\/v2\/types\/post"}],"author":[{"embeddable":true,"href":"https:\/\/fajr.news\/index.php?rest_route=\/wp\/v2\/users\/2"}],"replies":[{"embeddable":true,"href":"https:\/\/fajr.news\/index.php?rest_route=%2Fwp%2Fv2%2Fcomments&post=13399"}],"version-history":[{"count":0,"href":"https:\/\/fajr.news\/index.php?rest_route=\/wp\/v2\/posts\/13399\/revisions"}],"wp:featuredmedia":[{"embeddable":true,"href":"https:\/\/fajr.news\/index.php?rest_route=\/wp\/v2\/media\/13400"}],"wp:attachment":[{"href":"https:\/\/fajr.news\/index.php?rest_route=%2Fwp%2Fv2%2Fmedia&parent=13399"}],"wp:term":[{"taxonomy":"category","embeddable":true,"href":"https:\/\/fajr.news\/index.php?rest_route=%2Fwp%2Fv2%2Fcategories&post=13399"},{"taxonomy":"post_tag","embeddable":true,"href":"https:\/\/fajr.news\/index.php?rest_route=%2Fwp%2Fv2%2Ftags&post=13399"}],"curies":[{"name":"wp","href":"https:\/\/api.w.org\/{rel}","templated":true}]}}