{"id":13389,"date":"2026-04-30T11:33:42","date_gmt":"2026-04-30T08:03:42","guid":{"rendered":"https:\/\/fajr.news\/?p=13389"},"modified":"2026-04-30T11:33:42","modified_gmt":"2026-04-30T08:03:42","slug":"umutsuz-iran-ekonomisi-felc-oldugu-icin-abdden-hurmuz-bogazini-acmasini-talep-ediyor","status":"publish","type":"post","link":"https:\/\/fajr.news\/?p=13389&lang=tr","title":{"rendered":"Umutsuz \u0130ran, ekonomisi fel\u00e7 oldu\u011fu i\u00e7in ABD&#8217;den H\u00fcrm\u00fcz Bo\u011faz\u0131&#8217;n\u0131 a\u00e7mas\u0131n\u0131 talep ediyor"},"content":{"rendered":"<p>Sky News Australia&#8217;n\u0131n haberine g\u00f6re, Donald Trump, ABD&#8217;nin H\u00fcrm\u00fcz Bo\u011faz\u0131&#8217;ndaki devam eden ablukas\u0131 nedeniyle \u0130ran ekonomisinin \u00e7\u00f6kmekte oldu\u011funu \u00e7arp\u0131c\u0131 bir \u015fekilde a\u00e7\u0131klad\u0131. Bu durum, \u0130ran&#8217;\u0131n bo\u011faz\u0131n a\u00e7\u0131lmas\u0131 i\u00e7in ABD&#8217;ye umutsuz bir \u00e7a\u011fr\u0131 yapt\u0131\u011f\u0131 iddialar\u0131n\u0131 g\u00fcndeme getirdi. <\/p>\n<p> #\u0130ran #ABD #H\u00fcrm\u00fczBo\u011faz\u0131 #Ekonomi #Abluka #DonaldTrump #Uluslararas\u0131\u0130li\u015fkiler #Ortado\u011fu #Petrol #SiyasiGerilim<\/p>\n","protected":false},"excerpt":{"rendered":"<p>Sky News Australia&#8217;n\u0131n haberine g\u00f6re, Donald Trump, ABD&#8217;nin H\u00fcrm\u00fcz Bo\u011faz\u0131&#8217;ndaki devam eden ablukas\u0131 nedeniyle \u0130ran ekonomisinin \u00e7\u00f6kmekte oldu\u011funu \u00e7arp\u0131c\u0131 bir \u015fekilde a\u00e7\u0131klad\u0131. Bu durum, \u0130ran&#8217;\u0131n bo\u011faz\u0131n a\u00e7\u0131lmas\u0131 i\u00e7in ABD&#8217;ye umutsuz bir \u00e7a\u011fr\u0131 yapt\u0131\u011f\u0131 iddialar\u0131n\u0131 g\u00fcndeme getirdi. #\u0130ran #ABD #H\u00fcrm\u00fczBo\u011faz\u0131 #Ekonomi #Abluka #DonaldTrump #Uluslararas\u0131\u0130li\u015fkiler #Ortado\u011fu #Petrol #SiyasiGerilim<\/p>\n","protected":false},"author":2,"featured_media":0,"comment_status":"open","ping_status":"open","sticky":false,"template":"","format":"standard","meta":{"footnotes":""},"categories":[31],"tags":[],"class_list":["post-13389","post","type-post","status-publish","format-standard","hentry","category-iran-haberleri"],"_links":{"self":[{"href":"https:\/\/fajr.news\/index.php?rest_route=\/wp\/v2\/posts\/13389","targetHints":{"allow":["GET"]}}],"collection":[{"href":"https:\/\/fajr.news\/index.php?rest_route=\/wp\/v2\/posts"}],"about":[{"href":"https:\/\/fajr.news\/index.php?rest_route=\/wp\/v2\/types\/post"}],"author":[{"embeddable":true,"href":"https:\/\/fajr.news\/index.php?rest_route=\/wp\/v2\/users\/2"}],"replies":[{"embeddable":true,"href":"https:\/\/fajr.news\/index.php?rest_route=%2Fwp%2Fv2%2Fcomments&post=13389"}],"version-history":[{"count":0,"href":"https:\/\/fajr.news\/index.php?rest_route=\/wp\/v2\/posts\/13389\/revisions"}],"wp:attachment":[{"href":"https:\/\/fajr.news\/index.php?rest_route=%2Fwp%2Fv2%2Fmedia&parent=13389"}],"wp:term":[{"taxonomy":"category","embeddable":true,"href":"https:\/\/fajr.news\/index.php?rest_route=%2Fwp%2Fv2%2Fcategories&post=13389"},{"taxonomy":"post_tag","embeddable":true,"href":"https:\/\/fajr.news\/index.php?rest_route=%2Fwp%2Fv2%2Ftags&post=13389"}],"curies":[{"name":"wp","href":"https:\/\/api.w.org\/{rel}","templated":true}]}}