{"id":13375,"date":"2026-04-30T11:19:36","date_gmt":"2026-04-30T07:49:36","guid":{"rendered":"https:\/\/fajr.news\/?p=13375"},"modified":"2026-04-30T11:19:36","modified_gmt":"2026-04-30T07:49:36","slug":"abd-iran-gerilimi-ortadoguda-havayolu-sigorta-yenilemelerini-yeniden-sekillendiriyor","status":"publish","type":"post","link":"https:\/\/fajr.news\/?p=13375&lang=tr","title":{"rendered":"ABD-\u0130ran Gerilimi Ortado\u011fu&#8217;da Havayolu Sigorta Yenilemelerini Yeniden \u015eekillendiriyor"},"content":{"rendered":"<p>ABD ile \u0130ran aras\u0131ndaki gerilim, havayolu sigortas\u0131 m\u00fczakerelerinde merkezi bir konu haline geldi. Sigorta dan\u0131\u015fmanl\u0131k \u015firketi WTW, bu \u00e7at\u0131\u015fman\u0131n sigortac\u0131lar\u0131n Ortado\u011fu genelindeki havac\u0131l\u0131k riskini fiyatland\u0131rma \u015feklini de\u011fi\u015ftirdi\u011fi konusunda uyar\u0131yor.<\/p>\n<p>WTW&#8217;nin 2026&#8217;n\u0131n ikinci \u00e7eyre\u011fi i\u00e7in haz\u0131rlad\u0131\u011f\u0131 Havayolu Sigorta Piyasas\u0131 Yenileme G\u00f6r\u00fcn\u00fcm\u00fc raporunda, sekt\u00f6r \u00fczerinde \u00fc\u00e7 ana bask\u0131 noktas\u0131 belirlendi: operasyonel aksakl\u0131klar, daralan sigorta kapasitesi ve havac\u0131l\u0131k sekt\u00f6r\u00fc i\u00e7in uzun vadeli stres.<\/p>\n<p>B\u00f6lge i\u00e7inde, b\u00f6lgeye ve b\u00f6lgeden u\u00e7u\u015f yapan havayollar\u0131, \u00e7at\u0131\u015fmalar\u0131n ba\u015flamas\u0131n\u0131n ard\u0131ndan u\u00e7aklar\u0131n\u0131 yere indirmek ve u\u00e7u\u015f programlar\u0131n\u0131 yeniden d\u00fczenlemek zorunda kald\u0131. Kennedys hukuk firmas\u0131, bu aksakl\u0131\u011f\u0131 ciddi olarak nitelendirirken, havaalan\u0131 kapan\u0131\u015flar\u0131n\u0131n bir\u00e7ok b\u00fcy\u00fck b\u00f6lgesel merkezi etkiledi\u011fini belirtti.<\/p>\n<p>Sigortac\u0131lar, arac\u0131 kurumlar ve havayolu m\u00fc\u015fterileri, istihbarat payla\u015f\u0131m\u0131, risk de\u011ferlendirmesi ve geri d\u00f6n\u00fc\u015f u\u00e7u\u015flar\u0131 da dahil olmak \u00fczere sigorta kapsam\u0131n\u0131 y\u00fcr\u00fcrl\u00fckte tutmak i\u00e7in yak\u0131n i\u015fbirli\u011fi yapt\u0131. Ticari havaalanlar\u0131 yak\u0131n\u0131ndaki askeri faaliyetlere ra\u011fmen, b\u00fcy\u00fck bir sivil havac\u0131l\u0131k talebi ortaya \u00e7\u0131kmad\u0131. Bir ate\u015fkes gerilimi d\u00fc\u015f\u00fcrd\u00fc ve b\u00f6lgesel operat\u00f6rlere uygulanan baz\u0131 ek \u00fccretleri azaltt\u0131.<\/p>\n<p>Ancak, tedarik zincirleri istikrars\u0131z kald\u0131\u011f\u0131 i\u00e7in ta\u015f\u0131y\u0131c\u0131lar hala zay\u0131f yolcu talebi ve daha y\u00fcksek jet yak\u0131t\u0131 maliyetleriyle kar\u015f\u0131 kar\u015f\u0131ya. Bu durum Londra piyasas\u0131na da yans\u0131d\u0131. Lloyd&#8217;s, havac\u0131l\u0131k, denizcilik, enerji ve siyasi \u015fiddet alanlar\u0131ndaki sendika riskini test etmek i\u00e7in b\u00fcy\u00fck olay m\u00fcdahale grubunu harekete ge\u00e7irdi. \u0130nceleme, Ger\u00e7ek\u00e7i Afet Senaryolar\u0131 \u00e7er\u00e7evesini kulland\u0131; ancak Lloyd&#8217;s, ko\u015fullar de\u011fi\u015fmeye devam ederken kesin sonu\u00e7lar \u00e7\u0131karmak i\u00e7in hen\u00fcz \u00e7ok erken oldu\u011funu belirtti.<\/p>\n<p>Willis&#8217;in k\u00fcresel havac\u0131l\u0131k ve uzay ba\u015fkan\u0131 John Rooley, sigortac\u0131lar\u0131n iptal bildirimleri yay\u0131nlamad\u0131\u011f\u0131n\u0131, \u00e7\u00fcnk\u00fc b\u00f6lgedeki u\u00e7aklar\u0131n zaten mevcut tehlike kapsam\u0131na girdi\u011fini s\u00f6yledi. Bu durum, baz\u0131 operat\u00f6rler i\u00e7in daha y\u00fcksek maliyetle de olsa sigorta kapsam\u0131n\u0131n aktif kalmas\u0131na yard\u0131mc\u0131 oldu.<\/p>\n<p>Rusya-Ukrayna sava\u015f\u0131, sigorta yaz\u0131m davran\u0131\u015f\u0131n\u0131 etkilemeye devam ediyor. WTW, ayn\u0131 doktrinle ilgili 2025 tarihli bir Londra Y\u00fcksek Mahkemesi karar\u0131n\u0131n piyasa kararlar\u0131n\u0131 \u015fekillendirdi\u011fini ve sigortac\u0131lar\u0131n kapsam\u0131 s\u00fcrd\u00fcrmek i\u00e7in co\u011frafi istisnalar yerine ek primleri tercih etti\u011fini belirtti. Bu dersler hala a\u011f\u0131r bas\u0131yor. Rusya-Ukrayna sava\u015f\u0131, Bat\u0131 yapt\u0131r\u0131mlar\u0131n\u0131n y\u00fczlerce u\u00e7a\u011f\u0131 Rusya&#8217;da mahsur b\u0131rakmas\u0131n\u0131n ard\u0131ndan g\u00f6vde sava\u015f oranlar\u0131n\u0131 %100&#8217;e varan oranlarda art\u0131rm\u0131\u015f ve tahmini 12 milyar dolarl\u0131k bir risk yaratm\u0131\u015ft\u0131.<\/p>\n<p>Kennedys, Butcher karar\u0131n\u0131n yaln\u0131zca az say\u0131da kiralayan\u0131 ve mahsur kalan filonun s\u0131n\u0131rl\u0131 bir k\u0131sm\u0131n\u0131 kapsad\u0131\u011f\u0131n\u0131, \u00e7\u00f6z\u00fclmemi\u015f talepler ve hukuki belirsizlikler b\u0131rakt\u0131\u011f\u0131n\u0131 kaydetti. G\u00f6vde sava\u015f sigortas\u0131 en \u00e7ok incelenen alan olmaya devam ediyor. Rusya-Ukrayna sava\u015f\u0131 piyasay\u0131 s\u0131f\u0131rlamadan \u00f6nce oranlar tarihi d\u00fc\u015f\u00fck seviyelere inmi\u015fti.<\/p>\n<p>Kapasite mevcut olmaya devam etse de, yenilenen jeopolitik gerilimin 2026 boyunca m\u00fczakereleri sertle\u015ftirmesi bekleniyor. G\u00f6vde ve sorumluluk sigortas\u0131 da benzer bask\u0131larla kar\u015f\u0131 kar\u015f\u0131ya. Kapasite hala mevcut, ancak 2024&#8217;teki d\u00fc\u015f\u00fck sigorta yaz\u0131m marjlar\u0131 ve 2025&#8217;teki b\u00fcy\u00fck kay\u0131plar sigortac\u0131lar\u0131n tutumunu de\u011fi\u015ftirdi.<\/p>\n<p>WTW, sigortac\u0131lar\u0131n temiz riskler i\u00e7in yakla\u015f\u0131k %10&#8217;dan ba\u015flayan art\u0131\u015flar d\u00fc\u015f\u00fcnd\u00fc\u011f\u00fcn\u00fc, s\u0131k\u0131nt\u0131l\u0131 hesaplar i\u00e7in ise daha keskin art\u0131\u015flar olaca\u011f\u0131n\u0131 belirtti. \u0130ran \u00e7at\u0131\u015fmas\u0131 bu fiyatland\u0131rma e\u011filimini g\u00fc\u00e7lendiriyor. Kennedys, d\u00fc\u015f\u00fck riskli ta\u015f\u0131y\u0131c\u0131lar i\u00e7in %10&#8217;un \u00fczerinde art\u0131\u015flar bildirirken, Ortado\u011fu rotalar\u0131nda faaliyet g\u00f6steren havayolu al\u0131c\u0131lar\u0131 i\u00e7in \u00e7ok daha dik fiyatland\u0131rmalar oldu\u011funu belirtiyor.<\/p>\n<p>WTW ayr\u0131ca, 2025&#8217;ten kalma Kuzey Amerika taleplerinin hala geli\u015ftirme a\u015famas\u0131nda oldu\u011funu ve rezervlerin yeniden de\u011ferlendirilmesini gerektirebilece\u011fini s\u00f6yledi. Arac\u0131 kurum, sigortac\u0131 davran\u0131\u015f\u0131n\u0131 \u00f6l\u00e7\u00fcl\u00fc olarak tan\u0131mlarken, ta\u015f\u0131y\u0131c\u0131lar\u0131n piyasaya yeni kapasite davet etmeden s\u00fcrd\u00fcr\u00fclebilir fiyatland\u0131rma aray\u0131\u015f\u0131nda oldu\u011funu belirtti.<\/p>\n<p>#HavayoluSigortas\u0131 #Ortado\u011fuGerilimi #ABD\u0130ran\u00c7at\u0131\u015fmas\u0131 #Havac\u0131l\u0131kRiski #SigortaPiyasas\u0131 #JeopolitikGerilim #U\u00e7u\u015fG\u00fcvenli\u011fi #Yak\u0131tMaliyetleri #SigortaYenileme #K\u00fcreselHavac\u0131l\u0131k<\/p>\n","protected":false},"excerpt":{"rendered":"<p>ABD ile \u0130ran aras\u0131ndaki gerilim, havayolu sigortas\u0131 m\u00fczakerelerinde merkezi bir konu haline geldi. Sigorta dan\u0131\u015fmanl\u0131k \u015firketi WTW, bu \u00e7at\u0131\u015fman\u0131n sigortac\u0131lar\u0131n Ortado\u011fu genelindeki havac\u0131l\u0131k riskini fiyatland\u0131rma \u015feklini de\u011fi\u015ftirdi\u011fi konusunda uyar\u0131yor. WTW&#8217;nin 2026&#8217;n\u0131n ikinci \u00e7eyre\u011fi i\u00e7in haz\u0131rlad\u0131\u011f\u0131 Havayolu Sigorta Piyasas\u0131 Yenileme G\u00f6r\u00fcn\u00fcm\u00fc raporunda, sekt\u00f6r \u00fczerinde \u00fc\u00e7 ana bask\u0131 noktas\u0131 belirlendi: operasyonel aksakl\u0131klar, daralan sigorta kapasitesi ve havac\u0131l\u0131k [&hellip;]<\/p>\n","protected":false},"author":2,"featured_media":13376,"comment_status":"open","ping_status":"open","sticky":false,"template":"","format":"standard","meta":{"footnotes":""},"categories":[37],"tags":[],"class_list":["post-13375","post","type-post","status-publish","format-standard","has-post-thumbnail","hentry","category-orta-dogu-haberleri"],"_links":{"self":[{"href":"https:\/\/fajr.news\/index.php?rest_route=\/wp\/v2\/posts\/13375","targetHints":{"allow":["GET"]}}],"collection":[{"href":"https:\/\/fajr.news\/index.php?rest_route=\/wp\/v2\/posts"}],"about":[{"href":"https:\/\/fajr.news\/index.php?rest_route=\/wp\/v2\/types\/post"}],"author":[{"embeddable":true,"href":"https:\/\/fajr.news\/index.php?rest_route=\/wp\/v2\/users\/2"}],"replies":[{"embeddable":true,"href":"https:\/\/fajr.news\/index.php?rest_route=%2Fwp%2Fv2%2Fcomments&post=13375"}],"version-history":[{"count":0,"href":"https:\/\/fajr.news\/index.php?rest_route=\/wp\/v2\/posts\/13375\/revisions"}],"wp:featuredmedia":[{"embeddable":true,"href":"https:\/\/fajr.news\/index.php?rest_route=\/wp\/v2\/media\/13376"}],"wp:attachment":[{"href":"https:\/\/fajr.news\/index.php?rest_route=%2Fwp%2Fv2%2Fmedia&parent=13375"}],"wp:term":[{"taxonomy":"category","embeddable":true,"href":"https:\/\/fajr.news\/index.php?rest_route=%2Fwp%2Fv2%2Fcategories&post=13375"},{"taxonomy":"post_tag","embeddable":true,"href":"https:\/\/fajr.news\/index.php?rest_route=%2Fwp%2Fv2%2Ftags&post=13375"}],"curies":[{"name":"wp","href":"https:\/\/api.w.org\/{rel}","templated":true}]}}