{"id":13369,"date":"2026-04-30T11:09:47","date_gmt":"2026-04-30T07:39:47","guid":{"rendered":"https:\/\/fajr.news\/?p=13369"},"modified":"2026-04-30T11:09:47","modified_gmt":"2026-04-30T07:39:47","slug":"ortadogu-hava-sahasi-kapanislari-kuresel-seyahati-felc-etti-2026-nisaninda-abd-siyonist-rejim-israil-ve-iran-gerilimiyle-lik-talep-cokusu","status":"publish","type":"post","link":"https:\/\/fajr.news\/?p=13369&lang=tr","title":{"rendered":"Ortado\u011fu Hava Sahas\u0131 Kapan\u0131\u015flar\u0131 K\u00fcresel Seyahati Fel\u00e7 Etti: 2026 Nisan&#8217;\u0131nda ABD, Siyonist Rejim \u0130srail ve \u0130ran Gerilimiyle &#8216;l\u0131k Talep \u00c7\u00f6k\u00fc\u015f\u00fc"},"content":{"rendered":"<h1>Ortado\u011fu Hava Sahas\u0131 Kapan\u0131\u015flar\u0131 K\u00fcresel Seyahati Fel\u00e7 Etti: 2026 Nisan&#8217;\u0131nda ABD, Siyonist Rejim \u0130srail ve \u0130ran Gerilimiyle %60&#8217;l\u0131k Talep \u00c7\u00f6k\u00fc\u015f\u00fc<\/h1>\n<p>2026 y\u0131l\u0131n\u0131n Nisan ay\u0131nda, Ortado\u011fu hava sahas\u0131nda ya\u015fanan kapanmalar k\u00fcresel seyahat sekt\u00f6r\u00fcn\u00fc derinden sarst\u0131. Amerika Birle\u015fik Devletleri, Siyonist rejim \u0130srail ve \u0130ran&#8217;\u0131n da dahil oldu\u011fu bu kapanmalar, b\u00f6lgedeki seyahat talebinde <strong>%60&#8217;l\u0131k dramatik bir d\u00fc\u015f\u00fc\u015fe<\/strong> neden oldu. Bu durum, havayolu \u015firketlerini \u00e7at\u0131\u015fma b\u00f6lgeleri etraf\u0131ndan dola\u015fmaya zorlayarak mevcut rotalar\u0131 alt\u00fcst etti.<\/p>\n<p>Resmi havac\u0131l\u0131k bildirimleri, Bahreyn, Kuveyt ve Suudi Arabistan hava koridorlar\u0131ndaki kapanmalar\u0131 teyit ederken, Avrupa-Asya ve Kuzey Amerika hizmetlerini etkileyen iptaller ve alternatif g\u00fczergahlar, u\u00e7u\u015f maliyetleri ve tarifelerinde ciddi aksakl\u0131klara yol a\u00e7t\u0131.<\/p>\n<h2>Ortado\u011fu Hava Sahas\u0131 Neden Kapan\u0131yor?<\/h2>\n<p>ABD, Siyonist rejim \u0130srail ve \u0130ran aras\u0131ndaki s\u00fcregelen jeopolitik gerilimler, Ortado\u011fu hava sahas\u0131nda \u00f6nemli aksakl\u0131klara yol a\u00e7t\u0131. B\u00f6lgedeki bir\u00e7ok \u00fclke, ticari u\u00e7u\u015flar i\u00e7in hava sahalar\u0131n\u0131 kapatma veya k\u0131s\u0131tlama yoluna gitti. Bu durum, havayolu \u015firketlerini normalde bu etkilenen b\u00f6lgelerden ge\u00e7ecek u\u00e7u\u015flar\u0131 ya yeniden y\u00f6nlendirmeye ya da iptal etmeye mecbur b\u0131rakt\u0131.<\/p>\n<h2>Hava Sahas\u0131 Kapan\u0131\u015flar\u0131 Ortado\u011fu Havayollar\u0131n\u0131 Nas\u0131l Etkiliyor?<\/h2>\n<p>IATA taraf\u0131ndan bildirildi\u011fi \u00fczere, Mart 2026&#8217;da uluslararas\u0131 trafikte <strong>%60,8&#8217;lik bir d\u00fc\u015f\u00fc\u015fle<\/strong> en a\u011f\u0131r darbeyi Ortado\u011fu havayolu \u015firketleri ald\u0131. Bu keskin d\u00fc\u015f\u00fc\u015f, ba\u015fta hava sahas\u0131 kapan\u0131\u015flar\u0131 ve \u00e7at\u0131\u015fmalar nedeniyle havayollar\u0131n\u0131n ola\u011fan rotalar\u0131n\u0131 i\u015fletememesi olarak g\u00f6steriliyor. Ortado\u011fu ta\u015f\u0131y\u0131c\u0131lar\u0131, \u00f6nceki y\u0131llara k\u0131yasla kapasite azaltmalar\u0131 ve daha d\u00fc\u015f\u00fck doluluk oranlar\u0131 ile zaten zorluklarla kar\u015f\u0131 kar\u015f\u0131yayd\u0131.<\/p>\n<h2>Ortado\u011fu Seyahat Talebindeki \u00c7\u00f6k\u00fc\u015f K\u00fcresel Seyahati Nas\u0131l Etkiliyor?<\/h2>\n<p>Ortado\u011fu seyahat talebindeki <strong>%60&#8217;l\u0131k \u00e7\u00f6k\u00fc\u015f<\/strong>, yak\u0131n havac\u0131l\u0131k tarihindeki en ciddi aksakl\u0131klardan biri olarak kay\u0131tlara ge\u00e7ti. Bir\u00e7ok uluslararas\u0131 u\u00e7u\u015fun b\u00f6lge \u00fczerinden ge\u00e7mesi nedeniyle, bu durum \u00f6zellikle geleneksel olarak Ortado\u011fu hava sahas\u0131 \u00fczerinden ge\u00e7en Avrupa ve Asya aras\u0131ndaki havayollar\u0131 i\u00e7in yayg\u0131n u\u00e7u\u015f iptallerine ve rota de\u011fi\u015fikliklerine yol a\u00e7t\u0131. Bu durum, Dubai, Doha veya Abu Dabi \u00fczerinden transit ge\u00e7i\u015f yapmay\u0131 planlayan yolcular i\u00e7in \u00f6zellikle zorlay\u0131c\u0131 oldu.<\/p>\n<p>Sonu\u00e7 olarak, bir\u00e7ok havayolu b\u00f6lgeden tamamen ka\u00e7\u0131narak, Avrupa ile Asya aras\u0131ndaki u\u00e7u\u015flar\u0131 Ortado\u011fu hava sahas\u0131ndan uzak tutmak i\u00e7in yeniden y\u00f6nlendiriyor. Bu durum, \u00f6zellikle Avrupa&#8217;dan Asya&#8217;ya giden rotalarda daha uzun u\u00e7u\u015f s\u00fcreleri yarat\u0131yor, bu da daha y\u00fcksek i\u015fletme maliyetlerine ve seyahat davran\u0131\u015flar\u0131nda bir de\u011fi\u015fime yol a\u00e7\u0131yor.<\/p>\n<h2>Ortado\u011fu Hava Sahas\u0131 Kapan\u0131\u015flar\u0131n\u0131n Havayollar\u0131 ve Yolcular \u00dczerindeki Sonu\u00e7lar\u0131 Nelerdir?<\/h2>\n<p>Ortado\u011fu hava sahas\u0131 kapan\u0131\u015flar\u0131, havayollar\u0131n\u0131, yolcular\u0131 ve t\u00fcm havac\u0131l\u0131k ekosistemini etkileyen bir domino etkisi yaratt\u0131. Havayollar\u0131, yolcu ve m\u00fcrettebat g\u00fcvenli\u011fini sa\u011flarken karl\u0131l\u0131\u011f\u0131 s\u00fcrd\u00fcrme gibi zorlu bir denge oyunuyla kar\u015f\u0131 kar\u015f\u0131ya kald\u0131.<\/p>\n<h2>Uluslararas\u0131 U\u00e7u\u015flar Neden Daha Pahal\u0131 Hale Geliyor?<\/h2>\n<p>S\u00fcregelen yak\u0131t k\u0131tl\u0131\u011f\u0131 ve y\u00fcksek yak\u0131t fiyatlar\u0131 da bilet fiyatlar\u0131n\u0131 art\u0131rarak mevcut duruma ba\u015fka bir karma\u015f\u0131kl\u0131k katman\u0131 ekliyor. Ortado\u011fu&#8217;nun Asya ve Avrupa gibi b\u00f6lgeler i\u00e7in \u00f6nemli bir jet yak\u0131t\u0131 tedarik kayna\u011f\u0131 olmas\u0131 nedeniyle, yak\u0131t teslimat\u0131ndaki aksakl\u0131klar havayollar\u0131n\u0131n tutarl\u0131 ve uygun fiyatl\u0131 yak\u0131t kaynaklar\u0131 bulmas\u0131n\u0131 zorla\u015ft\u0131rd\u0131. Sonu\u00e7 olarak, havayollar\u0131 artan maliyetleri yolculara yans\u0131tmak zorunda kalarak bilet fiyatlar\u0131n\u0131 y\u00fckseltiyor.<\/p>\n<h2>IATA Genel Direkt\u00f6r\u00fc Willie Walsh&#8217;tan Yak\u0131t Uyar\u0131s\u0131: 2026 Yaz\u0131 \u0130\u00e7in Ne Anlama Geliyor?<\/h2>\n<p>IATA Genel Direkt\u00f6r\u00fc Willie Walsh&#8217;a g\u00f6re, jet yak\u0131t\u0131 k\u0131tl\u0131\u011f\u0131 havayollar\u0131n\u0131 ciddi \u015fekilde etkileyen uzun vadeli bir sorun haline gelebilir. Jet yak\u0131t\u0131n\u0131n ola\u011fan\u00fcst\u00fc y\u00fcksek maliyeti zaten bilet fiyatlar\u0131nda g\u00f6r\u00fcn\u00fcr durumda, ancak Walsh, yak\u0131t tedarik sorunlar\u0131 \u00e7\u00f6z\u00fclmezse yaz seyahat d\u00f6neminde daha fazla aksakl\u0131\u011fa neden olabilece\u011fi konusunda uyar\u0131yor. 2026 yaz\u0131 yakla\u015f\u0131rken, havayollar\u0131 artan i\u015fletme maliyetlerini yolculara yans\u0131tt\u0131k\u00e7a, seyahat edenler daha y\u00fcksek u\u00e7ak bileti fiyatlar\u0131 bekleyebilirler.<\/p>\n<h2>Yak\u0131t K\u0131s\u0131tlamas\u0131n\u0131n Bilet Fiyatlar\u0131 \u00dczerindeki Etkisi<\/h2>\n<p>\u00d6zellikle Ortado\u011fu yak\u0131t tedarik\u00e7ilerine b\u00fcy\u00fck \u00f6l\u00e7\u00fcde ba\u011f\u0131ml\u0131 olan b\u00f6lgelerde yak\u0131t k\u0131s\u0131tlamas\u0131, \u00f6n\u00fcm\u00fczdeki aylarda ek bilet fiyat\u0131 art\u0131\u015flar\u0131na yol a\u00e7abilir. Ortado\u011fu \u00fczerindeki hava sahas\u0131na ba\u011f\u0131ml\u0131 olan havayollar\u0131 i\u00e7in, mevcut yak\u0131t eksikli\u011fi ve uzayan u\u00e7u\u015f rotalar\u0131 i\u015fletme maliyetlerini art\u0131racak ve havayollar\u0131n\u0131 karl\u0131l\u0131\u011f\u0131 s\u00fcrd\u00fcrmek i\u00e7in daha y\u00fcksek fiyatlar talep etmeye itecektir.<\/p>\n<h2>Havayollar\u0131 2026&#8217;da Ortado\u011fu Hava Sahas\u0131ndan Nas\u0131l Ka\u00e7\u0131n\u0131yor?<\/h2>\n<p>Havayollar\u0131, s\u00fcregelen kapan\u0131\u015flar ve k\u0131s\u0131tlamalara yan\u0131t olarak Ortado\u011fu hava sahas\u0131ndan ka\u00e7\u0131nmaya ba\u015flad\u0131. En \u00f6nemli etki, geleneksel olarak Ortado\u011fu \u00fczerinden ge\u00e7en Avrupa ve Asya aras\u0131ndaki en uzun u\u00e7u\u015flarda g\u00f6r\u00fcld\u00fc. Bu u\u00e7u\u015flar art\u0131k b\u00f6lgeden ka\u00e7\u0131nmak i\u00e7in yeniden y\u00f6nlendirildi\u011finden, yolcular havayollar\u0131 rotalar\u0131n\u0131 ayarlad\u0131k\u00e7a daha uzun yolculuk s\u00fcreleri ve daha s\u0131k aktarmalar bekleyebilirler.<\/p>\n<h2>Ortado\u011fu Hava Sahas\u0131ndan Ka\u00e7\u0131nan En Uzun U\u00e7u\u015flar Hangileri?<\/h2>\n<p>Bu de\u011fi\u015fikliklerden etkilenen en uzun u\u00e7u\u015flardan baz\u0131lar\u0131, Avrupa ve Asya aras\u0131ndaki direkt u\u00e7u\u015flar\u0131 i\u00e7eriyor. Londra ve Paris gibi \u015fehirlerden \u015eanghay, Hong Kong ve Tokyo gibi destinasyonlara yap\u0131lan u\u00e7u\u015flar art\u0131k Ortado\u011fu hava sahas\u0131n\u0131 atlayan daha uzun u\u00e7u\u015f rotalar\u0131 gerektiriyor. Bu durum, yeniden y\u00f6nlendirilen rotalar sonucunda daha uzun u\u00e7u\u015f s\u00fcreleriyle kar\u015f\u0131la\u015fan Asya ve Kuzey Amerika aras\u0131ndaki aktarmas\u0131z u\u00e7u\u015flar i\u00e7in \u00f6zellikle dikkat \u00e7ekici.<\/p>\n<h2>Havayollar\u0131 Ortado\u011fu Hava Sahas\u0131 Krizine Nas\u0131l Yan\u0131t Veriyor?<\/h2>\n<p>Yolcu konforu ve u\u00e7u\u015f tarifeleri \u00fczerindeki etkiyi azaltmak i\u00e7in bir\u00e7ok havayolu, daha uzun u\u00e7u\u015f s\u00fcrelerini kar\u015f\u0131lamak ve yolcular\u0131n yine de var\u0131\u015f noktalar\u0131na ula\u015fabilmelerini sa\u011flamak amac\u0131yla daha b\u00fcy\u00fck u\u00e7aklar kullan\u0131yor. Ancak bu \u00e7\u00f6z\u00fcm, artan yak\u0131t t\u00fcketimi ve gecikme potansiyeli gibi kendi zorluklar\u0131yla birlikte geliyor.<\/p>\n<h2>Ortado\u011fu Hava Sahas\u0131 Krizi 2026 Yaz\u0131nda K\u00fcresel Seyahati Nas\u0131l Etkileyecek?<\/h2>\n<p>Yaz seyahat sezonu yakla\u015f\u0131rken, Ortado\u011fu hava sahas\u0131 kapan\u0131\u015flar\u0131n\u0131n neden oldu\u011fu aksakl\u0131\u011f\u0131n k\u00fcresel seyahat talebi \u00fczerinde \u00f6nemli bir etki yaratmaya devam etmesi bekleniyor. Asya Pasifik ve Avrupa gibi di\u011fer b\u00f6lgeler yolcu talebinde b\u00fcy\u00fcme g\u00f6sterirken, Ortado\u011fu&#8217;daki trafik \u00e7\u00f6k\u00fc\u015f\u00fc havac\u0131l\u0131k end\u00fcstrisi i\u00e7in b\u00fcy\u00fck bir endi\u015fe kayna\u011f\u0131.<\/p>\n<h2>2026 Yaz\u0131 U\u00e7ak Bileti Fiyat Tahmini<\/h2>\n<p>Havayollar\u0131 yak\u0131t k\u0131s\u0131tlamas\u0131na ve daha uzun u\u00e7u\u015f rotalar\u0131na uyum sa\u011flamak zorunda kald\u0131k\u00e7a, u\u00e7ak bileti fiyatlar\u0131n\u0131n, \u00f6zellikle Ortado\u011fu&#8217;dan ge\u00e7en veya yak\u0131t k\u0131tl\u0131\u011f\u0131ndan etkilenen rotalar i\u00e7in t\u0131rmanmaya devam etmesi bekleniyor. Bilet fiyatlar\u0131ndaki art\u0131\u015f, t\u00fcketicilerin artan hava yolculu\u011fu maliyetlerine uyum sa\u011flamas\u0131yla uluslararas\u0131 seyahatte bir yava\u015flamaya yol a\u00e7abilir.<\/p>\n<h2>Kriz Ortado\u011fu D\u0131\u015f\u0131 B\u00f6lgeleri Nas\u0131l Etkiliyor?<\/h2>\n<p>Ortado\u011fu krizinin etkisi sadece b\u00f6lgeyle s\u0131n\u0131rl\u0131 de\u011fil. Yolcular Ortado\u011fu rotalar\u0131na alternatif arad\u0131k\u00e7a, Avrupa&#8217;dan Asya&#8217;ya direkt u\u00e7u\u015flarda bir art\u0131\u015f g\u00f6r\u00fcld\u00fc. Asl\u0131nda, trafik modellerindeki bu de\u011fi\u015fim, Asya ve Kuzey Amerika aras\u0131ndaki aktarmas\u0131z u\u00e7u\u015flara olan talebi art\u0131r\u0131rken, Afrika&#8217;n\u0131n havac\u0131l\u0131k b\u00fcy\u00fcme istatistikleri, yolcular Ortado\u011fu&#8217;dan ka\u00e7\u0131nd\u0131k\u00e7a talepte kayda de\u011fer bir art\u0131\u015f g\u00f6steriyor.<\/p>\n<h2>Sonu\u00e7: 2026&#8217;da Ortado\u011fu Hava Sahas\u0131 Kapan\u0131\u015flar\u0131n\u0131n Zorluklar\u0131yla Ba\u015fa \u00c7\u0131kmak<\/h2>\n<p>2026 Nisan&#8217;\u0131nda Ortado\u011fu hava sahas\u0131 kapan\u0131\u015flar\u0131, k\u00fcresel havac\u0131l\u0131k pazar\u0131nda derin bir etki yaratarak, Ortado\u011fu u\u00e7u\u015f trafi\u011finde <strong>%60,8&#8217;lik bir \u00e7\u00f6k\u00fc\u015fe<\/strong> yol a\u00e7t\u0131. Havayollar\u0131 yeni u\u00e7u\u015f rotalar\u0131na uyum sa\u011flamaya ve artan yak\u0131t maliyetleriyle ba\u015fa \u00e7\u0131kmaya \u00e7al\u0131\u015ft\u0131k\u00e7a, 2026 yaz\u0131nda u\u00e7ak bileti fiyatlar\u0131n\u0131n t\u0131rmanmaya devam etmesi bekleniyor. Uluslararas\u0131 seyahat planlayan yolcular i\u00e7in, bu s\u00fcregelen aksakl\u0131klar nedeniyle olas\u0131 gecikmeler, u\u00e7u\u015f iptalleri ve bilet fiyatlar\u0131ndaki de\u011fi\u015fiklikler hakk\u0131nda bilgi sahibi olmak hayati \u00f6nem ta\u015f\u0131yor.<\/p>\n<p>Ortado\u011fu hava sahas\u0131 krizinin daha geni\u015f kapsaml\u0131 etkilerini anlayarak, havayollar\u0131, yolcular ve sekt\u00f6r payda\u015flar\u0131, b\u00f6lgedeki istikrars\u0131zl\u0131\u011f\u0131n yaratt\u0131\u011f\u0131 zorluklarla daha iyi ba\u015fa \u00e7\u0131kabilir ve bu engellere ra\u011fmen yo\u011fun bir yaz seyahat sezonuna haz\u0131rlanabilirler.<\/p>\n<p>#Ortado\u011fuHavaSahas\u0131 #K\u00fcreselSeyahat #U\u00e7u\u015f\u0130ptalleri #Havac\u0131l\u0131kKrizi #Yak\u0131tFiyatlar\u0131 #SeyahatTalebi #JeopolitikGerilim #2026Seyahat #Havayollar\u0131 #U\u00e7akBiletiFiyatlar\u0131<\/p>\n","protected":false},"excerpt":{"rendered":"<p>Ortado\u011fu Hava Sahas\u0131 Kapan\u0131\u015flar\u0131 K\u00fcresel Seyahati Fel\u00e7 Etti: 2026 Nisan&#8217;\u0131nda ABD, Siyonist Rejim \u0130srail ve \u0130ran Gerilimiyle %60&#8217;l\u0131k Talep \u00c7\u00f6k\u00fc\u015f\u00fc 2026 y\u0131l\u0131n\u0131n Nisan ay\u0131nda, Ortado\u011fu hava sahas\u0131nda ya\u015fanan kapanmalar k\u00fcresel seyahat sekt\u00f6r\u00fcn\u00fc derinden sarst\u0131. Amerika Birle\u015fik Devletleri, Siyonist rejim \u0130srail ve \u0130ran&#8217;\u0131n da dahil oldu\u011fu bu kapanmalar, b\u00f6lgedeki seyahat talebinde %60&#8217;l\u0131k dramatik bir d\u00fc\u015f\u00fc\u015fe neden [&hellip;]<\/p>\n","protected":false},"author":2,"featured_media":0,"comment_status":"open","ping_status":"open","sticky":false,"template":"","format":"standard","meta":{"footnotes":""},"categories":[37],"tags":[],"class_list":["post-13369","post","type-post","status-publish","format-standard","hentry","category-orta-dogu-haberleri"],"_links":{"self":[{"href":"https:\/\/fajr.news\/index.php?rest_route=\/wp\/v2\/posts\/13369","targetHints":{"allow":["GET"]}}],"collection":[{"href":"https:\/\/fajr.news\/index.php?rest_route=\/wp\/v2\/posts"}],"about":[{"href":"https:\/\/fajr.news\/index.php?rest_route=\/wp\/v2\/types\/post"}],"author":[{"embeddable":true,"href":"https:\/\/fajr.news\/index.php?rest_route=\/wp\/v2\/users\/2"}],"replies":[{"embeddable":true,"href":"https:\/\/fajr.news\/index.php?rest_route=%2Fwp%2Fv2%2Fcomments&post=13369"}],"version-history":[{"count":0,"href":"https:\/\/fajr.news\/index.php?rest_route=\/wp\/v2\/posts\/13369\/revisions"}],"wp:attachment":[{"href":"https:\/\/fajr.news\/index.php?rest_route=%2Fwp%2Fv2%2Fmedia&parent=13369"}],"wp:term":[{"taxonomy":"category","embeddable":true,"href":"https:\/\/fajr.news\/index.php?rest_route=%2Fwp%2Fv2%2Fcategories&post=13369"},{"taxonomy":"post_tag","embeddable":true,"href":"https:\/\/fajr.news\/index.php?rest_route=%2Fwp%2Fv2%2Ftags&post=13369"}],"curies":[{"name":"wp","href":"https:\/\/api.w.org\/{rel}","templated":true}]}}