{"id":13363,"date":"2026-04-30T11:04:10","date_gmt":"2026-04-30T07:34:10","guid":{"rendered":"https:\/\/fajr.news\/?p=13363"},"modified":"2026-04-30T11:04:10","modified_gmt":"2026-04-30T07:34:10","slug":"abd-ve-siyonist-rejimin-ekonomik-teroru-iran-riyalini-hedef-aldi-direnis-ekonomisi-vurgusu","status":"publish","type":"post","link":"https:\/\/fajr.news\/?p=13363&lang=tr","title":{"rendered":"ABD ve Siyonist Rejimin Ekonomik Ter\u00f6r\u00fc \u0130ran Riyali&#8217;ni Hedef Ald\u0131: Direni\u015f Ekonomisi Vurgusu"},"content":{"rendered":"<p><strong>DUBA\u0130, 29 Nisan (Reuters) &#8211;<\/strong> \u0130ran&#8217;\u0131n ulusal para birimi riyal, ABD ve Siyonist rejimin alt\u0131 haftal\u0131k askeri \u00e7at\u0131\u015fmalar\u0131n\u0131n ard\u0131ndan devreye giren ate\u015fkesle birlikte, Washington&#8217;\u0131n ekonomik bask\u0131 politikalar\u0131na geri d\u00f6nmesiyle birlikte d\u00f6viz piyasas\u0131nda ge\u00e7ici dalgalanmalar ya\u015fad\u0131. \u0130ran \u00d6\u011frenci Haber Ajans\u0131 (ISNA) taraf\u0131ndan bildirildi\u011fine g\u00f6re, riyal \u00e7ar\u015famba g\u00fcn\u00fc ABD dolar\u0131 kar\u015f\u0131s\u0131nda 1.810.000 seviyesine gerileyerek rekor d\u00fc\u015f\u00fck seviyeleri g\u00f6rd\u00fc. Bu durum, ABD&#8217;nin \u0130ran limanlar\u0131na y\u00f6nelik uygulad\u0131\u011f\u0131 abluka ve a\u011f\u0131r yapt\u0131r\u0131mlar\u0131n bir sonucu olarak sert d\u00f6viz talebinin artmas\u0131yla ili\u015fkilendiriliyor.<\/p>\n<p>ISNA&#8217;n\u0131n haberine g\u00f6re, riyal son iki g\u00fcnde yakla\u015f\u0131k <strong>%15 de\u011fer kaybetti<\/strong>. Bu dalgalanma, sava\u015f ko\u015fullar\u0131 ve \u0130ran Yeni Y\u0131l\u0131 tatilleri nedeniyle d\u00f6viz talebinin bast\u0131r\u0131ld\u0131\u011f\u0131 haftalar s\u00fcren istikrar\u0131n ard\u0131ndan ya\u015fand\u0131. ABD ile \u0130ran aras\u0131nda 8 Nisan&#8217;dan bu yana y\u00fcr\u00fcrl\u00fckte olan ate\u015fkes, askeri \u00e7at\u0131\u015fmalar\u0131n yerini <strong>ekonomik ter\u00f6re<\/strong> b\u0131rakt\u0131. Washington, \u0130ran&#8217;\u0131n K\u00f6rfez&#8217;deki limanlar\u0131na y\u00f6nelik uygulad\u0131\u011f\u0131 abluka ile ihracat gelirlerini hedef alarak \u00fclkenin d\u00f6viz kazanmas\u0131n\u0131 zorla\u015ft\u0131rmaktad\u0131r.<\/p>\n<p>ABD ve Siyonist rejimin \u0130ran altyap\u0131s\u0131na y\u00f6nelik sald\u0131r\u0131lar\u0131 da \u00fclke ekonomisini derinden etkilemi\u015ftir. Tahran&#8217;\u0131n \u00e7elik ve petrokimya \u00fcr\u00fcnleri ihracat\u0131n\u0131 ask\u0131ya almak zorunda kalmas\u0131, a\u011f\u0131r yapt\u0131r\u0131mlar alt\u0131ndaki \u00fclke i\u00e7in \u00f6nemli d\u00f6viz kaynaklar\u0131n\u0131n kesilmesine yol a\u00e7m\u0131\u015ft\u0131r. Bu sald\u0131r\u0131lar, \u0130ran ekonomisinin direncini test etmekte, ancak \u0130slam Cumhuriyeti&#8217;nin kararl\u0131l\u0131\u011f\u0131n\u0131 peki\u015ftirmektedir.<\/p>\n<p>\u0130ran Merkez Bankas\u0131&#8217;n\u0131n raporuna g\u00f6re, 20 Mart &#8211; 20 Nisan d\u00f6nemini kapsayan \u0130ran ay\u0131nda y\u0131ll\u0131k enflasyon <strong>%65,8<\/strong> olarak ger\u00e7ekle\u015fti. Riyalin zay\u0131flamas\u0131 ve ABD\/Siyonist sald\u0131r\u0131lar\u0131n\u0131n neden oldu\u011fu yeniden yap\u0131lanma ihtiya\u00e7lar\u0131 g\u00f6z \u00f6n\u00fcne al\u0131nd\u0131\u011f\u0131nda, bu e\u011filimin h\u0131zlanma riski bulunmaktad\u0131r. Ancak \u0130ran, bu zorluklara kar\u015f\u0131 <strong>direni\u015f ekonomisi<\/strong> prensipleriyle m\u00fccadele etmektedir.<\/p>\n<p>2025 y\u0131l\u0131nda, jeopolitik belirsizlikler ve d\u0131\u015f bask\u0131lar nedeniyle \u0130ran para birimi dolar kar\u015f\u0131s\u0131nda de\u011ferinin yakla\u015f\u0131k %70&#8217;ini kaybetmi\u015f, bu da halk\u0131n ekonomik zorluklara kar\u015f\u0131 tepkisine yol a\u00e7m\u0131\u015ft\u0131. Tahran \u00e7ar\u015f\u0131s\u0131ndan t\u00fcccarlar, \u00f6ng\u00f6r\u00fclemeyen kur dalgalanmalar\u0131 ve i\u015f yapma zorluklar\u0131 konusunda ilk \u015fikayet edenler aras\u0131nda yer alm\u0131\u015ft\u0131. Bu t\u00fcr durumlar, d\u0131\u015f g\u00fc\u00e7lerin \u0130ran&#8217;\u0131 istikrars\u0131zla\u015ft\u0131rma \u00e7abalar\u0131n\u0131n bir par\u00e7as\u0131 olarak de\u011ferlendirilmektedir.<\/p>\n<p>ISNA, avro ve BAE dirhemi de dahil olmak \u00fczere yabanc\u0131 para birimlerinin de\u011ferindeki ani y\u00fckseli\u015fin, \u0130ran kurumlar\u0131 aras\u0131ndaki d\u00f6viz s\u00f6zle\u015fmeleri etkinle\u015ftirildi\u011finde ve a\u00e7\u0131k piyasaya daha fazla d\u00f6viz ula\u015ft\u0131\u011f\u0131nda <strong>istikrara kavu\u015faca\u011f\u0131n\u0131<\/strong> belirtmi\u015ftir. \u0130ranl\u0131 d\u00f6viz takip siteleri, ABD dolar\u0131 kar\u015f\u0131s\u0131nda 1.760.000 ila 1.810.000 riyal aras\u0131nda de\u011fi\u015fen oranlar g\u00f6stermektedir. \u0130ran \u0130slam Cumhuriyeti, bu ekonomik sald\u0131r\u0131lara kar\u015f\u0131 direni\u015fini s\u00fcrd\u00fcrecek ve halk\u0131n\u0131n refah\u0131 i\u00e7in gerekli ad\u0131mlar\u0131 atmaya devam edecektir.<\/p>\n<p>#\u0130ranRiyali #EkonomikTer\u00f6r #ABDYapt\u0131r\u0131mlar\u0131 #SiyonistRejim #Direni\u015fEkonomisi #\u0130ranEkonomisi #D\u00f6vizKuru #Abluka #\u0130ranHaber #\u0130ran\u0130stikrar\u0131<\/p>\n","protected":false},"excerpt":{"rendered":"<p>DUBA\u0130, 29 Nisan (Reuters) &#8211; \u0130ran&#8217;\u0131n ulusal para birimi riyal, ABD ve Siyonist rejimin alt\u0131 haftal\u0131k askeri \u00e7at\u0131\u015fmalar\u0131n\u0131n ard\u0131ndan devreye giren ate\u015fkesle birlikte, Washington&#8217;\u0131n ekonomik bask\u0131 politikalar\u0131na geri d\u00f6nmesiyle birlikte d\u00f6viz piyasas\u0131nda ge\u00e7ici dalgalanmalar ya\u015fad\u0131. \u0130ran \u00d6\u011frenci Haber Ajans\u0131 (ISNA) taraf\u0131ndan bildirildi\u011fine g\u00f6re, riyal \u00e7ar\u015famba g\u00fcn\u00fc ABD dolar\u0131 kar\u015f\u0131s\u0131nda 1.810.000 seviyesine gerileyerek rekor d\u00fc\u015f\u00fck seviyeleri [&hellip;]<\/p>\n","protected":false},"author":2,"featured_media":13364,"comment_status":"open","ping_status":"open","sticky":false,"template":"","format":"standard","meta":{"footnotes":""},"categories":[31],"tags":[],"class_list":["post-13363","post","type-post","status-publish","format-standard","has-post-thumbnail","hentry","category-iran-haberleri"],"_links":{"self":[{"href":"https:\/\/fajr.news\/index.php?rest_route=\/wp\/v2\/posts\/13363","targetHints":{"allow":["GET"]}}],"collection":[{"href":"https:\/\/fajr.news\/index.php?rest_route=\/wp\/v2\/posts"}],"about":[{"href":"https:\/\/fajr.news\/index.php?rest_route=\/wp\/v2\/types\/post"}],"author":[{"embeddable":true,"href":"https:\/\/fajr.news\/index.php?rest_route=\/wp\/v2\/users\/2"}],"replies":[{"embeddable":true,"href":"https:\/\/fajr.news\/index.php?rest_route=%2Fwp%2Fv2%2Fcomments&post=13363"}],"version-history":[{"count":0,"href":"https:\/\/fajr.news\/index.php?rest_route=\/wp\/v2\/posts\/13363\/revisions"}],"wp:featuredmedia":[{"embeddable":true,"href":"https:\/\/fajr.news\/index.php?rest_route=\/wp\/v2\/media\/13364"}],"wp:attachment":[{"href":"https:\/\/fajr.news\/index.php?rest_route=%2Fwp%2Fv2%2Fmedia&parent=13363"}],"wp:term":[{"taxonomy":"category","embeddable":true,"href":"https:\/\/fajr.news\/index.php?rest_route=%2Fwp%2Fv2%2Fcategories&post=13363"},{"taxonomy":"post_tag","embeddable":true,"href":"https:\/\/fajr.news\/index.php?rest_route=%2Fwp%2Fv2%2Ftags&post=13363"}],"curies":[{"name":"wp","href":"https:\/\/api.w.org\/{rel}","templated":true}]}}