{"id":13347,"date":"2026-04-30T10:04:16","date_gmt":"2026-04-30T06:34:16","guid":{"rendered":"https:\/\/fajr.news\/?p=13347"},"modified":"2026-04-30T10:04:16","modified_gmt":"2026-04-30T06:34:16","slug":"trump-kral-charlesin-iranin-nukleer-silah-yasagi-konusunda-kendisiyle-ayni-fikirde-oldugunu-iddia-etti","status":"publish","type":"post","link":"https:\/\/fajr.news\/?p=13347&lang=tr","title":{"rendered":"Trump, Kral Charles&#8217;\u0131n \u0130ran&#8217;\u0131n n\u00fckleer silah yasa\u011f\u0131 konusunda kendisiyle ayn\u0131 fikirde oldu\u011funu iddia etti"},"content":{"rendered":"<p>Donald Trump, Kral Charles&#8217;\u0131n \u0130ran&#8217;a asla n\u00fckleer silah sahibi olma izni verilmemesi gerekti\u011fi konusunda kendisiyle ayn\u0131 fikirde oldu\u011funu iddia etti.<br \/>\nTrump bu a\u00e7\u0131klamalar\u0131 Sal\u0131 g\u00fcn\u00fc Beyaz Saray&#8217;da, ziyaret\u00e7i Charles ve Camilla onuruna verilen devlet yeme\u011finde, iki adam\u0131n o g\u00fcn\u00fcn erken saatlerinde ikili g\u00f6r\u00fc\u015fmeler yapmas\u0131n\u0131n ard\u0131ndan yapt\u0131.<br \/>\nDevlet ba\u015fkan\u0131 olarak kral, parti siyasetinin \u00fczerindedir ve tarafs\u0131z kal\u0131r. Trump&#8217;\u0131n yorumlar\u0131, kral\u0131n g\u00f6r\u00fc\u015flerinin \u2013 ya da en az\u0131ndan Trump&#8217;\u0131n onun g\u00f6r\u00fc\u015fleri oldu\u011funu iddia ettiklerinin \u2013 kamuoyuna a\u00e7\u0131klanmas\u0131 nedeniyle kraliyet yard\u0131mc\u0131lar\u0131 i\u00e7in bir miktar utan\u00e7 yaratabilir.<br \/>\nABD ba\u015fkan\u0131 Sal\u0131 ak\u015fam\u0131 beyaz kravatl\u0131 etkinlikteki konu\u015fmas\u0131nda \u015funlar\u0131 s\u00f6yledi: &#8220;\u015eu anda biraz Orta Do\u011fu \u00e7al\u0131\u015fmas\u0131 yap\u0131yoruz&#8230; ve \u00e7ok iyi gidiyoruz. O belirli rakibi askeri olarak yendik ve o rakibe asla, Charles benimle benden bile daha fazla ayn\u0131 fikirde, o rakibe asla n\u00fckleer silah sahibi olma izni vermeyece\u011fiz.&#8221;<br \/>\n&#8220;Onlar bunu biliyorlar ve \u015fu anda \u00e7ok g\u00fc\u00e7l\u00fc bir \u015fekilde biliyorlar.&#8221;<br \/>\nTrump&#8217;\u0131n \u00f6zel olarak konu\u015ftu\u011fu ki\u015filerin g\u00f6r\u00fc\u015flerine ili\u015fkin a\u00e7\u0131klamalar\u0131 \u2013 s\u0131k s\u0131k sosyal medya payla\u015f\u0131mlar\u0131nda ve halka a\u00e7\u0131k konu\u015fmalarda aktar\u0131lanlar \u2013 genellikle bu ki\u015filerin kendileri taraf\u0131ndan ifade edilen g\u00f6r\u00fc\u015flerle \u00e7eli\u015fmektedir.<br \/>\nBirle\u015fik Krall\u0131k&#8217;ta Liberal Demokrat lider Ed Davey, Pazartesi g\u00fcn\u00fc ba\u015flayan d\u00f6rt g\u00fcnl\u00fck devlet ziyareti i\u00e7in Charles yola \u00e7\u0131kmadan \u00f6nce kral\u0131n ABD gezisinin iptal edilmesi \u00e7a\u011fr\u0131s\u0131nda bulunmu\u015ftu. Davey bu ay\u0131n ba\u015flar\u0131nda Avam Kamaras\u0131&#8217;na \u015funlar\u0131 s\u00f6ylemi\u015fti: &#8220;Ba\u015fkan Trump d\u00fcnya sahnesinde g\u00f6rd\u00fc\u011f\u00fcm\u00fcz en tahmin edilemez insanlardan biri ve umar\u0131m h\u00fck\u00fcmdar\u0131m\u0131z\u0131 utand\u0131rmaz.&#8221;<br \/>\nBuckingham Saray\u0131 s\u00f6zc\u00fcs\u00fc \u015funlar\u0131 s\u00f6yledi: &#8220;Kral, h\u00fck\u00fcmetinin n\u00fckleer silahlar\u0131n yay\u0131lmas\u0131n\u0131n \u00f6nlenmesi konusundaki k\u00f6kl\u00fc ve iyi bilinen tutumunu do\u011fal olarak dikkate almaktad\u0131r.&#8221;<br \/>\n\u0130kili g\u00f6r\u00fc\u015fmenin ard\u0131ndan, ayr\u0131l\u0131rken gazeteciler taraf\u0131ndan sorgulanan Trump \u015funlar\u0131 s\u00f6yledi: &#8220;Ger\u00e7ekten iyi bir g\u00f6r\u00fc\u015fmeydi. O harika bir insan. Onlar inan\u0131lmaz insanlar ve bu ger\u00e7ek bir onur.&#8221;<br \/>\nDevlet yeme\u011findeki konu\u015fmas\u0131nda Charles, ABD ziyaretinin amac\u0131n\u0131n \u2013 Krali\u00e7e II. Elizabeth&#8217;in yakla\u015f\u0131k 70 y\u0131l \u00f6nce yapt\u0131\u011f\u0131 gibi \u2013 &#8220;ili\u015fkimize &#8216;\u00f6zel&#8217;i geri getirmek&#8221; oldu\u011funu ba\u015fkana ima etti. Charles, Britanya ile ABD aras\u0131ndaki ba\u011flardan bahsetti ve bunun, Elizabeth&#8217;in ili\u015fkileri onarmak i\u00e7in ABD&#8217;yi gezdi\u011fi 1956 S\u00fcvey\u015f Krizi sonras\u0131 olaylar\u0131 yans\u0131tt\u0131\u011f\u0131n\u0131 belirtti.<br \/>\nABD&#8217;nin, M\u0131s\u0131r&#8217;dan S\u00fcvey\u015f Kanal\u0131&#8217;n\u0131n kontrol\u00fcn\u00fc geri almak i\u00e7in Fransa ve \u0130srail ile y\u00fcr\u00fctt\u00fc\u011f\u00fc kampanyay\u0131 desteklemeyi reddetmesi \u00fczerine Britanya a\u015fa\u011f\u0131lanm\u0131\u015f, bu k\u0131sa \u00e7at\u0131\u015fma Birle\u015fik Krall\u0131k&#8217;\u0131n k\u00fcresel askeri g\u00fc\u00e7 rol\u00fcn\u00fcn sonunu i\u015faret etmi\u015fti.<br \/>\nAmazon&#8217;un kurucusu Jeff Bezos ve golf\u00e7\u00fc Rory McIlroy&#8217;un da aralar\u0131nda bulundu\u011fu ak\u015fam yeme\u011fi misafirlerine Charles \u015funlar\u0131 s\u00f6yledi: &#8220;Ve evet, daha yak\u0131n tarihte bile zor anlar\u0131m\u0131z oldu. Annem 1957&#8217;de ziyaret etti\u011finde, g\u00f6revlerinin en \u00f6nemlilerinden biri, Orta Do\u011fu&#8217;daki bir krizden sonra ili\u015fkimize &#8216;\u00f6zel&#8217;i geri getirmeye yard\u0131mc\u0131 olmakt\u0131.&#8221;<br \/>\nKral\u0131n &#8220;Yakla\u015f\u0131k 70 y\u0131l sonra, bug\u00fcn b\u00f6yle bir \u015feyin olabilece\u011fini hayal etmek zor&#8230;&#8221; demesi \u00fczerine baz\u0131 misafirler g\u00fcld\u00fc.<br \/>\nCharles&#8217;\u0131n bug\u00fcne kadarki en diplomatik a\u00e7\u0131dan hassas devlet ziyareti, Trump&#8217;\u0131n \u0130ran&#8217;daki sava\u015f konusunda Keir Starmer&#8217;a y\u00f6neltti\u011fi ele\u015ftirilerin g\u00f6lgesinde ger\u00e7ekle\u015fti.<br \/>\n\u0130ki adam aras\u0131ndaki ili\u015fkiler gergin seyretti; ba\u015fkan, Birle\u015fik Krall\u0131k&#8217;\u0131n \u0130ran sava\u015f\u0131na yakla\u015f\u0131m\u0131n\u0131 &#8220;korkun\u00e7&#8221; olarak nitelendirdi ve Starmer&#8217;a defalarca sald\u0131rd\u0131 \u2013 hatta bir noktada onu &#8220;Winston Churchill de\u011fil&#8221; olarak tan\u0131mlad\u0131.<br \/>\nSal\u0131 g\u00fcn\u00fc Beyaz Saray&#8217;\u0131n g\u00fcney \u00e7imlerinde Charles ve Camilla i\u00e7in t\u00f6rensel bir kar\u015f\u0131lama d\u00fczenlendi ve Trump, ABD ile Birle\u015fik Krall\u0131k aras\u0131ndaki &#8220;\u00f6zel ili\u015fkiyi&#8221; \u00f6vd\u00fc, krala &#8220;umar\u0131z hep b\u00f6yle kal\u0131r&#8221; dedi ve &#8220;Amerikal\u0131lar\u0131n Britanyal\u0131lardan daha yak\u0131n dostlar\u0131 olmad\u0131&#8221; diye ilan etti.<br \/>\nO g\u00fcn\u00fcn ilerleyen saatlerinde kral, Capitol Hill&#8217;de Kongre&#8217;ye tarihi bir konu\u015fma yapt\u0131 \u2013 1991&#8217;de II. Elizabeth&#8217;den sonra bunu yapan ikinci Britanya h\u00fck\u00fcmdar\u0131 oldu.<br \/>\nKonu\u015fmas\u0131nda Charles, \u0130ran sava\u015f\u0131ndan do\u011frudan bahsetmedi, ancak NATO&#8217;nun kilit rol\u00fcne de\u011findi ve Ukrayna&#8217;ya Rusya ile olan sava\u015f\u0131nda s\u00fcrekli deste\u011fin \u00f6nemini ve izolasyonizmin tehlikelerini vurgulad\u0131.<br \/>\n\u00c7ar\u015famba g\u00fcn\u00fc Charles ve Camilla, New York&#8217;taki 11 Eyl\u00fcl ter\u00f6r sald\u0131r\u0131lar\u0131n\u0131n yakla\u015fan 25. y\u0131ld\u00f6n\u00fcm\u00fcn\u00fc anmak i\u00e7in an\u0131t havuzlar\u0131ndan birine \u00e7i\u00e7ek b\u0131rakacaklar.<br \/>\n#Trump #KralCharles #\u0130ranN\u00fckleerSilah #BeyazSaray #DevletZiyareti #\u0130ngiltereABD\u0130li\u015fkileri #N\u00fckleerYay\u0131lma #OrtaDo\u011fu #S\u00fcvey\u015fKrizi #Diplomasi<\/p>\n","protected":false},"excerpt":{"rendered":"<p>Donald Trump, Kral Charles&#8217;\u0131n \u0130ran&#8217;a asla n\u00fckleer silah sahibi olma izni verilmemesi gerekti\u011fi konusunda kendisiyle ayn\u0131 fikirde oldu\u011funu iddia etti. Trump bu a\u00e7\u0131klamalar\u0131 Sal\u0131 g\u00fcn\u00fc Beyaz Saray&#8217;da, ziyaret\u00e7i Charles ve Camilla onuruna verilen devlet yeme\u011finde, iki adam\u0131n o g\u00fcn\u00fcn erken saatlerinde ikili g\u00f6r\u00fc\u015fmeler yapmas\u0131n\u0131n ard\u0131ndan yapt\u0131. Devlet ba\u015fkan\u0131 olarak kral, parti siyasetinin \u00fczerindedir ve tarafs\u0131z [&hellip;]<\/p>\n","protected":false},"author":2,"featured_media":13348,"comment_status":"open","ping_status":"open","sticky":false,"template":"","format":"standard","meta":{"footnotes":""},"categories":[31],"tags":[],"class_list":["post-13347","post","type-post","status-publish","format-standard","has-post-thumbnail","hentry","category-iran-haberleri"],"_links":{"self":[{"href":"https:\/\/fajr.news\/index.php?rest_route=\/wp\/v2\/posts\/13347","targetHints":{"allow":["GET"]}}],"collection":[{"href":"https:\/\/fajr.news\/index.php?rest_route=\/wp\/v2\/posts"}],"about":[{"href":"https:\/\/fajr.news\/index.php?rest_route=\/wp\/v2\/types\/post"}],"author":[{"embeddable":true,"href":"https:\/\/fajr.news\/index.php?rest_route=\/wp\/v2\/users\/2"}],"replies":[{"embeddable":true,"href":"https:\/\/fajr.news\/index.php?rest_route=%2Fwp%2Fv2%2Fcomments&post=13347"}],"version-history":[{"count":0,"href":"https:\/\/fajr.news\/index.php?rest_route=\/wp\/v2\/posts\/13347\/revisions"}],"wp:featuredmedia":[{"embeddable":true,"href":"https:\/\/fajr.news\/index.php?rest_route=\/wp\/v2\/media\/13348"}],"wp:attachment":[{"href":"https:\/\/fajr.news\/index.php?rest_route=%2Fwp%2Fv2%2Fmedia&parent=13347"}],"wp:term":[{"taxonomy":"category","embeddable":true,"href":"https:\/\/fajr.news\/index.php?rest_route=%2Fwp%2Fv2%2Fcategories&post=13347"},{"taxonomy":"post_tag","embeddable":true,"href":"https:\/\/fajr.news\/index.php?rest_route=%2Fwp%2Fv2%2Ftags&post=13347"}],"curies":[{"name":"wp","href":"https:\/\/api.w.org\/{rel}","templated":true}]}}