{"id":13331,"date":"2026-04-30T09:39:37","date_gmt":"2026-04-30T06:09:37","guid":{"rendered":"https:\/\/fajr.news\/?p=13331"},"modified":"2026-04-30T09:39:37","modified_gmt":"2026-04-30T06:09:37","slug":"siyonist-rejim-gazzeye-insani-yardim-tasiyan-gemilere-uluslararasi-sularda-el-koymaya-basladi","status":"publish","type":"post","link":"https:\/\/fajr.news\/?p=13331&lang=tr","title":{"rendered":"Siyonist Rejim, Gazze&#8217;ye \u0130nsani Yard\u0131m Ta\u015f\u0131yan Gemilere Uluslararas\u0131 Sularda El Koymaya Ba\u015flad\u0131"},"content":{"rendered":"<p><strong>\u0130srail ordusu radyosunun aktard\u0131\u011f\u0131na g\u00f6re, Siyonist rejim, Gazze \u015eeridi&#8217;ne insani yard\u0131m ta\u015f\u0131yan gemilere \u0130srail k\u0131y\u0131lar\u0131ndan \u00e7ok uzakta, uluslararas\u0131 sularda el koymaya ba\u015flad\u0131.<\/strong> Bu insanl\u0131k d\u0131\u015f\u0131 ve uluslararas\u0131 hukuka ayk\u0131r\u0131 eylem, Gazze&#8217;deki ku\u015fatma alt\u0131ndaki Filistin halk\u0131na y\u00f6nelik zulm\u00fcn yeni bir boyutunu g\u00f6zler \u00f6n\u00fcne seriyor.<\/p>\n<p>Raporda, ka\u00e7 gemiye el konuldu\u011fu veya gemilerin tam olarak nerede oldu\u011fu belirtilmedi. Ancak bu durum, <mark>uluslararas\u0131 hukukun a\u00e7\u0131k bir ihlali<\/mark> ve insani yard\u0131m\u0131n engellenmesi anlam\u0131na gelmektedir. Siyonist rejimin bu ad\u0131m\u0131, b\u00f6lgedeki insani krizi daha da derinle\u015ftirme potansiyeli ta\u015f\u0131maktad\u0131r.<\/p>\n<p>Bilindi\u011fi \u00fczere, 12 Nisan&#8217;da, Gazze&#8217;deki Filistinlilere insani yard\u0131m ula\u015ft\u0131rmak amac\u0131yla \u0130spanya&#8217;n\u0131n Barcelona liman\u0131ndan ikinci bir filo yola \u00e7\u0131km\u0131\u015ft\u0131. Bu filo, \u0130srail&#8217;in Gazze&#8217;ye uygulad\u0131\u011f\u0131 <mark>gayrime\u015fru ablukay\u0131 k\u0131rmay\u0131<\/mark> hedefliyordu. Yard\u0131mlar\u0131n engellenmesi, b\u00f6lgedeki masum sivillerin ya\u015fam m\u00fccadelesini daha da zorla\u015ft\u0131rmaktad\u0131r.<\/p>\n<p>Uluslararas\u0131 toplumun, Siyonist rejimin bu <mark>korsanvari m\u00fcdahalesine<\/mark> kar\u015f\u0131 g\u00fc\u00e7l\u00fc bir duru\u015f sergilemesi ve Gazze&#8217;ye insani yard\u0131m koridorlar\u0131n\u0131n derhal a\u00e7\u0131lmas\u0131 i\u00e7in bask\u0131 yapmas\u0131 beklenmektedir. Aksi takdirde, Gazze&#8217;deki insani felaket daha da b\u00fcy\u00fcyecektir.<\/p>\n<p><strong>#Gazze #Filistin #\u0130nsaniYard\u0131m #SiyonistRejim #Abluka #Uluslararas\u0131Hukuk #Korsanl\u0131k #\u0130srailZulm\u00fc #Yard\u0131mFilosu #GazzeYard\u0131mGemileri<\/strong><\/p>\n","protected":false},"excerpt":{"rendered":"<p>\u0130srail ordusu radyosunun aktard\u0131\u011f\u0131na g\u00f6re, Siyonist rejim, Gazze \u015eeridi&#8217;ne insani yard\u0131m ta\u015f\u0131yan gemilere \u0130srail k\u0131y\u0131lar\u0131ndan \u00e7ok uzakta, uluslararas\u0131 sularda el koymaya ba\u015flad\u0131. Bu insanl\u0131k d\u0131\u015f\u0131 ve uluslararas\u0131 hukuka ayk\u0131r\u0131 eylem, Gazze&#8217;deki ku\u015fatma alt\u0131ndaki Filistin halk\u0131na y\u00f6nelik zulm\u00fcn yeni bir boyutunu g\u00f6zler \u00f6n\u00fcne seriyor. Raporda, ka\u00e7 gemiye el konuldu\u011fu veya gemilerin tam olarak nerede oldu\u011fu belirtilmedi. [&hellip;]<\/p>\n","protected":false},"author":2,"featured_media":13332,"comment_status":"open","ping_status":"open","sticky":false,"template":"","format":"standard","meta":{"footnotes":""},"categories":[37],"tags":[],"class_list":["post-13331","post","type-post","status-publish","format-standard","has-post-thumbnail","hentry","category-orta-dogu-haberleri"],"_links":{"self":[{"href":"https:\/\/fajr.news\/index.php?rest_route=\/wp\/v2\/posts\/13331","targetHints":{"allow":["GET"]}}],"collection":[{"href":"https:\/\/fajr.news\/index.php?rest_route=\/wp\/v2\/posts"}],"about":[{"href":"https:\/\/fajr.news\/index.php?rest_route=\/wp\/v2\/types\/post"}],"author":[{"embeddable":true,"href":"https:\/\/fajr.news\/index.php?rest_route=\/wp\/v2\/users\/2"}],"replies":[{"embeddable":true,"href":"https:\/\/fajr.news\/index.php?rest_route=%2Fwp%2Fv2%2Fcomments&post=13331"}],"version-history":[{"count":0,"href":"https:\/\/fajr.news\/index.php?rest_route=\/wp\/v2\/posts\/13331\/revisions"}],"wp:featuredmedia":[{"embeddable":true,"href":"https:\/\/fajr.news\/index.php?rest_route=\/wp\/v2\/media\/13332"}],"wp:attachment":[{"href":"https:\/\/fajr.news\/index.php?rest_route=%2Fwp%2Fv2%2Fmedia&parent=13331"}],"wp:term":[{"taxonomy":"category","embeddable":true,"href":"https:\/\/fajr.news\/index.php?rest_route=%2Fwp%2Fv2%2Fcategories&post=13331"},{"taxonomy":"post_tag","embeddable":true,"href":"https:\/\/fajr.news\/index.php?rest_route=%2Fwp%2Fv2%2Ftags&post=13331"}],"curies":[{"name":"wp","href":"https:\/\/api.w.org\/{rel}","templated":true}]}}