{"id":13315,"date":"2026-04-30T09:29:52","date_gmt":"2026-04-30T05:59:52","guid":{"rendered":"https:\/\/fajr.news\/?p=13315"},"modified":"2026-04-30T09:29:52","modified_gmt":"2026-04-30T05:59:52","slug":"gazzede-hayat-sonuyor-elektrik-kesintileri-gecim-kaynaklarini-ve-saglik-hizmetlerini-yok-ediyor","status":"publish","type":"post","link":"https:\/\/fajr.news\/?p=13315&lang=tr","title":{"rendered":"Gazze&#8217;de Hayat S\u00f6n\u00fcyor: Elektrik Kesintileri Ge\u00e7im Kaynaklar\u0131n\u0131 ve Sa\u011fl\u0131k Hizmetlerini Yok Ediyor"},"content":{"rendered":"<p>\u0130\u015fletmeler \u00e7\u00f6k\u00fcyor, operasyonlar erteleniyor ve aileler, \u0130srail ku\u015fatmas\u0131 alt\u0131nda elektrik k\u0131tl\u0131\u011f\u0131n\u0131n derinle\u015fmesiyle hayatta kalma m\u00fccadelesi veriyor.<\/p>\n<p>\u0130srail sald\u0131r\u0131lar\u0131 nedeniyle yerinden edilen Filistinli aileler, Gazze \u015eehri&#8217;nin Tel Al-Hawa mahallesindeki bir UNRWA okulunda bar\u0131n\u0131yor.<\/p>\n<p>Pastalar\u0131n\u0131 dikkatlice haz\u0131rlamak i\u00e7in saatler harcad\u0131ktan sonra, Abrar Abdu f\u0131r\u0131n\u0131n\u0131n \u00f6n\u00fcnde \u015fa\u015fk\u0131nl\u0131k i\u00e7inde sessizce durdu.<\/p>\n<p>Gazze \u015eehri&#8217;ndeki k\u00fc\u00e7\u00fck, karanl\u0131k at\u00f6lyesinde tek \u0131\u015f\u0131k kayna\u011f\u0131 telefonunun feneriydi ve ani bir elektrik kesintisi ile ar\u0131zal\u0131 bir f\u0131r\u0131n\u0131n sonucu olan 27&#8217;den fazla mahvolmu\u015f pastay\u0131 ayd\u0131nlat\u0131yordu.<\/p>\n<p>Filistin yerle\u015fim b\u00f6lgesinde k\u00fc\u00e7\u00fck bir pasta i\u015fletmesi i\u015fleten 34 ya\u015f\u0131ndaki Abdu, sipari\u015flerini teslim edemedi\u011fi i\u00e7in m\u00fc\u015fterilerinden \u00f6z\u00fcr dilemek, her \u00f6demeyi iade etmek ve israf olan malzemelerin t\u00fcm maliyetini \u00fcstlenmek zorunda kald\u0131.<\/p>\n<p>Middle East Eye&#8217;a konu\u015fan Abdu, <strong>\u201cElektrik jenerat\u00f6rlerinin kronik istikrars\u0131zl\u0131\u011f\u0131 nedeniyle y\u0131k\u0131c\u0131 mali kay\u0131plara u\u011frad\u0131m\u201d<\/strong> dedi.<\/p>\n<p>Kay\u0131plar\u0131n kendisini u\u00e7urumun kenar\u0131na itti\u011fini, sadece kendi ge\u00e7im kayna\u011f\u0131n\u0131 de\u011fil, \u00e7al\u0131\u015fanlar\u0131n\u0131nkini de tehdit etti\u011fini s\u00f6zlerine ekledi.<\/p>\n<p>Gazze&#8217;nin 2,2 milyon sakini gibi Abdu da, \u0130srail&#8217;in 2023&#8217;teki soyk\u0131r\u0131m\u0131n ba\u015flang\u0131c\u0131nda \u015feride giden t\u00fcm elektrik hatlar\u0131n\u0131 kesmesinden bu yana g\u00fcvenilir bir elektrik tedariki sa\u011flamakta zorlan\u0131yor.<\/p>\n<p>B\u00f6lgenin tek elektrik santrali, enerji tedarikine y\u00f6nelik abluka nedeniyle yak\u0131t\u0131 bittikten sonra o y\u0131l 11 Ekim&#8217;de kapanm\u0131\u015ft\u0131.<\/p>\n<h2>&#8216;Mevcut Durum Devam Ederse Gazze Tamamen Karanl\u0131\u011fa G\u00f6m\u00fclecek&#8217;<\/h2>\n<p>Gazze&#8217;deki jenerat\u00f6r derne\u011finden Mustafa Abu Hassira, <strong>\u201cMevcut durum devam ederse Gazze tamamen karanl\u0131\u011fa g\u00f6m\u00fclecek\u201d<\/strong> dedi.<\/p>\n<p>O zamandan beri Gazze neredeyse tamamen karanl\u0131\u011fa g\u00f6m\u00fcld\u00fc; sakinler s\u0131n\u0131rl\u0131 g\u00fcne\u015f enerjisine veya pahal\u0131 \u00f6zel jenerat\u00f6rlere g\u00fcveniyor.<\/p>\n<p>Bir\u00e7o\u011fu, telefonlar\u0131n\u0131 ve pillerini \u015farj etmek i\u00e7in iki ila be\u015f \u015fekel (0,67 ila 1,67 dolar) \u00f6deyerek k\u00fc\u00e7\u00fck \u015farj istasyonlar\u0131na ba\u011f\u0131ml\u0131.<\/p>\n<p>Abdu, <strong>\u201cGazze \u015eeridi&#8217;ndeki toplam elektrik kesintisinden bu yana, fahi\u015f maliyetle elektrik sa\u011flayan ticari jenerat\u00f6rlere g\u00fcvenmek zorunda kald\u0131k\u201d<\/strong> dedi.<\/p>\n<p>Ekim ay\u0131nda imzalanan ate\u015fkes anla\u015fmas\u0131na ra\u011fmen, \u0130srail&#8217;in yak\u0131t giri\u015fine y\u00f6nelik k\u0131s\u0131tlamalar\u0131 devam ediyor, bu da hayatlar\u0131 yeniden in\u015fa etme \u00e7abalar\u0131n\u0131 zorla\u015ft\u0131r\u0131yor ve zaten \u015fiddetli olan insani krizi derinle\u015ftiriyor.<\/p>\n<p>Abdu, <strong>\u201cBir noktada, s\u00fcrekli jenerat\u00f6r ar\u0131zas\u0131 nedeniyle dokuz g\u00fcn \u00fcst \u00fcste \u00fcretimi durdurmak zorunda kald\u0131k\u201d<\/strong> diye ekledi.<\/p>\n<p><strong>\u201cBu durum bizi mali y\u0131k\u0131m, m\u00fc\u015fteri kayb\u0131 ve a\u015f\u0131r\u0131 yoksulluk i\u00e7inde ailelerini ge\u00e7indiren i\u015f\u00e7ilere \u00f6deme yapma y\u00fck\u00fcyle s\u00fcrekli bir m\u00fccadele i\u00e7inde b\u0131rak\u0131yor.\u201d<\/strong><\/p>\n<h2>Ertelenen Ameliyatlar, Ticari Fel\u00e7<\/h2>\n<p>Gazze&#8217;deki elektrik krizi en \u015fiddetli \u015fekilde, \u0130srail sald\u0131r\u0131lar\u0131 ve ila\u00e7 ile ekipman giri\u015fine y\u00f6nelik k\u0131s\u0131tlamalarla ciddi \u015fekilde zay\u0131flam\u0131\u015f hastanelerde hissediliyor. \u0130stikrarl\u0131 bir elektrik tedariki olmadan, temel departmanlar\u0131 \u00e7al\u0131\u015f\u0131r durumda tutmak i\u00e7in neredeyse tamamen jenerat\u00f6rlere ba\u011f\u0131ml\u0131lar.<\/p>\n<p>Al-Shifa T\u0131p Kompleksi Direkt\u00f6r\u00fc Mohammed Abu Salmiya, hastanenin jenerat\u00f6rlerinin ana bile\u015fenlerinin y\u0131prand\u0131\u011f\u0131n\u0131, mekanik zorlanma ve yedek par\u00e7a ile \u00f6zel ya\u011f eksikli\u011fi nedeniyle t\u00fcm \u00fcnitelerin \u00e7al\u0131\u015fmay\u0131 durdurdu\u011funu s\u00f6yledi.<\/p>\n<p>Yo\u011fun bak\u0131m, yenido\u011fan kuv\u00f6zleri ve diyaliz merkezleri gibi kritik \u00fcniteleri aksatan jenerat\u00f6r ar\u0131zalar\u0131yla birlikte ko\u015fullar\u0131 <strong>\u201ctrajik\u201d<\/strong> olarak nitelendirdi.<\/p>\n<p>Abu Salmiya, MEE&#8217;ye verdi\u011fi deme\u00e7te, <strong>\u201cBu departmanlar bir dakikal\u0131k bile kesintiyi kald\u0131ramaz. Sonu\u00e7 olarak, hayat kurtaran b\u00f6l\u00fcmleri \u00e7al\u0131\u015f\u0131r durumda tutmak i\u00e7in kritik olmayan servisleri kapatmak zorunda kald\u0131k\u201d<\/strong> dedi.<\/p>\n<p>Planl\u0131 ameliyat bekleyen y\u00fczlerce hasta, hastanelerin sadece en acil vakalara \u00f6ncelik vermesi nedeniyle s\u00fcresiz ertelemelerle kar\u015f\u0131 kar\u015f\u0131ya. Dalgalanan elektrik tedarikleri, \u00f6zellikle yedek sistemlerin yoklu\u011funda hayati t\u0131bbi ekipmanlara da zarar verdi.<\/p>\n<p><strong>\u201c\u0130stikrars\u0131z elektrik ak\u0131m\u0131 bir\u00e7ok cihaz\u0131 yok etti\u201d<\/strong> diye ekledi. <strong>\u201cBu makineler sabit bir ak\u0131\u015fa ihtiya\u00e7 duyar ve kesintisiz g\u00fc\u00e7 kayna\u011f\u0131 \u00fcnitelerinin olmamas\u0131, hassas ekipmanlar\u0131 kal\u0131c\u0131 hasara kar\u015f\u0131 savunmas\u0131z b\u0131rak\u0131r.\u201d<\/strong><\/p>\n<p>Gazze&#8217;deki Jenerat\u00f6r ve Alternatif Enerji Sahipleri Derne\u011fi, son haftalarda madeni ya\u011f ve yedek par\u00e7a s\u0131k\u0131nt\u0131s\u0131 konusunda acil uyar\u0131lar yay\u0131nlayarak sivil ya\u015fam \u00fczerindeki ciddi etkisini vurgulad\u0131.<\/p>\n<p>Dernek yetkilisi Mustafa Abu Hassira, <strong>\u201cMevcut durum devam ederse Gazze tamamen karanl\u0131\u011fa g\u00f6m\u00fclecek\u201d<\/strong> dedi.<\/p>\n<p><strong>\u201cBu jenerat\u00f6rler gerekli ya\u011flar ve bak\u0131m i\u00e7in par\u00e7alar olmadan ar\u0131zalanmaya devam ederse, insanlar\u0131n evlerinde ne suyu ne de \u0131\u015f\u0131\u011f\u0131 olacak. Bu, ticari ve end\u00fcstriyel faaliyetlerin geri kalan\u0131n\u0131 fel\u00e7 edecek\u201d<\/strong> diye ekledi.<\/p>\n<h2>&#8217;15 Y\u0131ld\u0131r Teknik Bir Ablukaya Maruz Kald\u0131k, Bu S\u00fcrede Yeni Jenerat\u00f6r \u0130thal Etmemiz Engellendi. Ancak Ger\u00e7ek \u00c7\u00f6k\u00fc\u015f Bu Sava\u015f Ba\u015flad\u0131\u011f\u0131nda Ba\u015flad\u0131&#8217;<\/h2>\n<p>Sakinler, \u0130srail g\u00fc\u00e7lerinin Gazze&#8217;nin tek elektrik santralinin ana transformat\u00f6rlerini bombalamas\u0131 ve abluka uygulamas\u0131 sonras\u0131 2006&#8217;dan beri \u00f6zel jenerat\u00f6rlere g\u00fcveniyor. O zamandan beri elektrik tedariki genellikle g\u00fcnde yakla\u015f\u0131k alt\u0131 saatle s\u0131n\u0131rl\u0131yd\u0131.<\/p>\n<p>Abu Hassira, <strong>\u201c15 y\u0131ld\u0131r teknik bir ablukaya maruz kald\u0131k, bu s\u00fcrede yeni jenerat\u00f6r ithal etmemiz engellendi. Ancak ger\u00e7ek \u00e7\u00f6k\u00fc\u015f bu sava\u015f ba\u015flad\u0131\u011f\u0131nda ba\u015flad\u0131\u201d<\/strong> dedi.<\/p>\n<p><strong>\u201c\u015eeritteki hayati jenerat\u00f6rlerin \u00e7o\u011fu yok edildi ve operasyonel altyap\u0131 hedef al\u0131nd\u0131, bizi ac\u0131 bir ger\u00e7ekle ba\u015f ba\u015fa b\u0131rakt\u0131: yedek par\u00e7a yok, madeni ya\u011f yok ve onar\u0131m umudu yok.\u201d<\/strong><\/p>\n<p>Jenerat\u00f6r sahiplerinin, motor hasar\u0131n\u0131 h\u0131zland\u0131ran ve <strong>\u201cfelaket niteli\u011finde, geri d\u00f6n\u00fclemez mali kay\u0131plara\u201d<\/strong> neden olan end\u00fcstriyel dizel ve hatta yemeklik ya\u011f gibi ge\u00e7ici alternatiflere ba\u015fvurdu\u011funu da s\u00f6zlerine ekledi.<\/p>\n<p><strong>\u201cBir zamanlar temel hizmetleri sa\u011flayan 150 jenerat\u00f6rden yakla\u015f\u0131k 60&#8217;\u0131 ya\u011f ve par\u00e7a eksikli\u011fi nedeniyle tamamen durdu \u2013 ve bu say\u0131 her ge\u00e7en g\u00fcn art\u0131yor\u201d<\/strong> dedi.<\/p>\n<p>Abu Hassira&#8217;ya g\u00f6re, kalan az say\u0131daki madeni ya\u011f tedariki pahal\u0131 hale geldi, fiyatlar litre ba\u015f\u0131na 14 \u015fekelden 1.500 \u015fekele f\u0131rlad\u0131.<\/p>\n<p><strong>\u201cSadece bir elektrik kriziyle kar\u015f\u0131 kar\u015f\u0131ya de\u011filiz; yerel ekonominin geri kalan\u0131n\u0131 par\u00e7alayacak ve temel ya\u015fam gereksinimlerini kesecek tam bir fel\u00e7le kar\u015f\u0131 kar\u015f\u0131yay\u0131z\u201d<\/strong> dedi.<\/p>\n<h2>&#8216;Gazze&#8217;de Hayat \u00c7arklar\u0131 Durabilir&#8217;<\/h2>\n<p>Enerji krizi, operasyonel ara\u00e7 say\u0131s\u0131n\u0131n giderek azalmas\u0131yla uzun mesafeler y\u00fcr\u00fcmek zorunda kalan sakinlerle dolu Gazze sokaklar\u0131na da yans\u0131d\u0131.<\/p>\n<p>Ula\u015ft\u0131rma ve Haberle\u015fme Bakanl\u0131\u011f\u0131 s\u00f6zc\u00fcs\u00fc Anas Arafat&#8217;a g\u00f6re, Gazze&#8217;deki ara\u00e7lar\u0131n yakla\u015f\u0131k y\u00fczde 70&#8217;i sava\u015f s\u0131ras\u0131nda yok edildi.<\/p>\n<p>MEE&#8217;ye verdi\u011fi deme\u00e7te, kalan filonun motor a\u015f\u0131nmas\u0131 ve bak\u0131m eksikli\u011fi nedeniyle tamamen \u00e7\u00f6kme riski alt\u0131nda oldu\u011funu s\u00f6yledi.<\/p>\n<p>Yedek par\u00e7a, ya\u011f ve lastik giri\u015fine y\u00f6nelik k\u0131s\u0131tlamalar\u0131n ko\u015fullar\u0131 k\u00f6t\u00fcle\u015ftirdi\u011fini ve hayatta kalan ara\u00e7lar\u0131 yak\u0131nda <strong>\u201ckal\u0131c\u0131 ar\u0131zaya mahkum i\u00e7i bo\u015f yap\u0131lar\u201d<\/strong> haline getirebilece\u011fi konusunda uyard\u0131.<\/p>\n<p>Arafat, <strong>\u201cBu malzemeler l\u00fcks de\u011fil; hayat\u0131n omurgas\u0131d\u0131r\u201d<\/strong> dedi. <strong>\u201cOnlar olmadan ambulanslar yaral\u0131lar\u0131 ta\u015f\u0131yamaz, su kamyonlar\u0131 malzeme da\u011f\u0131tamaz ve hastaneleri ve f\u0131r\u0131nlar\u0131 besleyen jenerat\u00f6rler ar\u0131zalan\u0131r.\u201d<\/strong><\/p>\n<p><strong>\u201cBu kriz acilen \u00e7\u00f6z\u00fclmezse Gazze&#8217;de hayat \u00e7arklar\u0131 her an durabilir\u201d<\/strong> diye uyard\u0131.<\/p>\n<p>Abdu gibi k\u00fc\u00e7\u00fck aileler ve i\u015fletmeler i\u00e7in etkisi derinden ki\u015fisel ve \u015fiddetli oldu.<\/p>\n<p>F\u0131r\u0131n projesi, yerinden edilme ve yak\u0131t ile g\u0131da giri\u015fine y\u00f6nelik k\u0131s\u0131tlamalar nedeniyle sava\u015f s\u0131ras\u0131nda ask\u0131ya al\u0131nd\u0131.<\/p>\n<p>Ekim 2025&#8217;teki ate\u015fkesin ard\u0131ndan Abdu ve ailesi Gazze \u015eehri&#8217;ne d\u00f6nd\u00fc ve k\u00fc\u00e7\u00fck fabrikalar\u0131n\u0131 restore etmeye ba\u015flarken ayn\u0131 zamanda konut aray\u0131\u015f\u0131na girdi.<\/p>\n<p>Filistinli f\u0131r\u0131nc\u0131 Abrar Abdu, <strong>\u201cF\u0131r\u0131nlar\u0131m\u0131z\u0131 ve buzdolaplar\u0131m\u0131z\u0131 tamir etmek i\u00e7in binlerce yat\u0131r\u0131m yapt\u0131k. Yakla\u015f\u0131k d\u00f6rt ay sonra, zorluklara ra\u011fmen yeniden a\u00e7may\u0131 ba\u015fard\u0131k\u201d<\/strong> dedi.<\/p>\n<p>Ancak g\u00fcne\u015f enerjisi hala kar\u015f\u0131lanamaz durumda, 5.000 \u015fekele (1.400 dolar) kadar mal oluyor, bu da onu \u00f6zel jenerat\u00f6rlere ba\u011f\u0131ml\u0131 olmaya zorluyor.<\/p>\n<p>Ancak bunlar s\u0131k s\u0131k ar\u0131zalan\u0131yor. <strong>\u201cUyar\u0131 vermeden kesiliyorlar, tatl\u0131lar\u0131n bozulmas\u0131na neden oluyorlar\u201d<\/strong> dedi ve \u00f6zel ya\u011f eksikli\u011fi nedeniyle onar\u0131mlar\u0131n genellikle imkans\u0131z oldu\u011funu ekledi.<\/p>\n<p>\u0130stikrars\u0131z elektrik, f\u0131r\u0131nlara ve buzdolaplar\u0131na da zarar vererek maliyetleri daha da art\u0131rd\u0131.<\/p>\n<p><strong>\u201cElektrik kesintileri nedeniyle para kaybetmeye devam ederken, hammadde i\u00e7in daha b\u00fcy\u00fck i\u015fletmelerden daha fazla \u00f6d\u00fcyoruz\u201d<\/strong> dedi.<\/p>\n<p><strong>\u201cK\u00fcllerimizden yeniden in\u015fa etmeye \u00e7al\u0131\u015f\u0131rken \u00e7ekti\u011fimiz ac\u0131lar g\u00f6r\u00fcnmez kal\u0131yor.\u201d<\/strong><\/p>\n<p>#Gazze #ElektrikKrizi #Filistin #\u0130srailKu\u015fatmas\u0131 #\u0130nsaniKriz #Sa\u011fl\u0131kHizmetleri #Ekonomik\u00c7\u00f6k\u00fc\u015f #Jenerat\u00f6rS\u0131k\u0131nt\u0131s\u0131 #Ya\u015famM\u00fccadelesi #Ortado\u011fu<\/p>\n","protected":false},"excerpt":{"rendered":"<p>\u0130\u015fletmeler \u00e7\u00f6k\u00fcyor, operasyonlar erteleniyor ve aileler, \u0130srail ku\u015fatmas\u0131 alt\u0131nda elektrik k\u0131tl\u0131\u011f\u0131n\u0131n derinle\u015fmesiyle hayatta kalma m\u00fccadelesi veriyor. \u0130srail sald\u0131r\u0131lar\u0131 nedeniyle yerinden edilen Filistinli aileler, Gazze \u015eehri&#8217;nin Tel Al-Hawa mahallesindeki bir UNRWA okulunda bar\u0131n\u0131yor. Pastalar\u0131n\u0131 dikkatlice haz\u0131rlamak i\u00e7in saatler harcad\u0131ktan sonra, Abrar Abdu f\u0131r\u0131n\u0131n\u0131n \u00f6n\u00fcnde \u015fa\u015fk\u0131nl\u0131k i\u00e7inde sessizce durdu. Gazze \u015eehri&#8217;ndeki k\u00fc\u00e7\u00fck, karanl\u0131k at\u00f6lyesinde tek \u0131\u015f\u0131k kayna\u011f\u0131 [&hellip;]<\/p>\n","protected":false},"author":2,"featured_media":13316,"comment_status":"open","ping_status":"open","sticky":false,"template":"","format":"standard","meta":{"footnotes":""},"categories":[37],"tags":[],"class_list":["post-13315","post","type-post","status-publish","format-standard","has-post-thumbnail","hentry","category-orta-dogu-haberleri"],"_links":{"self":[{"href":"https:\/\/fajr.news\/index.php?rest_route=\/wp\/v2\/posts\/13315","targetHints":{"allow":["GET"]}}],"collection":[{"href":"https:\/\/fajr.news\/index.php?rest_route=\/wp\/v2\/posts"}],"about":[{"href":"https:\/\/fajr.news\/index.php?rest_route=\/wp\/v2\/types\/post"}],"author":[{"embeddable":true,"href":"https:\/\/fajr.news\/index.php?rest_route=\/wp\/v2\/users\/2"}],"replies":[{"embeddable":true,"href":"https:\/\/fajr.news\/index.php?rest_route=%2Fwp%2Fv2%2Fcomments&post=13315"}],"version-history":[{"count":0,"href":"https:\/\/fajr.news\/index.php?rest_route=\/wp\/v2\/posts\/13315\/revisions"}],"wp:featuredmedia":[{"embeddable":true,"href":"https:\/\/fajr.news\/index.php?rest_route=\/wp\/v2\/media\/13316"}],"wp:attachment":[{"href":"https:\/\/fajr.news\/index.php?rest_route=%2Fwp%2Fv2%2Fmedia&parent=13315"}],"wp:term":[{"taxonomy":"category","embeddable":true,"href":"https:\/\/fajr.news\/index.php?rest_route=%2Fwp%2Fv2%2Fcategories&post=13315"},{"taxonomy":"post_tag","embeddable":true,"href":"https:\/\/fajr.news\/index.php?rest_route=%2Fwp%2Fv2%2Ftags&post=13315"}],"curies":[{"name":"wp","href":"https:\/\/api.w.org\/{rel}","templated":true}]}}