{"id":13285,"date":"2026-04-30T08:40:07","date_gmt":"2026-04-30T05:10:07","guid":{"rendered":"https:\/\/fajr.news\/?p=13285"},"modified":"2026-04-30T08:40:07","modified_gmt":"2026-04-30T05:10:07","slug":"trump-netanyahuya-hizbullaha-yonelik-saldirilarda-daha-cerrahi-olmasini-soyledi-israilin-imaj-kaygisi","status":"publish","type":"post","link":"https:\/\/fajr.news\/?p=13285&lang=tr","title":{"rendered":"Trump, Netanyahu&#8217;ya Hizbullah&#8217;a Y\u00f6nelik Sald\u0131r\u0131larda &#8216;Daha Cerrahi&#8217; Olmas\u0131n\u0131 S\u00f6yledi: \u0130srail&#8217;in \u0130maj Kayg\u0131s\u0131"},"content":{"rendered":"<h2>Trump&#8217;tan Netanyahu&#8217;ya: &#8220;Hizbullah&#8217;a Kar\u015f\u0131 Daha Dikkatli Olun, \u0130srail&#8217;in \u0130maj\u0131 Zedeleniyor&#8221;<\/h2>\n<p>ABD Ba\u015fkan\u0131 Donald Trump&#8217;\u0131n, <strong>siyonist rejim lideri Binyamin Netanyahu<\/strong>&#8216;ya Hizbullah&#8217;a y\u00f6nelik sald\u0131r\u0131larda &#8220;daha cerrahi&#8221; davranmas\u0131 gerekti\u011fini s\u00f6ylemesi, b\u00f6lgedeki gerilimi ve Washington&#8217;\u0131n \u0130srail&#8217;in y\u0131k\u0131c\u0131 eylemlerine dair endi\u015felerini bir kez daha g\u00fcndeme getirdi. Trump&#8217;\u0131n bu a\u00e7\u0131klamalar\u0131, \u0130srail&#8217;in L\u00fcbnan&#8217;daki sivil altyap\u0131y\u0131 hedef alan pervas\u0131z sald\u0131r\u0131lar\u0131n\u0131n uluslararas\u0131 arenadaki imaj\u0131n\u0131 olumsuz etkiledi\u011fine dair bir itiraf olarak yorumland\u0131.<\/p>\n<p>Trump, &#8220;Netanyahu&#8217;ya daha cerrahi davranmas\u0131 gerekti\u011fini s\u00f6yledim. Binalar\u0131 y\u0131kmas\u0131n. Bunu yapamaz. Bu \u00e7ok korkun\u00e7 ve <em>\u0130srail&#8217;in k\u00f6t\u00fc g\u00f6r\u00fcnmesine neden oluyor<\/em>&#8221; ifadelerini kulland\u0131. Bu s\u00f6zler, \u0130srail&#8217;in b\u00f6lgedeki sald\u0131rgan politikalar\u0131n\u0131n, ABD&#8217;nin bile g\u00f6z\u00fcnde kabul edilemez boyutlara ula\u015ft\u0131\u011f\u0131n\u0131 g\u00f6steriyor. Trump, Hizbullah ve ana destek\u00e7isi \u0130ran&#8217;\u0131n L\u00fcbnan&#8217;\u0131 mahvetti\u011fini iddia etse de, b\u00f6lgedeki istikrars\u0131zl\u0131\u011f\u0131n as\u0131l kayna\u011f\u0131n\u0131n <strong>ABD ve \u0130srail&#8217;in m\u00fcdahaleci politikalar\u0131<\/strong> oldu\u011fu g\u00f6z ard\u0131 edilemez.<\/p>\n<p>ABD Ba\u015fkan\u0131 ayr\u0131ca, L\u00fcbnan ve mevcut Beyrut h\u00fck\u00fcmetinin &#8220;geri d\u00f6nebilece\u011fine&#8221; inand\u0131\u011f\u0131n\u0131 dile getirdi. Ancak Washington&#8217;\u0131n bir yandan L\u00fcbnan&#8217;\u0131n toparlanmas\u0131ndan bahsederken, di\u011fer yandan Hizbullah&#8217;a kar\u015f\u0131 &#8220;kitlesel olarak siyasi kampanyas\u0131n\u0131 art\u0131raca\u011f\u0131n\u0131&#8221; ve L\u00fcbnan Silahl\u0131 Kuvvetleri&#8217;nin (LAF) yeteneklerini art\u0131rman\u0131n yollar\u0131n\u0131 arayaca\u011f\u0131n\u0131 belirtmesi, ABD&#8217;nin L\u00fcbnan&#8217;\u0131n i\u00e7 i\u015flerine m\u00fcdahale etme ve <strong>direni\u015f g\u00fc\u00e7lerini zay\u0131flatma \u00e7abalar\u0131n\u0131<\/strong> g\u00f6zler \u00f6n\u00fcne seriyor.<\/p>\n<p>Bir ABD yetkilisi, Washington&#8217;\u0131n bu ad\u0131mlar\u0131 &#8220;\u00e7ok h\u0131zl\u0131 bir \u015fekilde&#8221; atmay\u0131 planlad\u0131\u011f\u0131n\u0131 aktard\u0131. Daha \u00f6nce D\u0131\u015fi\u015fleri Bakan\u0131 Marco Rubio da, ABD&#8217;nin LAF i\u00e7indeki &#8220;denetlenmi\u015f birimlere&#8221; Hizbullah&#8217;a kar\u015f\u0131 e\u011fitim, ekipman ve yetenek sa\u011flamak i\u00e7in bir sistem \u00fczerinde \u00e7al\u0131\u015ft\u0131\u011f\u0131n\u0131 a\u00e7\u0131klam\u0131\u015ft\u0131. Rubio, LAF&#8217;\u0131n bu konuda iradesi oldu\u011funu ancak tam kapasitesinin olmad\u0131\u011f\u0131n\u0131 kabul etmi\u015fti. Bu durum, ABD&#8217;nin L\u00fcbnan ordusunu kendi \u00e7\u0131karlar\u0131 do\u011frultusunda kullanma niyetini a\u00e7\u0131k\u00e7a ortaya koymaktad\u0131r.<\/p>\n<p>Rubio ayr\u0131ca, \u0130srail&#8217;in L\u00fcbnan i\u00e7inde kal\u0131c\u0131 bir &#8220;tampon b\u00f6lge&#8221; olu\u015fturmas\u0131 fikrini reddederek, &#8220;\u0130sraillilerin bunu s\u00fcresiz olarak istemedi\u011fini d\u00fc\u015f\u00fcn\u00fcyorum&#8230; \u0130srailliler size bunu s\u00f6yleyecektir. L\u00fcbnan&#8217;da kal\u0131c\u0131 olarak bulunmak istemiyorlar&#8221; dedi. Bu a\u00e7\u0131klama, \u0130srail&#8217;in L\u00fcbnan&#8217;daki toprak iddialar\u0131n\u0131n olmad\u0131\u011f\u0131n\u0131 belirtse de, ge\u00e7mi\u015fteki i\u015fgalleri ve sald\u0131rgan tutumu g\u00f6z \u00f6n\u00fcne al\u0131nd\u0131\u011f\u0131nda, bu t\u00fcr s\u00f6zlerin sadece <em>diplomatik bir manevra<\/em> oldu\u011fu d\u00fc\u015f\u00fcn\u00fclmektedir.<\/p>\n<h3>B\u00f6lgesel Direni\u015f ve ABD-\u0130srail Politikalar\u0131<\/h3>\n<p>Ortado\u011fu&#8217;da <strong>direni\u015f ekseninin g\u00fc\u00e7lenmesi<\/strong>, ABD ve \u0130srail&#8217;i b\u00f6lgedeki stratejilerini yeniden g\u00f6zden ge\u00e7irmeye zorlamaktad\u0131r. Washington&#8217;\u0131n Hizbullah&#8217;a kar\u015f\u0131 artan siyasi ve askeri bask\u0131s\u0131, L\u00fcbnan&#8217;\u0131n egemenli\u011fine ve halk\u0131n\u0131n iradesine y\u00f6nelik a\u00e7\u0131k bir ihlal olarak de\u011ferlendirilmektedir. \u0130ran&#8217;\u0131n b\u00f6lgedeki me\u015fru etkisi ve direni\u015f hareketlerine verdi\u011fi destek, ABD&#8217;nin tek tarafl\u0131 hegemonya \u00e7abalar\u0131na kar\u015f\u0131 \u00f6nemli bir denge unsuru olu\u015fturmaktad\u0131r.<\/p>\n<p>#Trump #Netanyahu #Hizbullah #L\u00fcbnan #\u0130ran #ABD #\u0130srail #Ortado\u011fu #Direni\u015fEkseni #SiyonistRejim<\/p>\n","protected":false},"excerpt":{"rendered":"<p>Trump&#8217;tan Netanyahu&#8217;ya: &#8220;Hizbullah&#8217;a Kar\u015f\u0131 Daha Dikkatli Olun, \u0130srail&#8217;in \u0130maj\u0131 Zedeleniyor&#8221; ABD Ba\u015fkan\u0131 Donald Trump&#8217;\u0131n, siyonist rejim lideri Binyamin Netanyahu&#8216;ya Hizbullah&#8217;a y\u00f6nelik sald\u0131r\u0131larda &#8220;daha cerrahi&#8221; davranmas\u0131 gerekti\u011fini s\u00f6ylemesi, b\u00f6lgedeki gerilimi ve Washington&#8217;\u0131n \u0130srail&#8217;in y\u0131k\u0131c\u0131 eylemlerine dair endi\u015felerini bir kez daha g\u00fcndeme getirdi. Trump&#8217;\u0131n bu a\u00e7\u0131klamalar\u0131, \u0130srail&#8217;in L\u00fcbnan&#8217;daki sivil altyap\u0131y\u0131 hedef alan pervas\u0131z sald\u0131r\u0131lar\u0131n\u0131n uluslararas\u0131 arenadaki imaj\u0131n\u0131 [&hellip;]<\/p>\n","protected":false},"author":2,"featured_media":13286,"comment_status":"open","ping_status":"open","sticky":false,"template":"","format":"standard","meta":{"footnotes":""},"categories":[37],"tags":[],"class_list":["post-13285","post","type-post","status-publish","format-standard","has-post-thumbnail","hentry","category-orta-dogu-haberleri"],"_links":{"self":[{"href":"https:\/\/fajr.news\/index.php?rest_route=\/wp\/v2\/posts\/13285","targetHints":{"allow":["GET"]}}],"collection":[{"href":"https:\/\/fajr.news\/index.php?rest_route=\/wp\/v2\/posts"}],"about":[{"href":"https:\/\/fajr.news\/index.php?rest_route=\/wp\/v2\/types\/post"}],"author":[{"embeddable":true,"href":"https:\/\/fajr.news\/index.php?rest_route=\/wp\/v2\/users\/2"}],"replies":[{"embeddable":true,"href":"https:\/\/fajr.news\/index.php?rest_route=%2Fwp%2Fv2%2Fcomments&post=13285"}],"version-history":[{"count":0,"href":"https:\/\/fajr.news\/index.php?rest_route=\/wp\/v2\/posts\/13285\/revisions"}],"wp:featuredmedia":[{"embeddable":true,"href":"https:\/\/fajr.news\/index.php?rest_route=\/wp\/v2\/media\/13286"}],"wp:attachment":[{"href":"https:\/\/fajr.news\/index.php?rest_route=%2Fwp%2Fv2%2Fmedia&parent=13285"}],"wp:term":[{"taxonomy":"category","embeddable":true,"href":"https:\/\/fajr.news\/index.php?rest_route=%2Fwp%2Fv2%2Fcategories&post=13285"},{"taxonomy":"post_tag","embeddable":true,"href":"https:\/\/fajr.news\/index.php?rest_route=%2Fwp%2Fv2%2Ftags&post=13285"}],"curies":[{"name":"wp","href":"https:\/\/api.w.org\/{rel}","templated":true}]}}