{"id":13279,"date":"2026-04-30T08:09:34","date_gmt":"2026-04-30T04:39:34","guid":{"rendered":"https:\/\/fajr.news\/?p=13279"},"modified":"2026-04-30T08:09:34","modified_gmt":"2026-04-30T04:39:34","slug":"palestine-action-yasagi-ingilteredeki-filistinlileri-orantisiz-sekilde-etkiliyor-mahkeme-duydu","status":"publish","type":"post","link":"https:\/\/fajr.news\/?p=13279&lang=tr","title":{"rendered":"Palestine Action yasa\u011f\u0131 \u0130ngiltere&#8217;deki Filistinlileri orant\u0131s\u0131z \u015fekilde etkiliyor, mahkeme duydu"},"content":{"rendered":"<p>\u0130ngiltere \u0130\u00e7i\u015fleri Bakanl\u0131\u011f\u0131 yasa\u011f\u0131 ulusal g\u00fcvenlik i\u00e7in gerekli oldu\u011funu savunurken, avukatlar sivil \u00f6zg\u00fcrl\u00fckler \u00fczerindeki etkileri konusunda uyar\u0131yor.<br \/>\nPalestine Action&#8217;\u0131n kurucu orta\u011f\u0131n\u0131 temsil eden avukatlar, do\u011frudan eylem grubuna y\u00f6nelik yasa\u011f\u0131n, \u0130ngiltere&#8217;de \u0130srail&#8217;in Gazze&#8217;deki eylemlerine kar\u015f\u0131 kampanya y\u00fcr\u00fcten Filistinlileri orant\u0131s\u0131z bir \u015fekilde etkiledi\u011fini belirtti.<br \/>\n\u00c7ar\u015famba g\u00fcn\u00fc Temyiz Mahkemesi&#8217;nde konu\u015fan ve Huda Ammori&#8217;yi temsil eden Raza Husain KC, yasa\u011f\u0131n \u0130ngiliz Filistinliler ve Filistin haklar\u0131n\u0131 savunanlar aras\u0131nda bir \u201ckorku k\u00fclt\u00fcr\u00fc\u201d yaratt\u0131\u011f\u0131n\u0131 s\u00f6yledi.<br \/>\nHusain yaz\u0131l\u0131 a\u00e7\u0131klamalar\u0131nda, \u201cPA&#8217;n\u0131n yasaklanmas\u0131, Filistin&#8217;deki topluluklar\u0131 yok edilirken, davran\u0131\u015flar\u0131 ve ifadeleri bast\u0131r\u0131lan ve su\u00e7 say\u0131lan \u0130ngiltere&#8217;deki Filistinlileri \u00f6zellikle ciddi \u015fekilde etkiliyor\u201d dedi.<br \/>\nAvukat, \u0130ngiliz Filistin Komitesi Ba\u015fkan\u0131 Dr. Aimee Shalan&#8217;\u0131n mahkemeye verdi\u011fi, yasa\u011f\u0131n \u0130ngiltere&#8217;deki Filistinliler \u00fczerindeki etkisine dair tan\u0131kl\u0131\u011f\u0131n\u0131 aktard\u0131.<br \/>\nHusain, \u201cShalan, \u0130ngiltere&#8217;deki Filistin toplumunun kampanya ve savunuculuk \u00e7al\u0131\u015fmalar\u0131na kat\u0131lan \u00fcyelerinin, ter\u00f6rist veya ter\u00f6r sempatizan\u0131 olmakla su\u00e7lanma dahil olmak \u00fczere rutin olarak yasal tehditlerle kar\u015f\u0131la\u015ft\u0131\u011f\u0131n\u0131 a\u00e7\u0131klad\u0131. Ve bu, yasaklamadan \u00f6nceydi\u201d dedi.<br \/>\nHusain ayr\u0131ca, \u201cBuradaki endi\u015fe, ilgili \u00fcyelerin ger\u00e7ekten yarg\u0131lanma riski alt\u0131nda olmas\u0131 de\u011fil, yasaklaman\u0131n yaratt\u0131\u011f\u0131 iklimin, bir\u00e7ok ki\u015finin asl\u0131nda gerekenden daha fazla otosans\u00fcr uygulamak zorunda kalaca\u011f\u0131 anlam\u0131na gelmesidir; yani, cayd\u0131r\u0131c\u0131 etki elbette i\u015f ba\u015f\u0131nda\u201d diye ekledi.<br \/>\nHusain ayr\u0131ca, \u0130ngiltere&#8217;nin Ter\u00f6rizm Yasas\u0131 2000&#8217;in gerektirdi\u011fi \u00fczere, bir grubun yasaklanmadan \u00f6nce bildirilmesini zorunlu k\u0131lan yasaya ra\u011fmen, \u0130\u00e7i\u015fleri Bakanl\u0131\u011f\u0131&#8217;n\u0131n Palestine Action&#8217;a ter\u00f6rist grup olarak belirlenmesi konusunda \u00f6nceden bildirimde bulunmamas\u0131n\u0131 ele\u015ftirdi.<br \/>\nAvukat, Palestine Action&#8217;\u0131n protesto faaliyetlerinin b\u00fcy\u00fck \u00e7o\u011funlu\u011funun oturma eylemleri ve kilitlenme gibi \u201cd\u00fc\u015f\u00fck seviyeli sivil itaatsizlik\u201d oldu\u011funu, \u201cdaha k\u00fc\u00e7\u00fck bir grubun ise m\u00fclke daha ciddi zararlar verdi\u011fini\u201d s\u00f6yledi.<br \/>\n2025 y\u0131l\u0131nda, iki aktivist g\u00fcney \u0130ngiltere&#8217;deki Kraliyet Hava Kuvvetleri Brize Norton \u00fcss\u00fcne girmi\u015f ve iki u\u00e7a\u011f\u0131 k\u0131rm\u0131z\u0131 boyayla boyam\u0131\u015ft\u0131.<br \/>\nAncak Husain, aktivistlerin askeri tesislerde neden oldu\u011fu \u201csu\u00e7 te\u015fkil eden zarar\u0131n tarihsel olarak ter\u00f6rist olarak g\u00f6r\u00fclmedi\u011fini\u201d belirtti.<br \/>\n\u201cSu\u00e7, evet; ter\u00f6rist, hay\u0131r.\u201d<br \/>\nGrubun di\u011fer avukat\u0131 Owen Greenhall KC, \u201csu\u00e7 te\u015fkil eden zarar, izinsiz giri\u015f ve hukuki ihtiyati tedbirler dahil olmak \u00fczere kullan\u0131labilecek bir\u00e7ok alternatif \u00f6nlem bulundu\u011funu\u201d savundu.<br \/>\n&#8216;Tart\u0131\u015fmal\u0131 soru&#8217;<br \/>\nPalestine Action&#8217;\u0131n ba\u015fvurular\u0131na yan\u0131t olarak, \u0130\u00e7i\u015fleri Bakanl\u0131\u011f\u0131&#8217;n\u0131 temsil eden James Eadie KC, bu durumda yasa\u011f\u0131n \u00f6nceden isti\u015fare edilmesinin gerekmedi\u011fini, \u00e7\u00fcnk\u00fc Palestine Action&#8217;\u0131n \u201cda\u011f\u0131n\u0131k bir grup\u201d oldu\u011funu ve mahkemenin \u201c\u00f6nceden isti\u015fareye davet etmenin pratik zorluklar\u0131n\u0131\u201d, \u201ckimlere \u00f6nceden bildirimde bulunulmas\u0131 gerekti\u011fini belirleme\u201d dahil olmak \u00fczere dikkate alma hakk\u0131na sahip oldu\u011funu s\u00f6yledi.<br \/>\nEadie ayr\u0131ca, \u201cburadaki yasal ba\u011flam\u0131n ulusal g\u00fcvenlik ve kamu g\u00fcvenli\u011fi ile koruyucuyu i\u00e7erdi\u011fini\u201d savundu ve Palestine Action&#8217;a bildirimde bulunulmas\u0131 halinde \u201c\u00f6nleyici ad\u0131mlar atma olas\u0131l\u0131\u011f\u0131na\u201d i\u015faret etti.<br \/>\nDava, Y\u00fcksek Mahkeme&#8217;nin \u015eubat 2026&#8217;da verdi\u011fi ve Ammori lehine karar vererek h\u00fck\u00fcmetin Palestine Action&#8217;\u0131 Ter\u00f6rizm Yasas\u0131 2000 kapsam\u0131nda yasaklama hamlesinin hukuka ayk\u0131r\u0131 oldu\u011funa h\u00fckmeden bir karara dayan\u0131yor.<br \/>\nY\u00fcksek Mahkeme, Palestine Action&#8217;\u0131 yasaklama karar\u0131n\u0131n \u0130\u00e7i\u015fleri Bakanl\u0131\u011f\u0131&#8217;n\u0131n kendi politikas\u0131n\u0131 ihlal etti\u011fine ve ifade ve toplanma \u00f6zg\u00fcrl\u00fc\u011f\u00fc gibi temel haklara orant\u0131s\u0131z bir \u015fekilde m\u00fcdahale etti\u011fine h\u00fckmetti.<br \/>\nDavan\u0131n \u00f6z\u00fcnde tart\u0131\u015fmal\u0131 bir soru yat\u0131yor: Militan protesto ile ter\u00f6rizm aras\u0131ndaki \u00e7izgi nerede \u00e7ekilmeli?<br \/>\nY\u00fcksek Mahkeme daha \u00f6nce, eylemler s\u0131ras\u0131nda su\u00e7 te\u015fkil eden zarar ve \u00e7at\u0131\u015fma kan\u0131tlar\u0131n\u0131 g\u00f6stererek Palestine Action&#8217;\u0131n \u201c\u015fiddet i\u00e7ermeyen\u201d bir \u00f6rg\u00fct olarak tasvir edilmesini reddetmi\u015fti.<br \/>\nAncak yarg\u0131\u00e7lar, grubu yasaklaman\u0131n sivil \u00f6zg\u00fcrl\u00fckler \u00fczerinde, \u00f6zellikle de Filistin&#8217;e destek ifade eden bireylerin haklar\u0131 \u00fczerinde orant\u0131s\u0131z bir etki yarataca\u011f\u0131 sonucuna da varm\u0131\u015flard\u0131.<br \/>\nBu hafta ba\u015f\u0131nda Eadie, mahkemeleri Palestine Action&#8217;\u0131 ter\u00f6r \u00f6rg\u00fct\u00fc olarak tan\u0131mlama giri\u015fimini engelleyerek \u0130ngiltere&#8217;nin demokratik yap\u0131lar\u0131n\u0131 g\u00f6z ard\u0131 etmekle su\u00e7lad\u0131.<br \/>\n\u0130\u00e7i\u015fleri Bakanl\u0131\u011f\u0131, yasaklamay\u0131 hukuka ayk\u0131r\u0131 bulan ilk karar\u0131n hukuken kusurlu oldu\u011funu ve h\u00fck\u00fcmetin \u201ct\u0131rmanan\u201d faaliyetlere yan\u0131t verme yetene\u011fini zay\u0131flatt\u0131\u011f\u0131n\u0131 savundu.<br \/>\nEadie, o zamanki \u0130\u00e7i\u015fleri Bakan\u0131 Yvette Cooper&#8217;\u0131n karar\u0131na ve bunun parlamento taraf\u0131ndan onaylanmas\u0131na at\u0131fta bulunarak, \u201cO demokratik olarak sorumlu &#8211; ve bildi\u011fimiz gibi, karar alma s\u00fcrecindeki bu demokratik damga, s\u00fcre\u00e7teki olumlu karar\u0131 da i\u00e7eriyordu\u201d dedi.<br \/>\nEadie ayr\u0131ca, \u201cb\u00f6lge mahkemesinin yakla\u015f\u0131m\u0131n\u0131n bu \u00e7er\u00e7eveye yeterince dikkat etmedi\u011fini\u201d ekleyerek, karar\u0131n yasaklama yetkilerini destekleyen yasal ve demokratik yap\u0131lara yeterince a\u011f\u0131rl\u0131k vermedi\u011fini ele\u015ftirdi.<br \/>\nMahkeme \u00f6n\u00fcm\u00fczdeki haftalarda bir karar verecek; Per\u015fembe g\u00fcn\u00fc kapal\u0131 bir oturumda h\u00fck\u00fcmet avukatlar\u0131, Palestine Action&#8217;\u0131n hukuk ekibinin incelemesine sunulmayacak gizli delilleri yarg\u0131\u00e7lara sunacak.<br \/>\nBunun yerine, Palestine Action&#8217;\u0131n hukuk ekibi taraf\u0131ndan tutulan ve gizli bilgilere eri\u015fim izni olan \u00f6zel bir avukat haz\u0131r bulunacak ve do\u011frudan eylem grubunun davas\u0131n\u0131 savunacak.<br \/>\nAncak \u00f6zel avukat, kendileri i\u00e7in \u00e7al\u0131\u015fmas\u0131na ra\u011fmen, bu kapal\u0131 oturumlarda tart\u0131\u015f\u0131lan bilgileri Palestine Action&#8217;\u0131n hukuk ekibiyle payla\u015famayacak.<br \/>\n#FilistinEylemi #\u0130ngiltere #Yasak #Mahkeme #Filistinliler #Sivil\u00d6zg\u00fcrl\u00fckler #UlusalG\u00fcvenlik #Gazze #Ter\u00f6rizmYasas\u0131 #\u0130fade\u00d6zg\u00fcrl\u00fc\u011f\u00fc<\/p>\n","protected":false},"excerpt":{"rendered":"<p>\u0130ngiltere \u0130\u00e7i\u015fleri Bakanl\u0131\u011f\u0131 yasa\u011f\u0131 ulusal g\u00fcvenlik i\u00e7in gerekli oldu\u011funu savunurken, avukatlar sivil \u00f6zg\u00fcrl\u00fckler \u00fczerindeki etkileri konusunda uyar\u0131yor. Palestine Action&#8217;\u0131n kurucu orta\u011f\u0131n\u0131 temsil eden avukatlar, do\u011frudan eylem grubuna y\u00f6nelik yasa\u011f\u0131n, \u0130ngiltere&#8217;de \u0130srail&#8217;in Gazze&#8217;deki eylemlerine kar\u015f\u0131 kampanya y\u00fcr\u00fcten Filistinlileri orant\u0131s\u0131z bir \u015fekilde etkiledi\u011fini belirtti. \u00c7ar\u015famba g\u00fcn\u00fc Temyiz Mahkemesi&#8217;nde konu\u015fan ve Huda Ammori&#8217;yi temsil eden Raza Husain KC, [&hellip;]<\/p>\n","protected":false},"author":2,"featured_media":13280,"comment_status":"open","ping_status":"open","sticky":false,"template":"","format":"standard","meta":{"footnotes":""},"categories":[37],"tags":[],"class_list":["post-13279","post","type-post","status-publish","format-standard","has-post-thumbnail","hentry","category-orta-dogu-haberleri"],"_links":{"self":[{"href":"https:\/\/fajr.news\/index.php?rest_route=\/wp\/v2\/posts\/13279","targetHints":{"allow":["GET"]}}],"collection":[{"href":"https:\/\/fajr.news\/index.php?rest_route=\/wp\/v2\/posts"}],"about":[{"href":"https:\/\/fajr.news\/index.php?rest_route=\/wp\/v2\/types\/post"}],"author":[{"embeddable":true,"href":"https:\/\/fajr.news\/index.php?rest_route=\/wp\/v2\/users\/2"}],"replies":[{"embeddable":true,"href":"https:\/\/fajr.news\/index.php?rest_route=%2Fwp%2Fv2%2Fcomments&post=13279"}],"version-history":[{"count":0,"href":"https:\/\/fajr.news\/index.php?rest_route=\/wp\/v2\/posts\/13279\/revisions"}],"wp:featuredmedia":[{"embeddable":true,"href":"https:\/\/fajr.news\/index.php?rest_route=\/wp\/v2\/media\/13280"}],"wp:attachment":[{"href":"https:\/\/fajr.news\/index.php?rest_route=%2Fwp%2Fv2%2Fmedia&parent=13279"}],"wp:term":[{"taxonomy":"category","embeddable":true,"href":"https:\/\/fajr.news\/index.php?rest_route=%2Fwp%2Fv2%2Fcategories&post=13279"},{"taxonomy":"post_tag","embeddable":true,"href":"https:\/\/fajr.news\/index.php?rest_route=%2Fwp%2Fv2%2Ftags&post=13279"}],"curies":[{"name":"wp","href":"https:\/\/api.w.org\/{rel}","templated":true}]}}