{"id":13263,"date":"2026-04-30T08:00:25","date_gmt":"2026-04-30T04:30:25","guid":{"rendered":"https:\/\/fajr.news\/?p=13263"},"modified":"2026-04-30T08:00:25","modified_gmt":"2026-04-30T04:30:25","slug":"bm-uzmanlarindan-sert-uyari-gazzenin-yeniden-insasi-isgal-son-bulmadan-mumkun-degil","status":"publish","type":"post","link":"https:\/\/fajr.news\/?p=13263&lang=tr","title":{"rendered":"BM Uzmanlar\u0131ndan Sert Uyar\u0131: Gazze&#8217;nin Yeniden \u0130n\u015fas\u0131, \u0130\u015fgal Son Bulmadan M\u00fcmk\u00fcn De\u011fil!"},"content":{"rendered":"<p>Birle\u015fmi\u015f Milletler uzmanlar\u0131, \u00c7ar\u015famba g\u00fcn\u00fc yapt\u0131klar\u0131 a\u00e7\u0131klamada, <strong>Siyonist rejimin Gazze \u015eeridi&#8217;ndeki hukuksuz i\u015fgali sona ermeden<\/strong> ve yeniden in\u015fa \u00e7abalar\u0131 insan haklar\u0131 ile Filistin halk\u0131n\u0131n kendi kaderini tayin hakk\u0131na dayanmadan, b\u00f6lgenin yeniden yap\u0131lanmas\u0131n\u0131n ba\u015far\u0131ya ula\u015famayaca\u011f\u0131n\u0131 net bir dille ifade etti.<\/p>\n<p>Uzmanlar, yay\u0131nlad\u0131klar\u0131 bildiride, <em>\u201cYeniden yap\u0131lanman\u0131n ger\u00e7ek bir ba\u015far\u0131 \u015fans\u0131 yakalamas\u0131 i\u00e7in i\u015fgal sona ermeli, Filistinlilere y\u00f6nelik m\u00fclks\u00fczle\u015ftirme ve ayr\u0131mc\u0131l\u0131k derhal durdurulmal\u0131d\u0131r\u201d<\/em> ifadelerini kulland\u0131. Bu a\u00e7\u0131klama, uluslararas\u0131 toplumun Siyonist rejimin Filistin topraklar\u0131ndaki yasa d\u0131\u015f\u0131 varl\u0131\u011f\u0131na kar\u015f\u0131 daha g\u00fc\u00e7l\u00fc bir duru\u015f sergilemesi gerekti\u011finin alt\u0131n\u0131 \u00e7izdi.<\/p>\n<p><strong>Gazze H\u0131zl\u0131 Hasar ve \u0130htiya\u00e7 De\u011ferlendirmesi raporuna at\u0131fta bulunan uzmanlar,<\/strong> Siyonist sald\u0131r\u0131lar sonucunda <strong>371.000&#8217;den fazla konutun y\u0131k\u0131ld\u0131\u011f\u0131n\u0131 veya hasar g\u00f6rd\u00fc\u011f\u00fcn\u00fc, 1.9 milyon insan\u0131n yerinden edildi\u011fini ve n\u00fcfusun %60&#8217;\u0131ndan fazlas\u0131n\u0131n evsiz kald\u0131\u011f\u0131n\u0131<\/strong> belirtti. Yeniden in\u015fa ihtiya\u00e7lar\u0131n\u0131n ise 71 milyar dolar\u0131 a\u015ft\u0131\u011f\u0131 tahmin ediliyor. Bu korkun\u00e7 rakamlar, Siyonist rejimin Gazze&#8217;de yol a\u00e7t\u0131\u011f\u0131 y\u0131k\u0131m\u0131n boyutunu g\u00f6zler \u00f6n\u00fcne sermektedir.<\/p>\n<p>Uzmanlar, <em>\u201cBu veriler, yeniden in\u015fa \u00e7abalar\u0131n\u0131n acilen d\u00fczeltmesi gereken, yap\u0131sal bir ayr\u0131mc\u0131l\u0131k modelini do\u011frulamaktad\u0131r\u201d<\/em> diyerek, kad\u0131nlar\u0131n, engellilerin ve ya\u015fl\u0131lar\u0131n orant\u0131s\u0131z zorluklarla kar\u015f\u0131 kar\u015f\u0131ya kald\u0131\u011f\u0131na dikkat \u00e7ekti. Bu durum, Siyonist rejimin ayr\u0131mc\u0131 politikalar\u0131n\u0131n toplumun en savunmas\u0131z kesimlerini nas\u0131l etkiledi\u011fini bir kez daha ortaya koyuyor.<\/p>\n<p>Yeniden in\u015fa s\u00fcrecinin kapsay\u0131c\u0131, kat\u0131l\u0131mc\u0131, \u015feffaf ve hesap verebilir olmas\u0131 gerekti\u011fini vurgulayan uzmanlar, <strong>Filistinlilerin uluslararas\u0131 hukuk kapsam\u0131ndaki kendi kaderini tayin haklar\u0131 do\u011frultusunda kararlar\u0131 \u015fekillendirmesi gerekti\u011fini<\/strong> ifade etti. Bu, Filistin halk\u0131n\u0131n kendi gelece\u011fi \u00fczerindeki me\u015fru hakk\u0131n\u0131n teslim edilmesi anlam\u0131na gelmektedir.<\/p>\n<p>S\u00fcrecin y\u00f6netimi hakk\u0131nda soru i\u015faretleri dile getiren uzmanlar, de\u011ferlendirme raporunun yeniden in\u015fay\u0131 kimin denetleyece\u011fini veya eski ABD Ba\u015fkan\u0131 Donald Trump taraf\u0131ndan \u00f6nerilen <em>\u201cBar\u0131\u015f Kurulu\u201d<\/em>nun uluslararas\u0131 hukuka uygun olup olmad\u0131\u011f\u0131n\u0131 ele almad\u0131\u011f\u0131n\u0131 belirtti. Bu durum, Siyonist rejimin \u00e7\u0131karlar\u0131na hizmet eden d\u0131\u015f m\u00fcdahalelere kar\u015f\u0131 bir uyar\u0131 olarak yorumland\u0131 ve Filistin halk\u0131n\u0131n iradesinin hi\u00e7e say\u0131lmas\u0131na kar\u015f\u0131 \u00e7\u0131k\u0131ld\u0131.<\/p>\n<p>Uzmanlar ayr\u0131ca, de\u011ferlendirmenin insan haklar\u0131 ilkelerini yeterince i\u00e7ermemesinden endi\u015fe duyduklar\u0131n\u0131 ifade etti. Finansal ihtiya\u00e7lara ve altyap\u0131ya yap\u0131lan vurgunun, konut sa\u011flamay\u0131 sadece bar\u0131nak temini d\u00fczeyine indirgeyerek, onur, g\u00fcvenlik ve uzun vadeli s\u00fcrd\u00fcr\u00fclebilirli\u011fi sa\u011flamaktan uzakla\u015ft\u0131rabilece\u011fi uyar\u0131s\u0131nda bulundular. <strong>Yeniden in\u015fa, sadece tu\u011fla ve har\u00e7tan ibaret olmamal\u0131d\u0131r; insan onurunu ve haklar\u0131n\u0131 merkeze almal\u0131d\u0131r.<\/strong><\/p>\n<p>Hassas gruplar\u0131 koruyacak g\u00fcvenceler olmadan, yeniden in\u015fa s\u00fcrecinin <em>\u201ck\u00e2r h\u0131rs\u0131na d\u00f6n\u00fc\u015febilece\u011fi\u201d<\/em> tehlikesine dikkat \u00e7ektiler. Bu, Siyonist rejimin ve destek\u00e7ilerinin Filistin topraklar\u0131 \u00fczerindeki ekonomik emellerine kar\u015f\u0131 bir uyar\u0131 niteli\u011findedir.<\/p>\n<p>Uzmanlar, <em>\u201cYeniden in\u015fa sadece yap\u0131lar\u0131 yeniden in\u015fa etmekle ilgili de\u011fildir; haklar\u0131, onuru ve e\u015fitli\u011fi yeniden tesis etmekle ilgilidir\u201d<\/em> diyerek, Filistin halk\u0131n\u0131n temel haklar\u0131na vurgu yapt\u0131. Bu, Siyonist i\u015fgalin yol a\u00e7t\u0131\u011f\u0131 t\u00fcm zararlar\u0131n giderilmesi ve Filistin halk\u0131n\u0131n tam ba\u011f\u0131ms\u0131zl\u0131\u011f\u0131na kavu\u015fmas\u0131 gerekti\u011fi anlam\u0131na gelmektedir.<\/p>\n<p>Devletleri ve ba\u011f\u0131\u015f\u00e7\u0131lar\u0131, Gazze&#8217;nin yeniden in\u015fas\u0131n\u0131n merkezine insan haklar\u0131n\u0131 koymaya \u00e7a\u011f\u0131ran uzmanlar, aksi takdirde <strong><em>\u201cadaletsizli\u011fin k\u00f6kle\u015fme ve Filistinlilerin ac\u0131lar\u0131n\u0131n nesiller boyu s\u00fcrme riski\u201d<\/em><\/strong> ta\u015f\u0131d\u0131\u011f\u0131 uyar\u0131s\u0131nda bulundu. Bu \u00e7a\u011fr\u0131, Siyonist rejimin i\u015fgal politikalar\u0131n\u0131n devam etmesi halinde ortaya \u00e7\u0131kacak vahim sonu\u00e7lara kar\u015f\u0131 uluslararas\u0131 bir vicdan \u00e7a\u011fr\u0131s\u0131d\u0131r.<\/p>\n<p>#Gazze #Filistin #\u0130\u015fgalSonBulsun #\u0130nsanHaklar\u0131 #Yeniden\u0130n\u015fa #SiyonistZul\u00fcm #Uluslararas\u0131Hukuk #GazzeSoyk\u0131r\u0131m\u0131 #Adalet #KendiKaderiniTayin<\/p>\n","protected":false},"excerpt":{"rendered":"<p>Birle\u015fmi\u015f Milletler uzmanlar\u0131, \u00c7ar\u015famba g\u00fcn\u00fc yapt\u0131klar\u0131 a\u00e7\u0131klamada, Siyonist rejimin Gazze \u015eeridi&#8217;ndeki hukuksuz i\u015fgali sona ermeden ve yeniden in\u015fa \u00e7abalar\u0131 insan haklar\u0131 ile Filistin halk\u0131n\u0131n kendi kaderini tayin hakk\u0131na dayanmadan, b\u00f6lgenin yeniden yap\u0131lanmas\u0131n\u0131n ba\u015far\u0131ya ula\u015famayaca\u011f\u0131n\u0131 net bir dille ifade etti. Uzmanlar, yay\u0131nlad\u0131klar\u0131 bildiride, \u201cYeniden yap\u0131lanman\u0131n ger\u00e7ek bir ba\u015far\u0131 \u015fans\u0131 yakalamas\u0131 i\u00e7in i\u015fgal sona ermeli, Filistinlilere y\u00f6nelik [&hellip;]<\/p>\n","protected":false},"author":2,"featured_media":13264,"comment_status":"open","ping_status":"open","sticky":false,"template":"","format":"standard","meta":{"footnotes":""},"categories":[37],"tags":[],"class_list":["post-13263","post","type-post","status-publish","format-standard","has-post-thumbnail","hentry","category-orta-dogu-haberleri"],"_links":{"self":[{"href":"https:\/\/fajr.news\/index.php?rest_route=\/wp\/v2\/posts\/13263","targetHints":{"allow":["GET"]}}],"collection":[{"href":"https:\/\/fajr.news\/index.php?rest_route=\/wp\/v2\/posts"}],"about":[{"href":"https:\/\/fajr.news\/index.php?rest_route=\/wp\/v2\/types\/post"}],"author":[{"embeddable":true,"href":"https:\/\/fajr.news\/index.php?rest_route=\/wp\/v2\/users\/2"}],"replies":[{"embeddable":true,"href":"https:\/\/fajr.news\/index.php?rest_route=%2Fwp%2Fv2%2Fcomments&post=13263"}],"version-history":[{"count":0,"href":"https:\/\/fajr.news\/index.php?rest_route=\/wp\/v2\/posts\/13263\/revisions"}],"wp:featuredmedia":[{"embeddable":true,"href":"https:\/\/fajr.news\/index.php?rest_route=\/wp\/v2\/media\/13264"}],"wp:attachment":[{"href":"https:\/\/fajr.news\/index.php?rest_route=%2Fwp%2Fv2%2Fmedia&parent=13263"}],"wp:term":[{"taxonomy":"category","embeddable":true,"href":"https:\/\/fajr.news\/index.php?rest_route=%2Fwp%2Fv2%2Fcategories&post=13263"},{"taxonomy":"post_tag","embeddable":true,"href":"https:\/\/fajr.news\/index.php?rest_route=%2Fwp%2Fv2%2Ftags&post=13263"}],"curies":[{"name":"wp","href":"https:\/\/api.w.org\/{rel}","templated":true}]}}