{"id":13255,"date":"2026-04-30T07:39:32","date_gmt":"2026-04-30T04:09:32","guid":{"rendered":"https:\/\/fajr.news\/?p=13255"},"modified":"2026-04-30T07:39:32","modified_gmt":"2026-04-30T04:09:32","slug":"orta-dogu-catismasi-gulfstreamin-ivmesini-yavaslatti-is-jetleri-pazarinda-endise-hakim","status":"publish","type":"post","link":"https:\/\/fajr.news\/?p=13255&lang=tr","title":{"rendered":"Orta Do\u011fu \u00c7at\u0131\u015fmas\u0131 Gulfstream&#8217;in \u0130vmesini Yava\u015flatt\u0131: \u0130\u015f Jetleri Pazar\u0131nda Endi\u015fe H\u00e2kim"},"content":{"rendered":"<header>\n<h1>Orta Do\u011fu \u00c7at\u0131\u015fmas\u0131 Gulfstream&#8217;in \u0130vmesini Yava\u015flatt\u0131: \u0130\u015f Jetleri Pazar\u0131nda Endi\u015fe H\u00e2kim<\/h1>\n<\/header>\n<p>    <main><\/p>\n<article>\n<p><strong>B\u00f6lgedeki artan gerilim ve devam eden \u00e7at\u0131\u015fmalar, i\u015f jeti al\u0131c\u0131lar\u0131n\u0131 temkinli bir bekleyi\u015fe s\u00fcr\u00fcklerken, bu durum Gulfstream gibi sekt\u00f6r devlerinin momentumunu da olumsuz etkiledi.<\/strong> \u00d6zellikle Orta Do\u011fu&#8217;daki sava\u015f, Gulfstream&#8217;in i\u015f jetlerine olan talebi ilk \u00e7eyrekte a\u015f\u0131nd\u0131rarak, G280 modelinin \u00fcretimini de sekteye u\u011fratt\u0131. Zira bu jetler, Gulfstream&#8217;in orta\u011f\u0131 olan Israel Aerospace Industries (IAI) taraf\u0131ndan \u0130srail&#8217;de monte ediliyor.<\/p>\n<h2>\u00c7at\u0131\u015fman\u0131n \u0130\u015f D\u00fcnyas\u0131na Etkileri: Minimal Ancak Y\u0131k\u0131c\u0131<\/h2>\n<p>Gulfstream&#8217;in ana \u015firketi General Dynamics&#8217;in 29 Nisan&#8217;daki ilk \u00e7eyrek kazan\u00e7 \u00e7a\u011fr\u0131s\u0131nda konu\u015fan y\u00f6neticiler, etkilerin nispeten minimal oldu\u011funu belirtse de, ba\u015flang\u0131\u00e7ta muhte\u015fem bir \u00e7eyrek olarak g\u00f6r\u00fcnen d\u00f6nemi sekteye u\u011fratt\u0131\u011f\u0131n\u0131 vurgulad\u0131.<\/p>\n<blockquote>\n<p>General Dynamics Ba\u015fkan\u0131 Danny Deep, &#8220;Sipari\u015f a\u00e7\u0131s\u0131ndan muhte\u015fem bir \u00e7eyrek ge\u00e7iriyorduk&#8230; Ancak \u00e7at\u0131\u015fma \u015fekillenmeye ba\u015flad\u0131\u011f\u0131nda, Orta Do\u011fu&#8217;daki sipari\u015f al\u0131m\u0131nda bir yava\u015flama g\u00f6rd\u00fck&#8221; ifadelerini kulland\u0131 ve &#8220;m\u00fc\u015fterilerden gelen baz\u0131 temkinli endi\u015feleri&#8221; de dile getirdi.<\/p>\n<\/blockquote>\n<p>Savannah merkezli Gulfstream ve havac\u0131l\u0131k hizmetleri sa\u011flay\u0131c\u0131s\u0131 Jet Aviation&#8217;\u0131 b\u00fcnyesinde bar\u0131nd\u0131ran General Dynamics&#8217;in havac\u0131l\u0131k i\u015f kolu, ge\u00e7en \u00e7eyrekte 3.8 milyar dolarl\u0131k yeni sipari\u015f ald\u0131. Bu rakam bir \u00f6nceki aya g\u00f6re %25 d\u00fc\u015f\u00fc\u015f g\u00f6sterse de, 2025&#8217;in ayn\u0131 d\u00f6nemine g\u00f6re hala art\u0131\u015f kaydetti. \u0130\u015f kolu, ilk \u00e7eyrekte 493 milyon dolar i\u015fletme kar\u0131 elde ederek y\u0131ll\u0131k bazda %14&#8217;l\u00fck bir art\u0131\u015f g\u00f6sterdi.<\/p>\n<h2>Tedarik Zinciri ve \u00dcretimdeki Aksakl\u0131klar<\/h2>\n<p>Deep, IAI&#8217;nin Tel Aviv&#8217;deki G280 montaj\u0131n\u0131 etkileyen tedarik zinciri aksakl\u0131klar\u0131na dikkat \u00e7ekti. Montaj sonras\u0131 bu jetler, Teksas&#8217;taki Gulfstream tesislerinde tamamlanmak \u00fczere u\u00e7uruluyor. IAI ayn\u0131 zamanda Gulfstream&#8217;in G280&#8217;in halefi olan G300 i\u00e7in de montaj orta\u011f\u0131 konumunda.<\/p>\n<blockquote>\n<p>Deep, &#8220;Tedarik taraf\u0131nda, tahmin edebilece\u011finiz gibi, [Orta Do\u011fu&#8217;dan] ald\u0131\u011f\u0131m\u0131z baz\u0131 \u015feyler etkileniyor ve bu ger\u00e7ekten bir i\u015f g\u00fcc\u00fc sorunu&#8221; diye ekledi. &#8220;Bu durum ne kadar uzun s\u00fcrerse, k\u00fc\u00e7\u00fck bir etki g\u00f6rebiliriz. Onlar hala bu u\u00e7aklar\u0131 \u00fcretiyorlar, bizim tamamlamam\u0131z i\u00e7in haz\u0131r bekliyorlar.&#8221;<\/p>\n<\/blockquote>\n<p>Gulfstream, ilk \u00e7eyrekte ge\u00e7en y\u0131l\u0131n ayn\u0131 d\u00f6nemine g\u00f6re iki fazla olmak \u00fczere 38 u\u00e7ak teslim etti. Teslimatlar aras\u0131nda 31 geni\u015f kabinli jet ve G280&#8217;i i\u00e7eren yedi orta kabinli u\u00e7ak bulunuyordu. Deep, Gulfstream&#8217;in ge\u00e7en \u00e7eyrekte teslim etti\u011fi t\u00fcm G280&#8217;lerin \u00e7at\u0131\u015fma ba\u015flamadan \u00f6nce \u00fcretilmi\u015f ve envanterinde bulundu\u011funu belirtti.<\/p>\n<h2>B\u00f6lgesel Gerilimin G\u00f6lgesinde Ticari Faaliyetler<\/h2>\n<p>B\u00f6lgedeki gerilimin t\u0131rmanmas\u0131yla birlikte, \u00f6zellikle ABD ve \u0130srail&#8217;in 28 \u015eubat&#8217;ta \u0130ran&#8217;a y\u00f6nelik sald\u0131r\u0131lar\u0131 ve \u0130srail&#8217;in L\u00fcbnan&#8217;da Hizbullah ile s\u00fcregelen \u00e7at\u0131\u015fmalar\u0131, ticari faaliyetler \u00fczerinde derin etkiler yaratm\u0131\u015ft\u0131r. Bu durum, k\u00fcresel tedarik zincirlerinin k\u0131r\u0131lganl\u0131\u011f\u0131n\u0131 ve b\u00f6lgesel istikrars\u0131zl\u0131\u011f\u0131n ekonomik yans\u0131malar\u0131n\u0131 bir kez daha g\u00f6zler \u00f6n\u00fcne sermi\u015ftir.<\/p>\n<\/article>\n<p>    <\/main><\/p>\n<footer>\n<p>#Gulfstream #\u0130\u015fJeti #OrtaDo\u011fu\u00c7at\u0131\u015fmas\u0131 #Ekonomi #Havac\u0131l\u0131k #TedarikZinciri #GeneralDynamics #G280 #\u0130srail #Ticaret<\/p>\n<\/footer>\n","protected":false},"excerpt":{"rendered":"<p>Orta Do\u011fu \u00c7at\u0131\u015fmas\u0131 Gulfstream&#8217;in \u0130vmesini Yava\u015flatt\u0131: \u0130\u015f Jetleri Pazar\u0131nda Endi\u015fe H\u00e2kim B\u00f6lgedeki artan gerilim ve devam eden \u00e7at\u0131\u015fmalar, i\u015f jeti al\u0131c\u0131lar\u0131n\u0131 temkinli bir bekleyi\u015fe s\u00fcr\u00fcklerken, bu durum Gulfstream gibi sekt\u00f6r devlerinin momentumunu da olumsuz etkiledi. \u00d6zellikle Orta Do\u011fu&#8217;daki sava\u015f, Gulfstream&#8217;in i\u015f jetlerine olan talebi ilk \u00e7eyrekte a\u015f\u0131nd\u0131rarak, G280 modelinin \u00fcretimini de sekteye u\u011fratt\u0131. Zira bu [&hellip;]<\/p>\n","protected":false},"author":2,"featured_media":13256,"comment_status":"open","ping_status":"open","sticky":false,"template":"","format":"standard","meta":{"footnotes":""},"categories":[37],"tags":[],"class_list":["post-13255","post","type-post","status-publish","format-standard","has-post-thumbnail","hentry","category-orta-dogu-haberleri"],"_links":{"self":[{"href":"https:\/\/fajr.news\/index.php?rest_route=\/wp\/v2\/posts\/13255","targetHints":{"allow":["GET"]}}],"collection":[{"href":"https:\/\/fajr.news\/index.php?rest_route=\/wp\/v2\/posts"}],"about":[{"href":"https:\/\/fajr.news\/index.php?rest_route=\/wp\/v2\/types\/post"}],"author":[{"embeddable":true,"href":"https:\/\/fajr.news\/index.php?rest_route=\/wp\/v2\/users\/2"}],"replies":[{"embeddable":true,"href":"https:\/\/fajr.news\/index.php?rest_route=%2Fwp%2Fv2%2Fcomments&post=13255"}],"version-history":[{"count":0,"href":"https:\/\/fajr.news\/index.php?rest_route=\/wp\/v2\/posts\/13255\/revisions"}],"wp:featuredmedia":[{"embeddable":true,"href":"https:\/\/fajr.news\/index.php?rest_route=\/wp\/v2\/media\/13256"}],"wp:attachment":[{"href":"https:\/\/fajr.news\/index.php?rest_route=%2Fwp%2Fv2%2Fmedia&parent=13255"}],"wp:term":[{"taxonomy":"category","embeddable":true,"href":"https:\/\/fajr.news\/index.php?rest_route=%2Fwp%2Fv2%2Fcategories&post=13255"},{"taxonomy":"post_tag","embeddable":true,"href":"https:\/\/fajr.news\/index.php?rest_route=%2Fwp%2Fv2%2Ftags&post=13255"}],"curies":[{"name":"wp","href":"https:\/\/api.w.org\/{rel}","templated":true}]}}