{"id":13223,"date":"2026-04-30T07:09:20","date_gmt":"2026-04-30T03:39:20","guid":{"rendered":"https:\/\/fajr.news\/?p=13223"},"modified":"2026-04-30T07:09:20","modified_gmt":"2026-04-30T03:39:20","slug":"orta-dogu-gerilimi-golgesinde-fed-faizleri-sabit-tuttu-kuresel-ekonomide-belirsizlikler-artiyor","status":"publish","type":"post","link":"https:\/\/fajr.news\/?p=13223&lang=tr","title":{"rendered":"Orta Do\u011fu Gerilimi G\u00f6lgesinde Fed Faizleri Sabit Tuttu: K\u00fcresel Ekonomide Belirsizlikler Art\u0131yor"},"content":{"rendered":"<p>Amerika Birle\u015fik Devletleri Merkez Bankas\u0131 (Fed), \u00c7ar\u015famba g\u00fcn\u00fc yap\u0131lan Nisan FOMC toplant\u0131s\u0131nda faiz oranlar\u0131n\u0131 sabit tutma karar\u0131 ald\u0131. Bu karar, Fed Ba\u015fkan\u0131 Jerome Powell&#8217;\u0131n ABD merkez bankas\u0131n\u0131n ba\u015f\u0131ndaki son toplant\u0131s\u0131 olma ihtimali ta\u015f\u0131yor.<\/p>\n<h2>Fed&#8217;in B\u00f6l\u00fcnm\u00fc\u015f Karar\u0131 ve \u0130\u00e7 Tart\u0131\u015fmalar<\/h2>\n<p>Fed&#8217;in bu karar\u0131, banka i\u00e7inde \u00f6nemli bir b\u00f6l\u00fcnm\u00fc\u015fl\u00fc\u011fe i\u015faret ediyor. Yahoo Finance K\u0131demli Fed Muhabiri Jennifer Schonberger&#8217;\u0131n aktard\u0131\u011f\u0131 detaylara g\u00f6re, d\u00f6rt \u00fcye karara muhalefet etti. Bu muhalif \u00fcyelerden biri olan Fed Y\u00f6neticisi Steven Myron, \u00e7eyrek puanl\u0131k bir faiz indirimi yap\u0131lmas\u0131n\u0131 tercih ederken, Cleveland Fed Ba\u015fkan\u0131 Beth Hammock, Minneapolis Fed Ba\u015fkan\u0131 Neil Kashkari ve Dallas Fed Ba\u015fkan\u0131 Lori Logan, faizlerin sabit kalmas\u0131n\u0131 desteklemekle birlikte, politika a\u00e7\u0131klamas\u0131nda &#8220;gev\u015feme yanl\u0131s\u0131&#8221; bir dilin korunmas\u0131na itiraz ettiler.<\/p>\n<p>Bu durum, Fed&#8217;in para politikas\u0131 gelece\u011fi konusunda i\u00e7sel bir fikir ayr\u0131l\u0131\u011f\u0131 ya\u015fad\u0131\u011f\u0131n\u0131 g\u00f6zler \u00f6n\u00fcne seriyor. Muhalif \u00fcyeler, politika metninde yer alan &#8220;Fed fon oran\u0131nda ek ayarlamalar\u0131n kapsam\u0131 ve zamanlamas\u0131 de\u011ferlendirilirken, komitenin gelen verileri, geli\u015fen g\u00f6r\u00fcn\u00fcm\u00fc ve risk dengesini dikkatle de\u011ferlendirece\u011fi&#8221; ifadesinin bir gev\u015feme yanl\u0131l\u0131\u011f\u0131 ta\u015f\u0131d\u0131\u011f\u0131n\u0131 ve bunun de\u011fi\u015ftirilmesi gerekti\u011fini savundular. Onlara g\u00f6re, bu dil, faiz art\u0131r\u0131m\u0131 olas\u0131l\u0131\u011f\u0131n\u0131n da faiz indirimi olas\u0131l\u0131\u011f\u0131 kadar g\u00fc\u00e7l\u00fc oldu\u011funu yans\u0131tmal\u0131yd\u0131.<\/p>\n<h2>Orta Do\u011fu Gerilimi ve Ekonomik Belirsizlikler<\/h2>\n<p>Fed yetkilileri, karar metninde <strong>Orta Do\u011fu&#8217;daki \u00e7at\u0131\u015fmalarla<\/strong> ilgili belirsizlikleri de a\u00e7\u0131k\u00e7a dile getirdi. Bu \u00e7at\u0131\u015fmalar\u0131n, \u00f6zellikle artan petrol fiyatlar\u0131 arac\u0131l\u0131\u011f\u0131yla enflasyonun y\u00fcksek seyretmesinde etkili oldu\u011fu belirtildi. Ayr\u0131ca, Orta Do\u011fu&#8217;daki gerilimin, k\u00fcresel ekonomik g\u00f6r\u00fcn\u00fcm \u00fczerindeki belirsizlik seviyesini &#8220;olduk\u00e7a y\u00fcksek&#8221; bir d\u00fczeye \u00e7\u0131kard\u0131\u011f\u0131 vurguland\u0131. Bu durum, b\u00f6lgesel istikrars\u0131zl\u0131klar\u0131n k\u00fcresel ekonomiler \u00fczerindeki derin etkisini bir kez daha ortaya koyuyor.<\/p>\n<p>\u00d6te yandan, Senato Bankac\u0131l\u0131k Komitesi, Kevin Warsh&#8217;\u0131n Fed&#8217;in bir sonraki ba\u015fkan\u0131 olarak adayl\u0131\u011f\u0131n\u0131 onaylamak \u00fczere oy kulland\u0131 ve bu oylamay\u0131 bir sonraki ad\u0131m olarak Senato&#8217;nun tamam\u0131na ta\u015f\u0131d\u0131.<\/p>\n<p>Muhalif \u00fcyeler, petrol fiyatlar\u0131n\u0131n enflasyon i\u00e7in bir tehdit olu\u015fturdu\u011fu mevcut durumda, Fed&#8217;in piyasalara gerekirse faiz art\u0131r\u0131m\u0131 yapabilece\u011fi sinyalini vermesi gerekti\u011fine inan\u0131yorlar. Onlara g\u00f6re, piyasa kat\u0131l\u0131mc\u0131lar\u0131 bu durumu sadece bekleyip sonunda faiz indirimlerinin gelece\u011fi \u015feklinde alg\u0131lamamal\u0131d\u0131r. Bu, Fed&#8217;in gelecekteki ad\u0131mlar\u0131 konusunda daha temkinli ve esnek bir duru\u015f sergilemesi gerekti\u011fi y\u00f6n\u00fcndeki bir uyar\u0131 olarak yorumlanabilir.<\/p>\n<p>#Fed #FaizKarar\u0131 #MerkezBankas\u0131 #OrtaDo\u011fu #Ekonomi #K\u00fcreselEkonomi #Enflasyon #PetrolFiyatlar\u0131 #JeromePowell #ABD<\/p>\n","protected":false},"excerpt":{"rendered":"<p>Amerika Birle\u015fik Devletleri Merkez Bankas\u0131 (Fed), \u00c7ar\u015famba g\u00fcn\u00fc yap\u0131lan Nisan FOMC toplant\u0131s\u0131nda faiz oranlar\u0131n\u0131 sabit tutma karar\u0131 ald\u0131. Bu karar, Fed Ba\u015fkan\u0131 Jerome Powell&#8217;\u0131n ABD merkez bankas\u0131n\u0131n ba\u015f\u0131ndaki son toplant\u0131s\u0131 olma ihtimali ta\u015f\u0131yor. Fed&#8217;in B\u00f6l\u00fcnm\u00fc\u015f Karar\u0131 ve \u0130\u00e7 Tart\u0131\u015fmalar Fed&#8217;in bu karar\u0131, banka i\u00e7inde \u00f6nemli bir b\u00f6l\u00fcnm\u00fc\u015fl\u00fc\u011fe i\u015faret ediyor. Yahoo Finance K\u0131demli Fed Muhabiri Jennifer [&hellip;]<\/p>\n","protected":false},"author":2,"featured_media":13224,"comment_status":"open","ping_status":"open","sticky":false,"template":"","format":"standard","meta":{"footnotes":""},"categories":[37],"tags":[],"class_list":["post-13223","post","type-post","status-publish","format-standard","has-post-thumbnail","hentry","category-orta-dogu-haberleri"],"_links":{"self":[{"href":"https:\/\/fajr.news\/index.php?rest_route=\/wp\/v2\/posts\/13223","targetHints":{"allow":["GET"]}}],"collection":[{"href":"https:\/\/fajr.news\/index.php?rest_route=\/wp\/v2\/posts"}],"about":[{"href":"https:\/\/fajr.news\/index.php?rest_route=\/wp\/v2\/types\/post"}],"author":[{"embeddable":true,"href":"https:\/\/fajr.news\/index.php?rest_route=\/wp\/v2\/users\/2"}],"replies":[{"embeddable":true,"href":"https:\/\/fajr.news\/index.php?rest_route=%2Fwp%2Fv2%2Fcomments&post=13223"}],"version-history":[{"count":0,"href":"https:\/\/fajr.news\/index.php?rest_route=\/wp\/v2\/posts\/13223\/revisions"}],"wp:featuredmedia":[{"embeddable":true,"href":"https:\/\/fajr.news\/index.php?rest_route=\/wp\/v2\/media\/13224"}],"wp:attachment":[{"href":"https:\/\/fajr.news\/index.php?rest_route=%2Fwp%2Fv2%2Fmedia&parent=13223"}],"wp:term":[{"taxonomy":"category","embeddable":true,"href":"https:\/\/fajr.news\/index.php?rest_route=%2Fwp%2Fv2%2Fcategories&post=13223"},{"taxonomy":"post_tag","embeddable":true,"href":"https:\/\/fajr.news\/index.php?rest_route=%2Fwp%2Fv2%2Ftags&post=13223"}],"curies":[{"name":"wp","href":"https:\/\/api.w.org\/{rel}","templated":true}]}}