{"id":13199,"date":"2026-04-30T06:34:29","date_gmt":"2026-04-30T03:04:29","guid":{"rendered":"https:\/\/fajr.news\/?p=13199"},"modified":"2026-04-30T06:34:29","modified_gmt":"2026-04-30T03:04:29","slug":"hegseth-iran-savasinin-cikmaz-oldugu-iddialarini-reddetti-abdye-maliyeti-25-milyar-dolara-ulasti","status":"publish","type":"post","link":"https:\/\/fajr.news\/?p=13199&lang=tr","title":{"rendered":"Hegseth, \u0130ran Sava\u015f\u0131&#8217;n\u0131n &#8216;\u00c7\u0131kmaz&#8217; Oldu\u011fu \u0130ddialar\u0131n\u0131 Reddetti: ABD&#8217;ye Maliyeti 25 Milyar Dolara Ula\u015ft\u0131"},"content":{"rendered":"<p>Savunma Bakan\u0131 Temsilciler Meclisi&#8217;nde ifade verirken, Trump yapay zeka taraf\u0131ndan olu\u015fturulmu\u015f, elinde silah olan bir foto\u011fraf\u0131n\u0131 &#8220;ARTIK \u0130Y\u0130 ADAM YOK&#8221; ba\u015fl\u0131\u011f\u0131yla payla\u015ft\u0131.<\/p>\n<p>Pentagon&#8217;un ABD&#8217;ye maliyetinin en az 25 milyar dolar oldu\u011funu tahmin etti\u011fi ABD-\u0130srail&#8217;in \u0130ran&#8217;a kar\u015f\u0131 sava\u015f\u0131n\u0131n &#8220;bir \u00e7\u0131kmaz&#8221; oldu\u011funu reddeden Pete Hegseth, operasyonun ele\u015ftirmenlerinin ABD i\u00e7in \u0130ran&#8217;dan daha b\u00fcy\u00fck bir tehdit olu\u015fturdu\u011funu iddia etti.<\/p>\n<p>Hegseth, \u00c7ar\u015famba g\u00fcn\u00fc Genelkurmay Ba\u015fkan\u0131 General Dan Caine ile birlikte Temsilciler Meclisi Silahl\u0131 Hizmetler Komitesi \u00f6n\u00fcnde uzun s\u00fcren bir duru\u015fmada ifade verirken, Washington&#8217;\u0131n \u00e7at\u0131\u015fma stratejisini a\u00e7\u0131klamas\u0131 i\u00e7in bask\u0131 alt\u0131na al\u0131nd\u0131. ABD Savunma Bakan\u0131, milletvekillerinden 1,5 trilyon dolarl\u0131k askeri harcamay\u0131 onaylamalar\u0131n\u0131 istedi ve ard\u0131ndan baz\u0131 milletvekillerini sava\u015f \u00e7abalar\u0131 i\u00e7in &#8220;en b\u00fcy\u00fck zorluk&#8221; olarak nitelendirdi.<\/p>\n<p>&#8220;\u015eu anda kar\u015f\u0131 kar\u015f\u0131ya oldu\u011fumuz en b\u00fcy\u00fck d\u00fc\u015fman, Kongre&#8217;deki Demokratlar\u0131n ve baz\u0131 Cumhuriyet\u00e7ilerin pervas\u0131z, etkisiz ve yenilgiye yol a\u00e7an s\u00f6zleridir,&#8221; diye belirtti. Bu a\u00e7\u0131klamalar komiteye sunulan haz\u0131rl\u0131kl\u0131 bir bildiride yer almad\u0131.<\/p>\n<p>Sava\u015f\u0131n maliyeti artmaya devam ediyor: Pentagon&#8217;un ba\u015f mali yetkilisi Jules Hurst III, komiteye ABD i\u00e7in tahmini maliyetin 25 milyar dolar oldu\u011funu ve \u00e7o\u011funlukla m\u00fchimmat, operasyonlar, bak\u0131m ve ekipman de\u011fi\u015fimi dahil olmak \u00fczere artmaya devam etti\u011fini s\u00f6yledi.<\/p>\n<p>Donald Trump&#8217;\u0131n d\u00f6rt ila alt\u0131 hafta s\u00fcrece\u011fini tahmin etti\u011fi bir \u00e7at\u0131\u015fman\u0131n iki ay\u0131 geride kal\u0131rken, Hegseth, ABD&#8217;nin Vietnam, Irak ve Afganistan&#8217;daki uzun ve ac\u0131 verici konu\u015fland\u0131rmalar\u0131n\u0131 \u2013 kendisinin de \u015fiddetle ele\u015ftirdi\u011fi sava\u015flar\u0131 \u2013 dayan\u0131kl\u0131l\u0131k i\u00e7in bir \u00f6l\u00e7\u00fct olarak g\u00f6sterdi. \u0130ran&#8217;a kar\u015f\u0131 sava\u015f\u0131n &#8220;Amerikan halk\u0131n\u0131n g\u00fcvenli\u011fi i\u00e7in varolu\u015fsal bir m\u00fccadele&#8221; oldu\u011funu ve y\u00f6netimin &#8220;bu giri\u015fimden gurur duydu\u011funu&#8221; s\u00f6yledi.<\/p>\n<p>Koridorlardan protestocular\u0131n sloganlar\u0131 y\u00fckseldi, Hegseth ve Caine&#8217;i sava\u015f su\u00e7lusu olarak nitelendirdiler. \u00c7ok say\u0131da vatanda\u015f duru\u015fmaya kabul edilmekte zorland\u0131.<\/p>\n<p>Trump, \u00c7ar\u015famba g\u00fcn\u00fc sosyal medyada patlamalar\u0131n ortas\u0131nda silah tutan, yapay zeka taraf\u0131ndan olu\u015fturulmu\u015f bir foto\u011fraf\u0131n\u0131 &#8220;ARTIK \u0130Y\u0130 ADAM YOK&#8221; ba\u015fl\u0131\u011f\u0131yla payla\u015ft\u0131 ve \u0130ran&#8217;\u0131n &#8220;yak\u0131nda ak\u0131llanmas\u0131 iyi olur&#8221; diye yazd\u0131. Ayr\u0131ca Axios haber sitesine, bir anla\u015fmaya var\u0131lana kadar \u0130ran&#8217;\u0131 deniz ablukas\u0131 alt\u0131nda tutmaya haz\u0131r oldu\u011funu belirterek, uzun s\u00fcreli bir \u00e7at\u0131\u015fma olas\u0131l\u0131\u011f\u0131n\u0131 art\u0131rd\u0131.<\/p>\n<p>Kaliforniya Demokrat\u0131 John Garamendi&#8217;ye s\u00f6z verildi\u011finde tansiyon y\u00fckseldi; Garamendi, &#8220;her d\u00fczeyde siyasi ve ekonomik felakete&#8221; yol a\u00e7t\u0131\u011f\u0131n\u0131 savundu\u011fu &#8220;\u015fa\u015f\u0131rt\u0131c\u0131 beceriksizlik&#8221; nedeniyle Hegseth&#8217;i sert bir \u015fekilde ele\u015ftirdi.<\/p>\n<p>Garamendi, &#8220;Ba\u015fkan, kendisini ve Amerika&#8217;y\u0131 Orta Do\u011fu&#8217;da ba\u015fka bir sava\u015f\u0131n \u00e7\u0131kmaz\u0131na soktu,&#8221; dedi. &#8220;Kendi hatalar\u0131ndan kurtulmak i\u00e7in \u00e7aresizce \u00e7abal\u0131yor; bunda ba\u015far\u0131l\u0131 olmas\u0131 Amerika&#8217;n\u0131n ve asl\u0131nda d\u00fcnyan\u0131n \u00e7\u0131kar\u0131nad\u0131r.&#8221;<\/p>\n<p>Hegseth, \u00f6zellikle Orta Do\u011fu&#8217;daki ba\u015fka bir \u00e7\u0131kmaz\u0131n an\u0131lmas\u0131yla bu a\u00e7\u0131klamadan \u00f6fkelendi ve konu\u015fmas\u0131 nedeniyle kongre \u00fcyesine sald\u0131rd\u0131.<\/p>\n<p>Hegseth, &#8220;Burada kimi alk\u0131\u015fl\u0131yorsunuz? Kimin taraf\u0131n\u0131 tutuyorsunuz?&#8221; diye kar\u015f\u0131l\u0131k verdi. &#8220;Ba\u015fkan Trump&#8217;a olan nefretiniz, bu g\u00f6revin ba\u015far\u0131s\u0131n\u0131n ger\u00e7e\u011fine ve ba\u015fkan\u0131n Amerikan halk\u0131n\u0131n destekledi\u011fi tarihi risklere kar\u015f\u0131 sizi k\u00f6r ediyor.&#8221;<\/p>\n<p>Ekledi: &#8220;Buna bir \u00e7\u0131kmaz diyerek d\u00fc\u015fmanlar\u0131m\u0131za propaganda m\u0131 yap\u0131yorsunuz? Bu a\u00e7\u0131klaman\u0131zdan utanmal\u0131s\u0131n\u0131z.&#8221;<\/p>\n<p>Hegseth, Trump&#8217;\u0131n &#8220;[\u0130ran&#8217;a] g\u00f6zda\u011f\u0131 verdi\u011fini&#8221; ve \u015fimdi &#8220;herkesten daha iyi bir anla\u015fma yapaca\u011f\u0131n\u0131 ve \u0130ran&#8217;\u0131n asla n\u00fckleer silaha sahip olmamas\u0131n\u0131 sa\u011flayaca\u011f\u0131n\u0131&#8221; iddia etti.<\/p>\n<p>Komite ba\u015fkan\u0131 Cumhuriyet\u00e7i Mike Rogers oturumu a\u00e7t\u0131\u011f\u0131nda, y\u00f6netimin b\u00fct\u00e7e teklifini zaten destekledi\u011fini belirtti. Rogers, &#8220;T\u00fcm d\u00fc\u015fmanlar\u0131m\u0131z GSY\u0130H&#8217;lerinin savunmaya bizden daha fazlas\u0131n\u0131 harc\u0131yor,&#8221; dedi ve 1,5 trilyon dolarl\u0131k rakam\u0131 &#8220;Amerikan cayd\u0131r\u0131c\u0131l\u0131\u011f\u0131n\u0131n ger\u00e7ek maliyetini kar\u015f\u0131layan&#8221; bir miktar olarak nitelendirdi. Hegseth, b\u00fct\u00e7enin &#8220;tarihi bir asker maa\u015f\u0131 art\u0131\u015f\u0131 \u2013 alt r\u00fctbeliler i\u00e7in %7&#8221; i\u00e7erdi\u011fini s\u00f6yledi.<\/p>\n<p>Washington&#8217;dan k\u0131demli Demokrat Adam Smith ise, %50-60&#8217;l\u0131k harcama art\u0131\u015f\u0131n\u0131n sorumlu bir \u015fekilde y\u00f6netilip y\u00f6netilmeyece\u011fini sorgulad\u0131 \u2013 &#8220;Buna \u015f\u00fcphe duymak i\u00e7in her t\u00fcrl\u00fc nedenimiz var,&#8221; dedi \u2013 ve sava\u015f\u0131n y\u00fcr\u00fct\u00fcld\u00fc\u011f\u00fc diplomatik izolasyon konusunda y\u00f6netime meydan okudu.<\/p>\n<p>Smith, &#8220;T\u00fcm m\u00fcttefiklerimizi giderek uzakla\u015ft\u0131r\u0131rken, bazen sadece gereksiz yere hakaret ederken bunu tek ba\u015f\u0131m\u0131za yap\u0131yoruz,&#8221; dedi. &#8220;NATO&#8217;dan bize kat\u0131lmas\u0131n\u0131 istedi\u011fimiz bu sava\u015f\u0131n ortas\u0131nda, ba\u015fkan Fransa Cumhurba\u015fkan\u0131 Macron&#8217;a ve e\u015fine hakaret etmek i\u00e7in zaman buldu. Bu bize nas\u0131l yard\u0131mc\u0131 oluyor?&#8221;<\/p>\n<p>Smith ayr\u0131ca, ABD-\u0130srail ortak harekat\u0131n\u0131n ba\u015flang\u0131\u00e7 a\u015famas\u0131nda \u0130ran&#8217;\u0131n Minab \u015fehrindeki bir okula d\u00fczenlenen sald\u0131r\u0131y\u0131 da g\u00fcndeme getirdi; \u0130ranl\u0131 yetkililer bu sald\u0131r\u0131da \u00e7o\u011fu \u00e7ocuk olmak \u00fczere en az 168 ki\u015finin \u00f6ld\u00fc\u011f\u00fcn\u00fc belirtiyor. Pentagon o ilk g\u00fcnlerde sald\u0131r\u0131n\u0131n soru\u015fturuldu\u011funu s\u00f6ylemi\u015fti, ancak \u00c7ar\u015famba g\u00fcn\u00fcne kadar Hegseth ve Caine&#8217;den yemin alt\u0131nda bu konuya de\u011finmeleri istenmemi\u015fti.<\/p>\n<p>Kongre \u00dcyesi Smith, &#8220;Bir hata yapt\u0131k ve bu sava\u015fta olur,&#8221; dedi. &#8220;Olaydan iki ay sonra, d\u00fcnya \u00fczerinde umursamad\u0131\u011f\u0131m\u0131z izlenimini vererek bu konuda hi\u00e7bir \u015fey s\u00f6ylemeyi reddettik.&#8221;<\/p>\n<p>Duru\u015fman\u0131n ilerleyen dakikalar\u0131nda Hegseth ve Smith aras\u0131nda gergin bir tart\u0131\u015fma ya\u015fand\u0131; Hegseth, \u0130ran&#8217;\u0131n n\u00fckleer tesislerinin &#8220;yok edildi\u011fini&#8221; iddia etti.<\/p>\n<p>Smith, &#8220;Vay, vay, vay. Az \u00f6nce n\u00fckleer silah\u0131n yak\u0131n bir tehdit oldu\u011fu i\u00e7in bu sava\u015f\u0131 ba\u015flatmak zorunda oldu\u011fumuzu s\u00f6ylediniz. \u015eimdi tamamen yok edildi\u011fini mi s\u00f6yl\u00fcyorsunuz?&#8221; diye sordu. Hegseth, \u0130ran&#8217;\u0131n n\u00fckleer emellerinden vazge\u00e7medi\u011fini yan\u0131tlad\u0131\u011f\u0131nda, Smith \u0131srar etti: &#8220;Yani Gece \u00c7ekici Operasyonu esasl\u0131 hi\u00e7bir \u015fey ba\u015faramad\u0131 m\u0131?&#8221;<\/p>\n<p>Hegseth, &#8220;As\u0131l noktay\u0131 ka\u00e7\u0131r\u0131yorsunuz,&#8221; dedi.<\/p>\n<p>Saatler s\u00fcren duru\u015fma, tahmin edilebilir parti \u00e7izgileri boyunca b\u00f6l\u00fcnd\u00fc. Demokratlar, Hegseth&#8217;i artan yak\u0131t maliyetleri ve \u0130ran&#8217;\u0131n H\u00fcrm\u00fcz Bo\u011faz\u0131&#8217;n\u0131 kapatmas\u0131ndan kaynaklanan ekonomik hasar konusunda s\u0131k\u0131\u015ft\u0131rd\u0131lar; bunun Trump&#8217;\u0131n hane halk\u0131 faturalar\u0131n\u0131 d\u00fc\u015f\u00fcrme vaatleriyle do\u011frudan \u00e7eli\u015fti\u011fini savundular.<\/p>\n<p>Hegseth, sorular\u0131 do\u011frudan yan\u0131tlamadan s\u00fcrekli kar\u015f\u0131l\u0131k verdi. &#8220;\u0130ran&#8217;\u0131n kullanabilece\u011fi bir n\u00fckleer silaha sahip olmas\u0131n\u0131n maliyeti nedir?&#8221; dedi.<\/p>\n<p>Ancak Cumhuriyet\u00e7iler b\u00fcy\u00fck \u00f6l\u00e7\u00fcde destekleyiciydi. Mart sonunda sava\u015f\u0131n gerek\u00e7esini kamuoyu \u00f6n\u00fcnde sorgulam\u0131\u015f olan Nancy Mace, Hegseth&#8217;e &#8220;bug\u00fcn bulundu\u011fumuz noktadan etkilendi\u011fini&#8221; ve &#8220;t\u00fcm beklentilerini a\u015ft\u0131\u011f\u0131n\u0131&#8221; s\u00f6yledi.<\/p>\n<p>Yine de genel tablo bir \u00e7\u0131kmazda. K\u0131r\u0131lgan bir ate\u015fkes y\u00fcr\u00fcrl\u00fckte, ancak yirmi y\u0131l\u0131 a\u015fk\u0131n s\u00fcredir ilk kez \u00fc\u00e7 ABD u\u00e7ak gemisi Orta Do\u011fu&#8217;da kalmaya devam ediyor ve Trump \u00c7ar\u015famba g\u00fcn\u00fc, ABD deniz ablukas\u0131n\u0131n kald\u0131r\u0131lmas\u0131 kar\u015f\u0131l\u0131\u011f\u0131nda \u0130ran&#8217;\u0131n bo\u011faz\u0131 yeniden a\u00e7ma teklifini reddetti\u011fini s\u00f6yledi. Demokratlar, ba\u015fkan\u0131 kongre onay\u0131n\u0131 almaya zorlayacak sava\u015f yetkileri kararlar\u0131n\u0131 ge\u00e7irmekte defalarca ba\u015far\u0131s\u0131z oldular ve Cumhuriyet\u00e7iler \u015fimdilik Trump&#8217;\u0131 desteklediklerini s\u00f6yleseler de, baz\u0131lar\u0131 bu pozisyonu s\u00fcrd\u00fcrmenin zorla\u015faca\u011f\u0131 an\u0131 sessizce bekliyor.<\/p>\n<p>Hegseth&#8217;in a\u00e7\u0131l\u0131\u015f konu\u015fmalar\u0131ndan hemen \u00f6nce, Massachusetts Demokrat\u0131 Seth Moulton koridorda &#8220;bir s\u00fcr\u00fc sa\u00e7mal\u0131k duymay\u0131 bekledi\u011fini&#8221; s\u00f6yledi.<\/p>\n<p>Moulton, \u0130ran&#8217;la sava\u015f hakk\u0131nda &#8220;ger\u00e7e\u011fi s\u00f6ylemesini ger\u00e7ekten isterim&#8221; dedi.<\/p>\n<p>Hegseth ve Caine, Per\u015fembe g\u00fcn\u00fc Senato kar\u015f\u0131s\u0131na \u00e7\u0131kmak \u00fczere Capitol Hill&#8217;e geri d\u00f6necekler.<\/p>\n<p>#\u0130ranSava\u015f\u0131 #ABD\u0130ranGerilimi #PeteHegseth #DonaldTrump #Pentagon #OrtaDo\u011fu #Sava\u015fMaliyeti #KongreDuru\u015fmas\u0131 #H\u00fcrm\u00fczBo\u011faz\u0131 #N\u00fckleerSilahlar<\/p>\n","protected":false},"excerpt":{"rendered":"<p>Savunma Bakan\u0131 Temsilciler Meclisi&#8217;nde ifade verirken, Trump yapay zeka taraf\u0131ndan olu\u015fturulmu\u015f, elinde silah olan bir foto\u011fraf\u0131n\u0131 &#8220;ARTIK \u0130Y\u0130 ADAM YOK&#8221; ba\u015fl\u0131\u011f\u0131yla payla\u015ft\u0131. Pentagon&#8217;un ABD&#8217;ye maliyetinin en az 25 milyar dolar oldu\u011funu tahmin etti\u011fi ABD-\u0130srail&#8217;in \u0130ran&#8217;a kar\u015f\u0131 sava\u015f\u0131n\u0131n &#8220;bir \u00e7\u0131kmaz&#8221; oldu\u011funu reddeden Pete Hegseth, operasyonun ele\u015ftirmenlerinin ABD i\u00e7in \u0130ran&#8217;dan daha b\u00fcy\u00fck bir tehdit olu\u015fturdu\u011funu iddia etti. [&hellip;]<\/p>\n","protected":false},"author":2,"featured_media":13200,"comment_status":"open","ping_status":"open","sticky":false,"template":"","format":"standard","meta":{"footnotes":""},"categories":[31],"tags":[],"class_list":["post-13199","post","type-post","status-publish","format-standard","has-post-thumbnail","hentry","category-iran-haberleri"],"_links":{"self":[{"href":"https:\/\/fajr.news\/index.php?rest_route=\/wp\/v2\/posts\/13199","targetHints":{"allow":["GET"]}}],"collection":[{"href":"https:\/\/fajr.news\/index.php?rest_route=\/wp\/v2\/posts"}],"about":[{"href":"https:\/\/fajr.news\/index.php?rest_route=\/wp\/v2\/types\/post"}],"author":[{"embeddable":true,"href":"https:\/\/fajr.news\/index.php?rest_route=\/wp\/v2\/users\/2"}],"replies":[{"embeddable":true,"href":"https:\/\/fajr.news\/index.php?rest_route=%2Fwp%2Fv2%2Fcomments&post=13199"}],"version-history":[{"count":0,"href":"https:\/\/fajr.news\/index.php?rest_route=\/wp\/v2\/posts\/13199\/revisions"}],"wp:featuredmedia":[{"embeddable":true,"href":"https:\/\/fajr.news\/index.php?rest_route=\/wp\/v2\/media\/13200"}],"wp:attachment":[{"href":"https:\/\/fajr.news\/index.php?rest_route=%2Fwp%2Fv2%2Fmedia&parent=13199"}],"wp:term":[{"taxonomy":"category","embeddable":true,"href":"https:\/\/fajr.news\/index.php?rest_route=%2Fwp%2Fv2%2Fcategories&post=13199"},{"taxonomy":"post_tag","embeddable":true,"href":"https:\/\/fajr.news\/index.php?rest_route=%2Fwp%2Fv2%2Ftags&post=13199"}],"curies":[{"name":"wp","href":"https:\/\/api.w.org\/{rel}","templated":true}]}}