{"id":13191,"date":"2026-04-30T06:29:00","date_gmt":"2026-04-30T02:59:00","guid":{"rendered":"https:\/\/fajr.news\/?p=13191"},"modified":"2026-04-30T06:29:00","modified_gmt":"2026-04-30T02:59:00","slug":"orta-dogudaki-calkantilar-kuresel-ekonomik-gelecegi-belirsizlige-surukluyor","status":"publish","type":"post","link":"https:\/\/fajr.news\/?p=13191&lang=tr","title":{"rendered":"Orta Do\u011fu&#8217;daki \u00c7alkant\u0131lar K\u00fcresel Ekonomik Gelece\u011fi Belirsizli\u011fe S\u00fcr\u00fckl\u00fcyor"},"content":{"rendered":"<h1>Orta Do\u011fu&#8217;daki \u00c7alkant\u0131lar K\u00fcresel Ekonomik Gelece\u011fi Belirsizli\u011fe S\u00fcr\u00fckl\u00fcyor<\/h1>\n<p>Amerika Birle\u015fik Devletleri Merkez Bankas\u0131 (FED) Ba\u015fkan\u0131 Jerome Powell, Federal A\u00e7\u0131k Piyasa Komitesi (FOMC) toplant\u0131s\u0131n\u0131n ard\u0131ndan yapt\u0131\u011f\u0131 a\u00e7\u0131l\u0131\u015f konu\u015fmas\u0131nda, politika faiz oranlar\u0131n\u0131n de\u011fi\u015ftirilmemesi karar\u0131n\u0131 duyurdu. Ancak Powell&#8217;\u0131n a\u00e7\u0131klamalar\u0131n\u0131n ard\u0131nda, \u00f6zellikle Orta Do\u011fu&#8217;da ya\u015fanan <strong>yo\u011fun geli\u015fmelerin<\/strong> k\u00fcresel ekonomik g\u00f6r\u00fcn\u00fcm \u00fczerindeki derin belirsizli\u011fi vurgulamas\u0131 dikkat \u00e7ekti.<\/p>\n<h2>B\u00f6lgesel Gerilimler ve Ekonomik Yans\u0131malar\u0131<\/h2>\n<p>Orta Do\u011fu co\u011frafyas\u0131, uzun s\u00fcredir devam eden siyasi istikrars\u0131zl\u0131klar, \u00e7at\u0131\u015fmalar ve jeopolitik gerilimlerle an\u0131lmaktad\u0131r. Bu gerilimler, sadece b\u00f6lge \u00fclkelerini de\u011fil, ayn\u0131 zamanda k\u00fcresel enerji piyasalar\u0131n\u0131, ticaret yollar\u0131n\u0131 ve yat\u0131r\u0131m ortam\u0131n\u0131 da do\u011frudan etkilemektedir. FED Ba\u015fkan\u0131 Powell&#8217;\u0131n da i\u015faret etti\u011fi gibi, b\u00f6lgedeki her yeni geli\u015fme, uluslararas\u0131 piyasalarda <em>dalgalanmalara<\/em> yol a\u00e7arak ekonomik \u00f6ng\u00f6r\u00fclebilirli\u011fi azaltmaktad\u0131r.<\/p>\n<p>K\u00fcresel ekonominin k\u0131r\u0131lgan bir d\u00f6nemden ge\u00e7ti\u011fi bu s\u00fcre\u00e7te, Orta Do\u011fu&#8217;daki belirsizlikler, enflasyon bask\u0131lar\u0131n\u0131 art\u0131rma, tedarik zincirlerinde aksakl\u0131klar yaratma ve yat\u0131r\u0131mc\u0131 g\u00fcvenini sarsma potansiyeli ta\u015f\u0131maktad\u0131r. Bu durum, d\u00fcnya genelindeki merkez bankalar\u0131n\u0131 ve h\u00fck\u00fcmetleri, ekonomik istikrar\u0131 koruma ad\u0131na daha temkinli ad\u0131mlar atmaya zorlamaktad\u0131r.<\/p>\n<h2>Gelece\u011fe Y\u00f6nelik Beklentiler ve Riskler<\/h2>\n<p>Ekonomistler, Orta Do\u011fu&#8217;daki mevcut durumun, k\u00fcresel b\u00fcy\u00fcme tahminlerini a\u015fa\u011f\u0131 y\u00f6nl\u00fc revize etme riskini beraberinde getirdi\u011fini belirtiyor. \u00d6zellikle enerji fiyatlar\u0131ndaki olas\u0131 art\u0131\u015flar ve ticaret rotalar\u0131ndaki aksakl\u0131klar, d\u00fcnya ekonomisi i\u00e7in ciddi bir s\u0131nama olu\u015fturmaktad\u0131r. Bu ba\u011flamda, uluslararas\u0131 toplumun b\u00f6lgesel istikrara y\u00f6nelik \u00e7abalar\u0131, k\u00fcresel ekonomik sa\u011fl\u0131\u011f\u0131n korunmas\u0131 a\u00e7\u0131s\u0131ndan hayati \u00f6nem ta\u015f\u0131maktad\u0131r.<\/p>\n<p>FED&#8217;in faiz oranlar\u0131n\u0131 sabit tutma karar\u0131, bir yandan mevcut ekonomik verileri de\u011ferlendirme amac\u0131 ta\u015f\u0131rken, di\u011fer yandan da Orta Do\u011fu kaynakl\u0131 belirsizliklerin k\u00fcresel ekonomiye olas\u0131 etkilerini g\u00f6z \u00f6n\u00fcnde bulundurdu\u011funu g\u00f6stermektedir. Bu hassas denge, \u00f6n\u00fcm\u00fczdeki d\u00f6nemde d\u00fcnya ekonomisinin seyrini belirleyecek temel fakt\u00f6rlerden biri olacakt\u0131r.<\/p>\n<p>#OrtaDo\u011fu #K\u00fcreselEkonomi #EkonomikBelirsizlik #FED #JeromePowell #JeopolitikGerilimler #EnerjiPiyasalar\u0131 #Enflasyon #TicaretYollar\u0131 #Yat\u0131r\u0131mc\u0131G\u00fcveni<\/p>\n","protected":false},"excerpt":{"rendered":"<p>Orta Do\u011fu&#8217;daki \u00c7alkant\u0131lar K\u00fcresel Ekonomik Gelece\u011fi Belirsizli\u011fe S\u00fcr\u00fckl\u00fcyor Amerika Birle\u015fik Devletleri Merkez Bankas\u0131 (FED) Ba\u015fkan\u0131 Jerome Powell, Federal A\u00e7\u0131k Piyasa Komitesi (FOMC) toplant\u0131s\u0131n\u0131n ard\u0131ndan yapt\u0131\u011f\u0131 a\u00e7\u0131l\u0131\u015f konu\u015fmas\u0131nda, politika faiz oranlar\u0131n\u0131n de\u011fi\u015ftirilmemesi karar\u0131n\u0131 duyurdu. Ancak Powell&#8217;\u0131n a\u00e7\u0131klamalar\u0131n\u0131n ard\u0131nda, \u00f6zellikle Orta Do\u011fu&#8217;da ya\u015fanan yo\u011fun geli\u015fmelerin k\u00fcresel ekonomik g\u00f6r\u00fcn\u00fcm \u00fczerindeki derin belirsizli\u011fi vurgulamas\u0131 dikkat \u00e7ekti. B\u00f6lgesel Gerilimler ve [&hellip;]<\/p>\n","protected":false},"author":2,"featured_media":13192,"comment_status":"open","ping_status":"open","sticky":false,"template":"","format":"standard","meta":{"footnotes":""},"categories":[37],"tags":[],"class_list":["post-13191","post","type-post","status-publish","format-standard","has-post-thumbnail","hentry","category-orta-dogu-haberleri"],"_links":{"self":[{"href":"https:\/\/fajr.news\/index.php?rest_route=\/wp\/v2\/posts\/13191","targetHints":{"allow":["GET"]}}],"collection":[{"href":"https:\/\/fajr.news\/index.php?rest_route=\/wp\/v2\/posts"}],"about":[{"href":"https:\/\/fajr.news\/index.php?rest_route=\/wp\/v2\/types\/post"}],"author":[{"embeddable":true,"href":"https:\/\/fajr.news\/index.php?rest_route=\/wp\/v2\/users\/2"}],"replies":[{"embeddable":true,"href":"https:\/\/fajr.news\/index.php?rest_route=%2Fwp%2Fv2%2Fcomments&post=13191"}],"version-history":[{"count":0,"href":"https:\/\/fajr.news\/index.php?rest_route=\/wp\/v2\/posts\/13191\/revisions"}],"wp:featuredmedia":[{"embeddable":true,"href":"https:\/\/fajr.news\/index.php?rest_route=\/wp\/v2\/media\/13192"}],"wp:attachment":[{"href":"https:\/\/fajr.news\/index.php?rest_route=%2Fwp%2Fv2%2Fmedia&parent=13191"}],"wp:term":[{"taxonomy":"category","embeddable":true,"href":"https:\/\/fajr.news\/index.php?rest_route=%2Fwp%2Fv2%2Fcategories&post=13191"},{"taxonomy":"post_tag","embeddable":true,"href":"https:\/\/fajr.news\/index.php?rest_route=%2Fwp%2Fv2%2Ftags&post=13191"}],"curies":[{"name":"wp","href":"https:\/\/api.w.org\/{rel}","templated":true}]}}